{"id":3425,"date":"2014-05-17T00:49:02","date_gmt":"2014-05-16T23:49:02","guid":{"rendered":"https:\/\/www.preservons-la-nature.fr\/blog\/?p=3425"},"modified":"2014-05-08T07:51:45","modified_gmt":"2014-05-08T06:51:45","slug":"draba-dubia-suter-drave-douteuse","status":"publish","type":"post","link":"https:\/\/preservons-la-nature.fr\/blog\/?p=3425","title":{"rendered":"Draba dubia Suter ( Drave douteuse )"},"content":{"rendered":"<p><STRONG>Une fiche plus r&eacute;cente existe, vous pouvez la consulter <a href=\"https:\/\/www.preservons-la-nature.fr\/flore\/taxon\/7568.html\">ICI<\/a><\/STRONG><div id=\"attachment_3426\" style=\"width: 370px\" class=\"wp-caption aligncenter\"><a href=\"https:\/\/www.preservons-la-nature.fr\/blog\/wp-content\/uploads\/2014\/05\/DSC8303.jpg\"><img loading=\"lazy\" decoding=\"async\" aria-describedby=\"caption-attachment-3426\" class=\" wp-image-3426 \" title=\"Draba dubia Suter ( Drave douteuse )\" alt=\"Draba dubia Suter ( Drave douteuse )\" src=\"https:\/\/www.preservons-la-nature.fr\/blog\/wp-content\/uploads\/2014\/05\/DSC8303.jpg\" width=\"360\" height=\"540\" srcset=\"https:\/\/preservons-la-nature.fr\/blog\/wp-content\/uploads\/2014\/05\/DSC8303.jpg 400w, https:\/\/preservons-la-nature.fr\/blog\/wp-content\/uploads\/2014\/05\/DSC8303-200x300.jpg 200w\" sizes=\"auto, (max-width: 360px) 100vw, 360px\" \/><\/a><p id=\"caption-attachment-3426\" class=\"wp-caption-text\">Draba dubia Suter ( Drave douteuse )<\/p><\/div><\/p>\n<p><strong><span style=\"text-decoration: underline;\">Nom :<\/span><\/strong> <i>Draba dubia Suter<\/i> ( Drave douteuse )<\/p>\n<p><strong><span style=\"text-decoration: underline;\">Famille :<\/span><\/strong> BRASSICACEAE<\/p>\n<p><strong><span style=\"text-decoration: underline;\">Floraison :<\/span><\/strong> Juillet &#8211; Ao\u00fbt<\/p>\n<p><strong><span style=\"text-decoration: underline;\">Forme biologique :<\/span><\/strong><br \/>\nH\u00e9micryptophyte.<\/p>\n<p><strong><span style=\"text-decoration: underline;\">Description dans la flore de Coste :<\/span><\/strong><br \/>\nPlante vivace, 2 \u00e0 10 cm, \u00e0 tige nue ou portant quelques feuilles, tige parsem\u00e9e de rares poils \u00e9toil\u00e9s ; feuilles tomenteuses, \u00e0 poils \u00e9toil\u00e9s, p\u00e9tales blancs, p\u00e9dicelles couverts de poils \u00e9toil\u00e9s.<\/p>\n<div id=\"attachment_3427\" style=\"width: 650px\" class=\"wp-caption aligncenter\"><a href=\"https:\/\/www.preservons-la-nature.fr\/blog\/wp-content\/uploads\/2014\/05\/DSC05996.jpg\"><img loading=\"lazy\" decoding=\"async\" aria-describedby=\"caption-attachment-3427\" class=\"size-full wp-image-3427\" title=\"Draba dubia Suter ( Drave douteuse )\" alt=\"Draba dubia Suter ( Drave douteuse )\" src=\"https:\/\/www.preservons-la-nature.fr\/blog\/wp-content\/uploads\/2014\/05\/DSC05996.jpg\" width=\"640\" height=\"426\" srcset=\"https:\/\/preservons-la-nature.fr\/blog\/wp-content\/uploads\/2014\/05\/DSC05996.jpg 800w, https:\/\/preservons-la-nature.fr\/blog\/wp-content\/uploads\/2014\/05\/DSC05996-300x199.jpg 300w\" sizes=\"auto, (max-width: 640px) 100vw, 640px\" \/><\/a><p id=\"caption-attachment-3427\" class=\"wp-caption-text\">Draba dubia Suter ( Drave douteuse )<\/p><\/div>\n<p><strong><span style=\"text-decoration: underline;\">Pr\u00e9sent dans le(s) d\u00e9partement(s) suivant(s) :<\/span><\/strong><br \/>\nAlpes-de-Haute-Provence, Alpes-Maritimes, Ari\u00e8ge, Corse-du-Sud, Dr\u00f4me, Haute-Corse, Hautes-Alpes, Haute-Savoie, Hautes-Pyr\u00e9n\u00e9es, Is\u00e8re, Pyr\u00e9n\u00e9es-Atlantiques, Pyr\u00e9n\u00e9es-Orientales, Savoie.<\/p>\n<div id=\"attachment_3428\" style=\"width: 610px\" class=\"wp-caption aligncenter\"><a href=\"https:\/\/www.preservons-la-nature.fr\/blog\/?attachment_id=3428\" rel=\"attachment wp-att-3428\"><img loading=\"lazy\" decoding=\"async\" aria-describedby=\"caption-attachment-3428\" class=\"size-full wp-image-3428\" alt=\"R\u00e9partition de Draba dubia Suter ( Drave douteuse )\" src=\"https:\/\/www.preservons-la-nature.fr\/blog\/wp-content\/uploads\/2014\/05\/carte11.jpg\" width=\"600\" height=\"600\" srcset=\"https:\/\/preservons-la-nature.fr\/blog\/wp-content\/uploads\/2014\/05\/carte11.jpg 600w, https:\/\/preservons-la-nature.fr\/blog\/wp-content\/uploads\/2014\/05\/carte11-150x150.jpg 150w, https:\/\/preservons-la-nature.fr\/blog\/wp-content\/uploads\/2014\/05\/carte11-300x300.jpg 300w\" sizes=\"auto, (max-width: 600px) 100vw, 600px\" \/><\/a><p id=\"caption-attachment-3428\" class=\"wp-caption-text\">R\u00e9partition de Draba dubia Suter ( Drave douteuse )<\/p><\/div>\n<p><strong><span style=\"text-decoration: underline;\">Ecologie :<\/span><\/strong><br \/>\nElle est saxicole aussi bien sur des sols siliceux que calcaires. On la retrouve de l&rsquo;\u00e9tage montagnard \u00e0 alpin.<\/p>\n<p><strong><span style=\"text-decoration: underline;\">Phytosociologie :<\/span><i><\/i><\/strong><\/p>\n<table>\n<tbody>\n<tr>\n<td>Alliance<\/td>\n<td>Sous-ordre<\/td>\n<td>Ordre<\/td>\n<td>Classe<\/td>\n<\/tr>\n<tr>\n<td><strong>Androsacion vandellii<\/strong><\/td>\n<td><strong>Androsacenalia vandellii<\/strong><\/td>\n<td><strong>Androsacetalia vandellii<\/strong><\/td>\n<td><strong>Asplenietea trichomanis<\/strong><\/td>\n<\/tr>\n<tr>\n<td>Communaut\u00e9s des Alpes et des Pyr\u00e9n\u00e9es.<\/td>\n<td>Communaut\u00e9s subalpines et alpines.<\/td>\n<td>Communaut\u00e9s silicicoles.<\/td>\n<td>V\u00e9g\u00e9tation vivace non nitrophile des parois et des murs.<\/td>\n<\/tr>\n<\/tbody>\n<\/table>\n<table>\n<tbody>\n<tr>\n<td>Alliance<\/td>\n<td>Sous-ordre<\/td>\n<td>Ordre<\/td>\n<td>Classe<\/td>\n<\/tr>\n<tr>\n<td><strong>Asplenion septentrionalis<\/strong><\/td>\n<td><strong>Asplenienalia lanceolato-obovati<\/strong><\/td>\n<td><strong>Androsacetalia vandellii<\/strong><\/td>\n<td><strong>Asplenietea trichomanis<\/strong><\/td>\n<\/tr>\n<tr>\n<td>Communaut\u00e9s continentales collin\u00e9ennes et montagnardes (Vosges, Alpes&#8230;).<\/td>\n<td>Communaut\u00e9s collin\u00e9ennes \u00e0 montagnardes et supram\u00e9diterran\u00e9ennes.<\/td>\n<td>Communaut\u00e9s silicicoles.<\/td>\n<td>V\u00e9g\u00e9tation vivace non nitrophile des parois et des murs.<\/td>\n<\/tr>\n<\/tbody>\n<\/table>\n<table>\n<tbody>\n<tr>\n<td>Alliance<\/td>\n<td>Ordre<\/td>\n<td>Classe<\/td>\n<\/tr>\n<tr>\n<td><strong>Potentillion caulescentis<\/strong><\/td>\n<td><strong>Potentilletalia caulescentis<\/strong><\/td>\n<td><strong>Asplenietea trichomanis<\/strong><\/td>\n<\/tr>\n<tr>\n<td>Communaut\u00e9s h\u00e9liophiles, x\u00e9rophiles \u00e0 m\u00e9sophiles, collin\u00e9ennes \u00e0 alpines.<\/td>\n<td>Communaut\u00e9s calcicoles de l&rsquo;Europe temp\u00e9r\u00e9e et des \u00e9tages supra- et orom\u00e9diterran\u00e9ens.<\/td>\n<td>V\u00e9g\u00e9tation vivace non nitrophile des parois et des murs.<\/td>\n<\/tr>\n<\/tbody>\n<\/table>\n<p><strong><span style=\"text-decoration: underline;\">Taxonomie :<\/span><\/strong><br \/>\n<i>Draba dubia Suter<\/i> a pour synonymes (Informations issues de la BDTFX Version 2.0, <a href=\"http:\/\/www.tela-botanica.org\" target=\"_blank\">Tela Botanica<\/a>) :<i><br \/>\n&#8211; Draba frigida Saut.<br \/>\n&#8211; Draba frigida var. glabrescens (Mutel) Cariot &amp; St.-Lag.<br \/>\n&#8211; Draba kochiana Scheele<br \/>\n&#8211; Draba tomentosa Hegetschw.<br \/>\n&#8211; Draba tomentosa proles frigida (Saut.) Rouy &amp; Foucaud<br \/>\n&#8211; Draba tomentosa var. frigida (Saut.) Burnat<br \/>\n&#8211; Draba umbellata Saut.<br \/>\n<\/i><br \/>\n<span style=\"text-decoration: underline;\">Sous-esp\u00e8ces ou vari\u00e9t\u00e9s :<\/span><br \/>\n<i>&#8211; Draba dubia f. laevipes (DC.) B.Bock<br \/>\n&#8211; Draba dubia Suter f. dubia<br \/>\n<\/i><\/p>\n","protected":false},"excerpt":{"rendered":"<p>Une fiche plus r&eacute;cente existe, vous pouvez la consulter ICI Nom : Draba dubia Suter ( Drave douteuse ) Famille : BRASSICACEAE Floraison : Juillet &#8211; Ao\u00fbt Forme biologique : H\u00e9micryptophyte. Description dans la flore de Coste : Plante vivace, &hellip; <a href=\"https:\/\/preservons-la-nature.fr\/blog\/?p=3425\">Continuer la lecture <span class=\"meta-nav\">&rarr;<\/span><\/a><\/p>\n","protected":false},"author":1,"featured_media":0,"comment_status":"open","ping_status":"open","sticky":false,"template":"","format":"standard","meta":{"footnotes":""},"categories":[102],"tags":[26],"class_list":["post-3425","post","type-post","status-publish","format-standard","hentry","category-fiche-partielle-de-plantes","tag-brassicacees"],"_links":{"self":[{"href":"https:\/\/preservons-la-nature.fr\/blog\/index.php?rest_route=\/wp\/v2\/posts\/3425","targetHints":{"allow":["GET"]}}],"collection":[{"href":"https:\/\/preservons-la-nature.fr\/blog\/index.php?rest_route=\/wp\/v2\/posts"}],"about":[{"href":"https:\/\/preservons-la-nature.fr\/blog\/index.php?rest_route=\/wp\/v2\/types\/post"}],"author":[{"embeddable":true,"href":"https:\/\/preservons-la-nature.fr\/blog\/index.php?rest_route=\/wp\/v2\/users\/1"}],"replies":[{"embeddable":true,"href":"https:\/\/preservons-la-nature.fr\/blog\/index.php?rest_route=%2Fwp%2Fv2%2Fcomments&post=3425"}],"version-history":[{"count":1,"href":"https:\/\/preservons-la-nature.fr\/blog\/index.php?rest_route=\/wp\/v2\/posts\/3425\/revisions"}],"predecessor-version":[{"id":3429,"href":"https:\/\/preservons-la-nature.fr\/blog\/index.php?rest_route=\/wp\/v2\/posts\/3425\/revisions\/3429"}],"wp:attachment":[{"href":"https:\/\/preservons-la-nature.fr\/blog\/index.php?rest_route=%2Fwp%2Fv2%2Fmedia&parent=3425"}],"wp:term":[{"taxonomy":"category","embeddable":true,"href":"https:\/\/preservons-la-nature.fr\/blog\/index.php?rest_route=%2Fwp%2Fv2%2Fcategories&post=3425"},{"taxonomy":"post_tag","embeddable":true,"href":"https:\/\/preservons-la-nature.fr\/blog\/index.php?rest_route=%2Fwp%2Fv2%2Ftags&post=3425"}],"curies":[{"name":"wp","href":"https:\/\/api.w.org\/{rel}","templated":true}]}}