{"id":3418,"date":"2014-05-16T00:45:16","date_gmt":"2014-05-15T23:45:16","guid":{"rendered":"https:\/\/www.preservons-la-nature.fr\/blog\/?p=3418"},"modified":"2014-05-08T07:47:55","modified_gmt":"2014-05-08T06:47:55","slug":"cyanus-segetum-hill-bleuet","status":"publish","type":"post","link":"https:\/\/preservons-la-nature.fr\/blog\/?p=3418","title":{"rendered":"Cyanus segetum Hill ( Bleuet )"},"content":{"rendered":"<p><STRONG>Une fiche plus r&eacute;cente existe, vous pouvez la consulter <a href=\"https:\/\/www.preservons-la-nature.fr\/flore\/taxon\/321.html\">ICI<\/a><\/STRONG><div id=\"attachment_3419\" style=\"width: 370px\" class=\"wp-caption aligncenter\"><a href=\"https:\/\/www.preservons-la-nature.fr\/blog\/wp-content\/uploads\/2014\/05\/DSC7172.jpg\"><img loading=\"lazy\" decoding=\"async\" aria-describedby=\"caption-attachment-3419\" class=\" wp-image-3419 \" title=\"Cyanus segetum Hill ( Bleuet )\" alt=\"Cyanus segetum Hill ( Bleuet )\" src=\"https:\/\/www.preservons-la-nature.fr\/blog\/wp-content\/uploads\/2014\/05\/DSC7172.jpg\" width=\"360\" height=\"540\" srcset=\"https:\/\/preservons-la-nature.fr\/blog\/wp-content\/uploads\/2014\/05\/DSC7172.jpg 400w, https:\/\/preservons-la-nature.fr\/blog\/wp-content\/uploads\/2014\/05\/DSC7172-200x300.jpg 200w\" sizes=\"auto, (max-width: 360px) 100vw, 360px\" \/><\/a><p id=\"caption-attachment-3419\" class=\"wp-caption-text\">Cyanus segetum Hill ( Bleuet )<\/p><\/div><br \/>\n<strong><span style=\"text-decoration: underline;\">Nom :<\/span><\/strong> <i>Cyanus segetum Hill<\/i> ( Bleuet )<\/p>\n<p><strong><span style=\"text-decoration: underline;\">Autre(s) nom(s) :<\/span><\/strong><br \/>\nBarbeau, Centaur\u00e9e bleuet.<\/p>\n<p><strong><span style=\"text-decoration: underline;\">Famille :<\/span><\/strong> ASTERACEAE<\/p>\n<p><strong><span style=\"text-decoration: underline;\">Floraison :<\/span><\/strong> Mai &#8211; Juillet<\/p>\n<p><strong><span style=\"text-decoration: underline;\">Description dans la flore de Coste :<\/span><\/strong><br \/>\nPlante annuelle ou bisannuelle de 3-8 dm, d&rsquo;un vert blanch\u00e2tre un peu cotonneuse, dress\u00e9e, \u00e0 rameaux gr\u00eales, allong\u00e9s ; feuilles non d\u00e9currentes, les inf\u00e9rieures pennatipartites, p\u00e9tiol\u00e9es, les suivantes sessiles, \u00e9troites, lin\u00e9aires ; involucre ovo\u00efde \u00e0 folioles entour\u00e9es d&rsquo;une marge fortement d\u00e9currente et de cils courts ordinairement argent\u00e9s ; ak\u00e8nes \u00e0 ombilic barbu surmont\u00e9s d&rsquo;une aigrette rousse \u00e9galant \u00e0 peu pr\u00e8s leur longueur ; fleurs bleues, les ext\u00e9rieures rayonnantes.<\/p>\n<p><strong><span style=\"text-decoration: underline;\">Usages \/ particularit\u00e9s :<\/span><\/strong><br \/>\nEn Pologne, jusqu&rsquo;\u00e0 r\u00e9cemment, on l&rsquo;utilsait la fleur pour colorer le vinaigre. Les fleurs sont employ\u00e9es en collyre pour les yeux. C&rsquo;est un colorant naturel qui est utilisait en patisserie. La plante poss\u00e8de de nombreuses propri\u00e9t\u00e9s m\u00e9dicinales.<br \/>\n<div id=\"attachment_3420\" style=\"width: 370px\" class=\"wp-caption aligncenter\"><a href=\"https:\/\/www.preservons-la-nature.fr\/blog\/wp-content\/uploads\/2014\/05\/DSC08544.jpg\"><img loading=\"lazy\" decoding=\"async\" aria-describedby=\"caption-attachment-3420\" class=\" wp-image-3420\" title=\"Cyanus segetum Hill ( Bleuet )\" alt=\"Cyanus segetum Hill ( Bleuet )\" src=\"https:\/\/www.preservons-la-nature.fr\/blog\/wp-content\/uploads\/2014\/05\/DSC08544.jpg\" width=\"360\" height=\"540\" srcset=\"https:\/\/preservons-la-nature.fr\/blog\/wp-content\/uploads\/2014\/05\/DSC08544.jpg 400w, https:\/\/preservons-la-nature.fr\/blog\/wp-content\/uploads\/2014\/05\/DSC08544-200x300.jpg 200w\" sizes=\"auto, (max-width: 360px) 100vw, 360px\" \/><\/a><p id=\"caption-attachment-3420\" class=\"wp-caption-text\">Cyanus segetum Hill ( Bleuet )<\/p><\/div><br \/>\n<strong><span style=\"text-decoration: underline;\">Pr\u00e9sent dans le(s) d\u00e9partement(s) suivant(s) :<\/span><\/strong><br \/>\nAin, Aisne, Allier, Alpes-de-Haute-Provence, Alpes-Maritimes, Ard\u00e8che, Ardennes, Ari\u00e8ge, Aube, Aude, Aveyron, Bas-Rhin, Bouches-du-Rh\u00f4ne, Calvados, Cantal, Charente, Charente-Maritime, Cher, Corr\u00e8ze, Corse-du-Sud, C\u00f4te-d&rsquo;Or, C\u00f4tes-d&rsquo;Armor, Creuse, Deux-S\u00e8vres, Dordogne, Doubs, Dr\u00f4me, Essonne, Eure, Eure-et-Loir, Gard, Gers, Gironde, Haute-Corse, Haute-Garonne, Haute-Loire, Haute-Marne, Hautes-Alpes, Haute-Sa\u00f4ne, Haute-Savoie, Hautes-Pyr\u00e9n\u00e9es, Haute-Vienne, Haut-Rhin, Hauts-de-Seine, H\u00e9rault, Ille-et-Vilaine, Indre, Indre-et-Loire, Is\u00e8re, Jura, Landes, Loire, Loire-Atlantique, Loiret, Loir-et-Cher, Lot, Lot-et-Garonne, Loz\u00e8re, Maine-et-Loire, Manche, Marne, Mayenne, Meurthe-et-Moselle, Meuse, Morbihan, Moselle, Ni\u00e8vre, Nord, Oise, Orne, Pas-de-Calais, Puy-de-D\u00f4me, Pyr\u00e9n\u00e9es-Atlantiques, Pyr\u00e9n\u00e9es-Orientales, Rh\u00f4ne, Sa\u00f4ne-et-Loire, Sarthe, Savoie, Seine-et-Marne, Seine-Maritime, Seine-Saint-Denis, Somme, Tarn, Tarn-et-Garonne, Territoire-de-Belfort, Val-de-Marne, Var, Vaucluse, Vend\u00e9e, Vienne, Vosges, Yonne, Yvelines.<br \/>\n<div id=\"attachment_3421\" style=\"width: 610px\" class=\"wp-caption aligncenter\"><a href=\"https:\/\/www.preservons-la-nature.fr\/blog\/?attachment_id=3421\" rel=\"attachment wp-att-3421\"><img loading=\"lazy\" decoding=\"async\" aria-describedby=\"caption-attachment-3421\" src=\"https:\/\/www.preservons-la-nature.fr\/blog\/wp-content\/uploads\/2014\/05\/carte10.jpg\" alt=\"R\u00e9partition de Cyanus segetum Hill ( Bleuet )\" width=\"600\" height=\"600\" class=\"size-full wp-image-3421\" srcset=\"https:\/\/preservons-la-nature.fr\/blog\/wp-content\/uploads\/2014\/05\/carte10.jpg 600w, https:\/\/preservons-la-nature.fr\/blog\/wp-content\/uploads\/2014\/05\/carte10-150x150.jpg 150w, https:\/\/preservons-la-nature.fr\/blog\/wp-content\/uploads\/2014\/05\/carte10-300x300.jpg 300w\" sizes=\"auto, (max-width: 600px) 100vw, 600px\" \/><\/a><p id=\"caption-attachment-3421\" class=\"wp-caption-text\">R\u00e9partition de Cyanus segetum Hill ( Bleuet )<\/p><\/div><br \/>\n<strong><span style=\"text-decoration: underline;\">Ecologie :<\/span><\/strong><br \/>\nC&rsquo;est une messicole que l&rsquo;on retrouve sur les terrains sableux et limoneux dont les cultures sont peu soumises aux pesticides. Elle n&rsquo;est donc pas rare dans les secteurs d&rsquo;agricultures biologiques.<\/p>\n<p><strong><span style=\"text-decoration: underline;\">Phytosociologie :<\/span><i><\/i><\/strong><\/p>\n<table>\n<tbody>\n<tr>\n<td>Alliance<\/td>\n<td>Ordre<\/td>\n<td>Classe<\/td>\n<\/tr>\n<tr>\n<td><strong>Caucalidion lappulae<\/strong><\/td>\n<td><strong>Centaureetalia cyani<\/strong><\/td>\n<td><strong>Stellarietea mediae<\/strong><\/td>\n<\/tr>\n<tr>\n<td>Communaut\u00e9s surtout eurosib\u00e9riennes.<\/td>\n<td>Communaut\u00e9s des cultures et moissons sur sol neutro-alcalin.<\/td>\n<td>V\u00e9g\u00e9tation annuelle, nitrophile, commensale des cultures annuelles ou sarcl\u00e9es.<\/td>\n<\/tr>\n<\/tbody>\n<\/table>\n<table>\n<tbody>\n<tr>\n<td>Alliance<\/td>\n<td>Ordre<\/td>\n<td>Classe<\/td>\n<\/tr>\n<tr>\n<td><strong>Panico crus-galli-Setarion viridis<\/strong><\/td>\n<td><strong>Chenopodietalia albi<\/strong><\/td>\n<td><strong>Stellarietea mediae<\/strong><\/td>\n<\/tr>\n<tr>\n<td>Communaut\u00e9s eurosib\u00e9riennes sur sol acidicline \u00e0 dominante limoneuse ou sableuse.<\/td>\n<td>Communaut\u00e9s principalement des cultures sarcl\u00e9es, sur sol eutrophe.<\/td>\n<td>V\u00e9g\u00e9tation annuelle, nitrophile, commensale des cultures annuelles ou sarcl\u00e9es.<\/td>\n<\/tr>\n<\/tbody>\n<\/table>\n<table>\n<tbody>\n<tr>\n<td>Alliance<\/td>\n<td>Ordre<\/td>\n<td>Classe<\/td>\n<\/tr>\n<tr>\n<td><strong>Scleranthion annui<\/strong><\/td>\n<td><strong>Aperetalia spicae-venti<\/strong><\/td>\n<td><strong>Stellarietea mediae<\/strong><\/td>\n<\/tr>\n<tr>\n<td>Communaut\u00e9s eurosib\u00e9riennes.<\/td>\n<td>Communaut\u00e9s des cultures et moissons sur sols sablonneux plus ou moins acides.<\/td>\n<td>V\u00e9g\u00e9tation annuelle, nitrophile, commensale des cultures annuelles ou sarcl\u00e9es.<\/td>\n<\/tr>\n<\/tbody>\n<\/table>\n<p><strong><span style=\"text-decoration: underline;\">Taxonomie :<\/span><\/strong><br \/>\n<i>Cyanus segetum Hill<\/i> a pour synonymes (Informations issues de la BDTFX Version 2.0, <a href=\"http:\/\/www.tela-botanica.org\" target=\"_blank\">Tela Botanica<\/a>) :<i><br \/>\n&#8211; Centaurea cyanocephala Velen.<br \/>\n&#8211; Centaurea cyanus L.<br \/>\n&#8211; Centaurea cyanus subsp. coa Rech.f.<br \/>\n&#8211; Centaurea cyanus var. denudata Suksd.<br \/>\n&#8211; Centaurea cynarocephala Velen.<br \/>\n&#8211; Centaurea hortorum Pau<br \/>\n&#8211; Centaurea lanata Roxb.<br \/>\n&#8211; Centaurea pulchra DC.<br \/>\n&#8211; Centaurea segetalis Salisb.<br \/>\n&#8211; Centaurea umbrosa A.L.P.Huet ex Reut.<br \/>\n&#8211; Cyanus arvensis Moench<br \/>\n&#8211; Cyanus vulgaris Delarbre<br \/>\n&#8211; Jacea segetum (Hill) Lam.<br \/>\n&#8211; Setachna cyanus (L.) Dulac<br \/>\n<\/i><\/p>\n","protected":false},"excerpt":{"rendered":"<p>Une fiche plus r&eacute;cente existe, vous pouvez la consulter ICI Nom : Cyanus segetum Hill ( Bleuet ) Autre(s) nom(s) : Barbeau, Centaur\u00e9e bleuet. Famille : ASTERACEAE Floraison : Mai &#8211; Juillet Description dans la flore de Coste : Plante &hellip; <a href=\"https:\/\/preservons-la-nature.fr\/blog\/?p=3418\">Continuer la lecture <span class=\"meta-nav\">&rarr;<\/span><\/a><\/p>\n","protected":false},"author":1,"featured_media":0,"comment_status":"open","ping_status":"open","sticky":false,"template":"","format":"standard","meta":{"footnotes":""},"categories":[102],"tags":[48],"class_list":["post-3418","post","type-post","status-publish","format-standard","hentry","category-fiche-partielle-de-plantes","tag-asteracees"],"_links":{"self":[{"href":"https:\/\/preservons-la-nature.fr\/blog\/index.php?rest_route=\/wp\/v2\/posts\/3418","targetHints":{"allow":["GET"]}}],"collection":[{"href":"https:\/\/preservons-la-nature.fr\/blog\/index.php?rest_route=\/wp\/v2\/posts"}],"about":[{"href":"https:\/\/preservons-la-nature.fr\/blog\/index.php?rest_route=\/wp\/v2\/types\/post"}],"author":[{"embeddable":true,"href":"https:\/\/preservons-la-nature.fr\/blog\/index.php?rest_route=\/wp\/v2\/users\/1"}],"replies":[{"embeddable":true,"href":"https:\/\/preservons-la-nature.fr\/blog\/index.php?rest_route=%2Fwp%2Fv2%2Fcomments&post=3418"}],"version-history":[{"count":1,"href":"https:\/\/preservons-la-nature.fr\/blog\/index.php?rest_route=\/wp\/v2\/posts\/3418\/revisions"}],"predecessor-version":[{"id":3422,"href":"https:\/\/preservons-la-nature.fr\/blog\/index.php?rest_route=\/wp\/v2\/posts\/3418\/revisions\/3422"}],"wp:attachment":[{"href":"https:\/\/preservons-la-nature.fr\/blog\/index.php?rest_route=%2Fwp%2Fv2%2Fmedia&parent=3418"}],"wp:term":[{"taxonomy":"category","embeddable":true,"href":"https:\/\/preservons-la-nature.fr\/blog\/index.php?rest_route=%2Fwp%2Fv2%2Fcategories&post=3418"},{"taxonomy":"post_tag","embeddable":true,"href":"https:\/\/preservons-la-nature.fr\/blog\/index.php?rest_route=%2Fwp%2Fv2%2Ftags&post=3418"}],"curies":[{"name":"wp","href":"https:\/\/api.w.org\/{rel}","templated":true}]}}