{"id":3409,"date":"2014-05-14T00:37:59","date_gmt":"2014-05-13T23:37:59","guid":{"rendered":"https:\/\/www.preservons-la-nature.fr\/blog\/?p=3409"},"modified":"2014-05-08T07:41:12","modified_gmt":"2014-05-08T06:41:12","slug":"cichorium-intybus-l-chicoree-sauvage","status":"publish","type":"post","link":"https:\/\/preservons-la-nature.fr\/blog\/?p=3409","title":{"rendered":"Cichorium intybus L. ( Chicor\u00e9e sauvage )"},"content":{"rendered":"<p><STRONG>Une fiche plus r&eacute;cente existe, vous pouvez la consulter <a href=\"https:\/\/www.preservons-la-nature.fr\/flore\/taxon\/267.html\">ICI<\/a><\/STRONG><div id=\"attachment_3410\" style=\"width: 370px\" class=\"wp-caption aligncenter\"><a href=\"https:\/\/www.preservons-la-nature.fr\/blog\/wp-content\/uploads\/2014\/05\/DSC0663.jpg\"><img loading=\"lazy\" decoding=\"async\" aria-describedby=\"caption-attachment-3410\" class=\" wp-image-3410 \" title=\"Cichorium intybus L. ( Chicor\u00e9e sauvage )\" alt=\"Cichorium intybus L. ( Chicor\u00e9e sauvage )\" src=\"https:\/\/www.preservons-la-nature.fr\/blog\/wp-content\/uploads\/2014\/05\/DSC0663.jpg\" width=\"360\" height=\"540\" srcset=\"https:\/\/preservons-la-nature.fr\/blog\/wp-content\/uploads\/2014\/05\/DSC0663.jpg 400w, https:\/\/preservons-la-nature.fr\/blog\/wp-content\/uploads\/2014\/05\/DSC0663-200x300.jpg 200w\" sizes=\"auto, (max-width: 360px) 100vw, 360px\" \/><\/a><p id=\"caption-attachment-3410\" class=\"wp-caption-text\">Cichorium intybus L. ( Chicor\u00e9e sauvage )<\/p><\/div><\/p>\n<p><strong><span style=\"text-decoration: underline;\">Nom :<\/span><\/strong> <i>Cichorium intybus L.<\/i> ( Chicor\u00e9e sauvage )<\/p>\n<p><strong><span style=\"text-decoration: underline;\">Autre(s) nom(s) :<\/span><\/strong><br \/>\nChicor\u00e9e am\u00e8re, Chicor\u00e9e Intybe.<\/p>\n<p><strong><span style=\"text-decoration: underline;\">Famille :<\/span><\/strong> ASTERACEAE<\/p>\n<p><strong><span style=\"text-decoration: underline;\">Floraison :<\/span><\/strong> Juillet &#8211; Octobre<\/p>\n<p><strong><span style=\"text-decoration: underline;\">Forme biologique :<\/span><\/strong><br \/>\nH\u00e9micryptophyte.<\/p>\n<p><strong><span style=\"text-decoration: underline;\">Protection :<\/span><\/strong><br \/>\n&#8211; Liste rouge europ\u00e9enne IUCN 2012 LC<\/p>\n<p><strong><span style=\"text-decoration: underline;\">Description dans la flore de Coste :<\/span><\/strong><br \/>\nPlante vivace \u00e0 tige de 5-10 dm dress\u00e9e, tr\u00e8s rameuse \u00e0 rameaux raides, divergents, plus ou moins pubescente-hispide ou glabrescente ainsi que les feuilles ; celles-ci de forme variable, les inf\u00e9rieures ordinairement roncin\u00e9es, les suivantes lanc\u00e9ol\u00e9es, enti\u00e8res, embrassantes, r\u00e9duites \u00e0 des bract\u00e9es dans l&rsquo;inflorescence ; capitules solitaires, terminaux ou sessiles et axillaires au nombre de 1-3 ; ak\u00e8nes couronn\u00e9s de tr\u00e8s petites \u00e9cailles obtuses; fleurs assez grandes, bleues.Polymorphe.<\/p>\n<p><strong><span style=\"text-decoration: underline;\">Usages \/ particularit\u00e9s :<\/span><\/strong><br \/>\nCe n&rsquo;est que depuis le 17\u00e8me si\u00e8cle qu&rsquo;elle est consomm\u00e9e. La racine procure un succ\u00e9dan\u00e9 du caf\u00e9. Au Liban, on fait bouillir la racine pour retirer l&rsquo;amertume et on l&rsquo;ajoute au soupe. Les jeunes rosettes sont comestibles en salade. En Italie, on consomme les feuilles plus \u00e2g\u00e9es en les faisant bouillir afin de retirer l&rsquo;amertume, et on les d\u00e9guste avec un peu d&rsquo;huile d&rsquo;olive et de citron. La chicor\u00e9e contient des prot\u00e9\u00efnes, de nombreuses vitamines, du calcium, du magn\u00e9sium, du potassium, du fer&#8230;, la racine contient de l&rsquo;inuline comme la plupart des ast\u00e9rac\u00e9es. La plante est d\u00e9purative et l\u00e9g\u00e8rement laxative.<\/p>\n<p><strong><span style=\"text-decoration: underline;\">Pr\u00e9sent dans le(s) d\u00e9partement(s) suivant(s) :<\/span><\/strong><br \/>\nAisne, Allier, Alpes-de-Haute-Provence, Alpes-Maritimes, Ardennes, Aube, Aude, Aveyron, Bas-Rhin, Bouches-du-Rh\u00f4ne, Calvados, Cantal, Charente, Charente-Maritime, Cher, Corr\u00e8ze, Corse-du-Sud, C\u00f4te-d&rsquo;Or, C\u00f4tes-d&rsquo;Armor, Creuse, Deux-S\u00e8vres, Dordogne, Doubs, Essonne, Eure, Eure-et-Loir, Finist\u00e8re, Gironde, Haute-Corse, Haute-Loire, Haute-Marne, Hautes-Alpes, Haute-Sa\u00f4ne, Haute-Vienne, Hauts-de-Seine, Ille-et-Vilaine, Indre, Indre-et-Loire, Is\u00e8re, Jura, Loire-Atlantique, Loiret, Loir-et-Cher, Lot, Lot-et-Garonne, Maine-et-Loire, Manche, Marne, Mayenne, Meurthe-et-Moselle, Meuse, Morbihan, Moselle, Ni\u00e8vre, Nord, Oise, Orne, Paris, Pas-de-Calais, Puy-de-D\u00f4me, Pyr\u00e9n\u00e9es-Orientales, Sa\u00f4ne-et-Loire, Sarthe, Seine-et-Marne, Seine-Maritime, Seine-Saint-Denis, Somme, Tarn-et-Garonne, Territoire-de-Belfort, Val-de-Marne, Val-d&rsquo;Oise, Var, Vaucluse, Vend\u00e9e, Vienne, Vosges, Yonne, Yvelines.<\/p>\n<div id=\"attachment_3411\" style=\"width: 610px\" class=\"wp-caption aligncenter\"><a href=\"https:\/\/www.preservons-la-nature.fr\/blog\/?attachment_id=3411\" rel=\"attachment wp-att-3411\"><img loading=\"lazy\" decoding=\"async\" aria-describedby=\"caption-attachment-3411\" class=\"size-full wp-image-3411\" alt=\"R\u00e9partition de Cichorium intybus L. ( Chicor\u00e9e sauvage )\" src=\"https:\/\/www.preservons-la-nature.fr\/blog\/wp-content\/uploads\/2014\/05\/carte8.jpg\" width=\"600\" height=\"600\" srcset=\"https:\/\/preservons-la-nature.fr\/blog\/wp-content\/uploads\/2014\/05\/carte8.jpg 600w, https:\/\/preservons-la-nature.fr\/blog\/wp-content\/uploads\/2014\/05\/carte8-150x150.jpg 150w, https:\/\/preservons-la-nature.fr\/blog\/wp-content\/uploads\/2014\/05\/carte8-300x300.jpg 300w\" sizes=\"auto, (max-width: 600px) 100vw, 600px\" \/><\/a><p id=\"caption-attachment-3411\" class=\"wp-caption-text\">R\u00e9partition de Cichorium intybus L. ( Chicor\u00e9e sauvage )<\/p><\/div>\n<p><strong><span style=\"text-decoration: underline;\">Phytosociologie :<\/span><i><\/i><\/strong><\/p>\n<table>\n<tbody>\n<tr>\n<td>Alliance<\/td>\n<td>Ordre<\/td>\n<td>Classe<\/td>\n<\/tr>\n<tr>\n<td><strong>Convolvulo arvensis-Agropyrion repentis<\/strong><\/td>\n<td><strong>Agropyretalia intermedii-repentis<\/strong><\/td>\n<td><strong>Agropyretea pungentis<\/strong><\/td>\n<\/tr>\n<tr>\n<td>Communaut\u00e9s eurosib\u00e9riennes m\u00e9sophiles.<\/td>\n<td>Communaut\u00e9s non littorales.<\/td>\n<td>V\u00e9g\u00e9tation vivace gramin\u00e9enne, x\u00e9rophile et semi-rud\u00e9rale, surtout sur sables, limons et substrats calcaires, \u00e0 distribution europ\u00e9enne et ouest-sib\u00e9rienne.<\/td>\n<\/tr>\n<\/tbody>\n<\/table>\n<table>\n<tbody>\n<tr>\n<td>Alliance<\/td>\n<td>Ordre<\/td>\n<td>Classe<\/td>\n<\/tr>\n<tr>\n<td><strong>Dauco carotae-Melilotion albi<\/strong><\/td>\n<td><strong>Onopordetalia acanthii<\/strong><\/td>\n<td><strong>Artemisietea vulgaris<\/strong><\/td>\n<\/tr>\n<tr>\n<td>Communaut\u00e9s subouvertes de hautes herbes, moins thermophiles, des substrats grossiers et souvent rapport\u00e9s.<\/td>\n<td>Communaut\u00e9s thermophiles \u00e0 dominance de vivaces et de bisannuelles, eurosib\u00e9riennes \u00e0 subm\u00e9diterran\u00e9ennes.<\/td>\n<td>V\u00e9g\u00e9tation rud\u00e9rale, anthropog\u00e8ne, nitrophile \u00e0 dominance d\u2019esp\u00e8ces vivaces, eurosib\u00e9rienne et m\u00e9diterran\u00e9enne.<\/td>\n<\/tr>\n<\/tbody>\n<\/table>\n<table>\n<tbody>\n<tr>\n<td>Alliance<\/td>\n<td>Ordre<\/td>\n<td>Classe<\/td>\n<\/tr>\n<tr>\n<td><strong>Lolio perennis-Plantaginion majoris<\/strong><\/td>\n<td><strong>Plantaginetalia majoris<\/strong><\/td>\n<td><strong>Arrhenatheretea elatioris<\/strong><\/td>\n<\/tr>\n<tr>\n<td>Communaut\u00e9s p\u00e2tur\u00e9es collin\u00e9ennes m\u00e9sophiles.<\/td>\n<td>Pelouses pi\u00e9tin\u00e9es eutrophes.<\/td>\n<td>V\u00e9g\u00e9tation prairiale, plus rarement de pelouses, m\u00e9sophile ou m\u00e9sohygrophile, m\u00e9sotrophe \u00e0 eutrophe.<\/td>\n<\/tr>\n<\/tbody>\n<\/table>\n<table>\n<tbody>\n<tr>\n<td>Ordre<\/td>\n<td>Classe<\/td>\n<\/tr>\n<tr>\n<td><strong>Onopordetalia acanthii<\/strong><\/td>\n<td><strong>Artemisietea vulgaris<\/strong><\/td>\n<\/tr>\n<tr>\n<td>Communaut\u00e9s thermophiles \u00e0 dominance de vivaces et de bisannuelles, eurosib\u00e9riennes \u00e0 subm\u00e9diterran\u00e9ennes.<\/td>\n<td>V\u00e9g\u00e9tation rud\u00e9rale, anthropog\u00e8ne, nitrophile \u00e0 dominance d\u2019esp\u00e8ces vivaces, eurosib\u00e9rienne et m\u00e9diterran\u00e9enne.<\/td>\n<\/tr>\n<\/tbody>\n<\/table>\n<p><span style=\"text-decoration: underline;\">Sous-esp\u00e8ces ou vari\u00e9t\u00e9s :<\/span><br \/>\n<i>&#8211; Cichorium intybus L. subsp. intybus<br \/>\n&#8211; Cichorium intybus subsp. glabratum (C.Presl) Arcang.<br \/>\n<\/i><\/p>\n","protected":false},"excerpt":{"rendered":"<p>Une fiche plus r&eacute;cente existe, vous pouvez la consulter ICI Nom : Cichorium intybus L. ( Chicor\u00e9e sauvage ) Autre(s) nom(s) : Chicor\u00e9e am\u00e8re, Chicor\u00e9e Intybe. Famille : ASTERACEAE Floraison : Juillet &#8211; Octobre Forme biologique : H\u00e9micryptophyte. Protection : &hellip; <a href=\"https:\/\/preservons-la-nature.fr\/blog\/?p=3409\">Continuer la lecture <span class=\"meta-nav\">&rarr;<\/span><\/a><\/p>\n","protected":false},"author":1,"featured_media":0,"comment_status":"open","ping_status":"open","sticky":false,"template":"","format":"standard","meta":{"footnotes":""},"categories":[102],"tags":[48],"class_list":["post-3409","post","type-post","status-publish","format-standard","hentry","category-fiche-partielle-de-plantes","tag-asteracees"],"_links":{"self":[{"href":"https:\/\/preservons-la-nature.fr\/blog\/index.php?rest_route=\/wp\/v2\/posts\/3409","targetHints":{"allow":["GET"]}}],"collection":[{"href":"https:\/\/preservons-la-nature.fr\/blog\/index.php?rest_route=\/wp\/v2\/posts"}],"about":[{"href":"https:\/\/preservons-la-nature.fr\/blog\/index.php?rest_route=\/wp\/v2\/types\/post"}],"author":[{"embeddable":true,"href":"https:\/\/preservons-la-nature.fr\/blog\/index.php?rest_route=\/wp\/v2\/users\/1"}],"replies":[{"embeddable":true,"href":"https:\/\/preservons-la-nature.fr\/blog\/index.php?rest_route=%2Fwp%2Fv2%2Fcomments&post=3409"}],"version-history":[{"count":1,"href":"https:\/\/preservons-la-nature.fr\/blog\/index.php?rest_route=\/wp\/v2\/posts\/3409\/revisions"}],"predecessor-version":[{"id":3412,"href":"https:\/\/preservons-la-nature.fr\/blog\/index.php?rest_route=\/wp\/v2\/posts\/3409\/revisions\/3412"}],"wp:attachment":[{"href":"https:\/\/preservons-la-nature.fr\/blog\/index.php?rest_route=%2Fwp%2Fv2%2Fmedia&parent=3409"}],"wp:term":[{"taxonomy":"category","embeddable":true,"href":"https:\/\/preservons-la-nature.fr\/blog\/index.php?rest_route=%2Fwp%2Fv2%2Fcategories&post=3409"},{"taxonomy":"post_tag","embeddable":true,"href":"https:\/\/preservons-la-nature.fr\/blog\/index.php?rest_route=%2Fwp%2Fv2%2Ftags&post=3409"}],"curies":[{"name":"wp","href":"https:\/\/api.w.org\/{rel}","templated":true}]}}