{"id":3380,"date":"2014-05-09T00:35:36","date_gmt":"2014-05-08T23:35:36","guid":{"rendered":"https:\/\/www.preservons-la-nature.fr\/blog\/?p=3380"},"modified":"2014-05-07T07:39:19","modified_gmt":"2014-05-07T06:39:19","slug":"anthriscus-caucalis-m-bieb-cerfeuil-vulgaire-a-fruits-glabres","status":"publish","type":"post","link":"https:\/\/preservons-la-nature.fr\/blog\/?p=3380","title":{"rendered":"Anthriscus caucalis M.Bieb. ( Cerfeuil vulgaire \u00e0 fruits glabres )"},"content":{"rendered":"<p><STRONG>Une fiche plus r&eacute;cente existe, vous pouvez la consulter <a href=\"https:\/\/www.preservons-la-nature.fr\/flore\/taxon\/83.html\">ICI<\/a><\/STRONG><div id=\"attachment_3382\" style=\"width: 650px\" class=\"wp-caption aligncenter\"><a href=\"https:\/\/www.preservons-la-nature.fr\/blog\/wp-content\/uploads\/2014\/05\/DSC3730.jpg\"><img loading=\"lazy\" decoding=\"async\" aria-describedby=\"caption-attachment-3382\" class=\"size-full wp-image-3382\" title=\"Anthriscus caucalis M.Bieb. ( Cerfeuil vulgaire \u00e0 fruits glabres )\" alt=\"Anthriscus caucalis M.Bieb. ( Cerfeuil vulgaire \u00e0 fruits glabres )\" src=\"https:\/\/www.preservons-la-nature.fr\/blog\/wp-content\/uploads\/2014\/05\/DSC3730.jpg\" width=\"640\" height=\"426\" srcset=\"https:\/\/preservons-la-nature.fr\/blog\/wp-content\/uploads\/2014\/05\/DSC3730.jpg 800w, https:\/\/preservons-la-nature.fr\/blog\/wp-content\/uploads\/2014\/05\/DSC3730-300x199.jpg 300w\" sizes=\"auto, (max-width: 640px) 100vw, 640px\" \/><\/a><p id=\"caption-attachment-3382\" class=\"wp-caption-text\">Anthriscus caucalis M.Bieb. ( Cerfeuil vulgaire \u00e0 fruits glabres )<\/p><\/div><\/p>\n<p><strong><span style=\"text-decoration: underline;\">Nom :<\/span><\/strong> <i>Anthriscus caucalis M.Bieb.<\/i> ( Cerfeuil vulgaire \u00e0 fruits glabres )<\/p>\n<p><strong><span style=\"text-decoration: underline;\">Autre(s) nom(s) :<\/span><\/strong><br \/>\nAnthrisque des dunes, Persil sauvage.<\/p>\n<p><strong><span style=\"text-decoration: underline;\">Famille :<\/span><\/strong> APIACEAE<\/p>\n<p><strong><span style=\"text-decoration: underline;\">Floraison :<\/span><\/strong> Mai &#8211; Juin<\/p>\n<p><strong><span style=\"text-decoration: underline;\">Forme biologique :<\/span><\/strong><br \/>\nTh\u00e9rophyte.<\/p>\n<p><strong><span style=\"text-decoration: underline;\">Description dans la flore de Coste :<\/span><\/strong><br \/>\nPlante annuelle de 10 \u00e0 80 cm \u00e0 odeur souvent f\u00e9tide. Tige dress\u00e9e, cylindrique, stri\u00e9e, creuse, glabre ou \u00e0 poils \u00e9pars, parfois rouge\u00e2tre. Feuilles luisantes, de contour triangulaire, longuement p\u00e9tiol\u00e9es, (2) 3 (4) fois divis\u00e9es-penn\u00e9es, lobes r\u00e9guli\u00e8rements dispos\u00e9s, nombreux, courts (3 \u00e0 8 mm), obtus, mucron\u00e9s. Limbe glabre \u00e0 la face sup\u00e9rieure, plus ou moins velu \u00e0 la face inf\u00e9rieure. Gaine \u00e9troite et allong\u00e9e, bord\u00e9 d&rsquo;une marge membraneuse blanche et de poils blancs. Ombelles lat\u00e9rales, oppos\u00e9es aux feuilles et courtement p\u00e9doncul\u00e9es, 3 \u00e0 5 cm de diam\u00e8tre, form\u00e9es de 2 \u00e0 7 rayons gr\u00eales , ombellules pauciflores (3 \u00e0 6 fleurs) , involucre absent , involucelle \u00e0 4 \u00e0 5 bract\u00e9oles lanc\u00e9ol\u00e9es, acumin\u00e9es, velues, blanches \u00e0 la marge. S\u00e9pales non d\u00e9velopp\u00e9s , p\u00e9tales blancs, obovales acumin\u00e9s entier ou \u00e0 peine \u00e9margin\u00e9s. Fruit court (2,5 \u00e0 3,5 mm), pyriforme, noir\u00e2tre \u00e0 maturit\u00e9, couvert d&rsquo;aiguillons crochus et de petites papilles coniques.<\/p>\n<div id=\"attachment_3381\" style=\"width: 370px\" class=\"wp-caption aligncenter\"><a href=\"https:\/\/www.preservons-la-nature.fr\/blog\/wp-content\/uploads\/2014\/05\/DSC3726.jpg\"><img loading=\"lazy\" decoding=\"async\" aria-describedby=\"caption-attachment-3381\" class=\" wp-image-3381 \" title=\"Anthriscus caucalis M.Bieb. ( Cerfeuil vulgaire \u00e0 fruits glabres )\" alt=\"Anthriscus caucalis M.Bieb. ( Cerfeuil vulgaire \u00e0 fruits glabres )\" src=\"https:\/\/www.preservons-la-nature.fr\/blog\/wp-content\/uploads\/2014\/05\/DSC3726.jpg\" width=\"360\" height=\"540\" srcset=\"https:\/\/preservons-la-nature.fr\/blog\/wp-content\/uploads\/2014\/05\/DSC3726.jpg 400w, https:\/\/preservons-la-nature.fr\/blog\/wp-content\/uploads\/2014\/05\/DSC3726-200x300.jpg 200w\" sizes=\"auto, (max-width: 360px) 100vw, 360px\" \/><\/a><p id=\"caption-attachment-3381\" class=\"wp-caption-text\">Anthriscus caucalis M.Bieb. ( Cerfeuil vulgaire \u00e0 fruits glabres )<\/p><\/div>\n<p><strong><span style=\"text-decoration: underline;\">Pr\u00e9sent dans le(s) d\u00e9partement(s) suivant(s) :<\/span><\/strong><br \/>\nAisne, Allier, Alpes-de-Haute-Provence, Alpes-Maritimes, Ard\u00e8che, Ardennes, Aube, Aveyron, Bouches-du-Rh\u00f4ne, Calvados, Charente-Maritime, Cher, Corr\u00e8ze, C\u00f4te-d&rsquo;Or, C\u00f4tes-d&rsquo;Armor, Deux-S\u00e8vres, Doubs, Dr\u00f4me, Essonne, Eure, Eure-et-Loir, Finist\u00e8re, Haute-Loire, Hautes-Alpes, Haute-Savoie, Hauts-de-Seine, Ille-et-Vilaine, Indre, Indre-et-Loire, Is\u00e8re, Jura, Loire, Loire-Atlantique, Loiret, Loir-et-Cher, Lot, Maine-et-Loire, Manche, Marne, Mayenne, Meurthe-et-Moselle, Meuse, Morbihan, Moselle, Ni\u00e8vre, Nord, Oise, Orne, Paris, Pas-de-Calais, Rh\u00f4ne, Sa\u00f4ne-et-Loire, Sarthe, Seine-et-Marne, Seine-Maritime, Seine-Saint-Denis, Somme, Tarn-et-Garonne, Val-de-Marne, Val-d&rsquo;Oise, Var, Vaucluse, Vend\u00e9e, Vienne, Yonne, Yvelines.<\/p>\n<div id=\"attachment_3383\" style=\"width: 610px\" class=\"wp-caption aligncenter\"><a href=\"https:\/\/www.preservons-la-nature.fr\/blog\/?attachment_id=3383\" rel=\"attachment wp-att-3383\"><img loading=\"lazy\" decoding=\"async\" aria-describedby=\"caption-attachment-3383\" class=\"size-full wp-image-3383\" alt=\"R\u00e9partition de Anthriscus caucalis M.Bieb. ( Cerfeuil vulgaire \u00e0 fruits glabres )\" src=\"https:\/\/www.preservons-la-nature.fr\/blog\/wp-content\/uploads\/2014\/05\/carte3.jpg\" width=\"600\" height=\"600\" srcset=\"https:\/\/preservons-la-nature.fr\/blog\/wp-content\/uploads\/2014\/05\/carte3.jpg 600w, https:\/\/preservons-la-nature.fr\/blog\/wp-content\/uploads\/2014\/05\/carte3-150x150.jpg 150w, https:\/\/preservons-la-nature.fr\/blog\/wp-content\/uploads\/2014\/05\/carte3-300x300.jpg 300w\" sizes=\"auto, (max-width: 600px) 100vw, 600px\" \/><\/a><p id=\"caption-attachment-3383\" class=\"wp-caption-text\">R\u00e9partition de Anthriscus caucalis M.Bieb. ( Cerfeuil vulgaire \u00e0 fruits glabres )<\/p><\/div>\n<p><strong><span style=\"text-decoration: underline;\">Phytosociologie :<\/span><i><\/i><\/strong><\/p>\n<table>\n<tbody>\n<tr>\n<td>Alliance<\/td>\n<td>Ordre<\/td>\n<td>Classe<\/td>\n<\/tr>\n<tr>\n<td><strong>Drabo muralis-Cardaminion hirsutae<\/strong><\/td>\n<td><strong>Geranio purpurei-Cardaminetalia hirsutae<\/strong><\/td>\n<td><strong>Cardaminetea hirsutae<\/strong><\/td>\n<\/tr>\n<tr>\n<td>Communaut\u00e9s atlantiques et subatlantiques plus ou moins thermophiles.<\/td>\n<td><\/td>\n<td>Communaut\u00e9s vernales annuelles, h\u00e9misciaphiles, des ourlets intraforestiers et stations ombrag\u00e9es.<\/td>\n<\/tr>\n<\/tbody>\n<\/table>\n<table>\n<tbody>\n<tr>\n<td>Alliance<\/td>\n<td>Ordre<\/td>\n<td>Classe<\/td>\n<\/tr>\n<tr>\n<td><strong>Geo urbani-Alliarion petiolatae<\/strong><\/td>\n<td><strong>Galio aparines-Alliarietalia petiolatae<\/strong><\/td>\n<td><strong>Galio aparines-Urticetea dioicae<\/strong><\/td>\n<\/tr>\n<tr>\n<td>Communaut\u00e9s plus ou moins hygroclines, nitrophiles et sciaphiles.<\/td>\n<td>Communaut\u00e9s des sols bien aliment\u00e9s en eau.<\/td>\n<td>V\u00e9g\u00e9tation d&rsquo;ourlets nitrophiles des sols plus ou moins humides.<\/td>\n<\/tr>\n<\/tbody>\n<\/table>\n<table>\n<tbody>\n<tr>\n<td>Ordre<\/td>\n<td>Classe<\/td>\n<\/tr>\n<tr>\n<td><strong>Geranio purpurei-Cardaminetalia hirsutae<\/strong><\/td>\n<td><strong>Cardaminetea hirsutae<\/strong><\/td>\n<\/tr>\n<tr>\n<td><\/td>\n<td>Communaut\u00e9s vernales annuelles, h\u00e9misciaphiles, des ourlets intraforestiers et stations ombrag\u00e9es.<\/td>\n<\/tr>\n<\/tbody>\n<\/table>\n<table>\n<tbody>\n<tr>\n<td>Alliance<\/td>\n<td>Ordre<\/td>\n<td>Classe<\/td>\n<\/tr>\n<tr>\n<td><strong>Geranio pusilli-Anthriscion caucalidis<\/strong><\/td>\n<td><strong>Geranio purpurei-Cardaminetalia hirsutae<\/strong><\/td>\n<td><strong>Cardaminetea hirsutae<\/strong><\/td>\n<\/tr>\n<tr>\n<td>Communaut\u00e9s m\u00e9diterran\u00e9o-atlantiques, thermophiles et m\u00e9sophiles.<\/td>\n<td><\/td>\n<td>Communaut\u00e9s vernales annuelles, h\u00e9misciaphiles, des ourlets intraforestiers et stations ombrag\u00e9es.<\/td>\n<\/tr>\n<\/tbody>\n<\/table>\n<table>\n<tbody>\n<tr>\n<td>Ordre<\/td>\n<td>Classe<\/td>\n<\/tr>\n<tr>\n<td><strong>Sisymbrietalia officinalis<\/strong><\/td>\n<td><strong>Sisymbrietea officinalis<\/strong><\/td>\n<\/tr>\n<tr>\n<td>Communaut\u00e9s nitrophiles vernales \u00e0 tardi-vernales, des sols peu \u00e9pais m\u00e9soclines, eurosib\u00e9riennes et m\u00e9diterran\u00e9ennes.<\/td>\n<td>V\u00e9g\u00e9tation anthropog\u00e8ne \u00e0 dominante d\u2019annuelles et de bisannuelles, plus ou moins nitrophile, des stations rud\u00e9ralis\u00e9es et irr\u00e9guli\u00e8rement pertub\u00e9es.<\/td>\n<\/tr>\n<\/tbody>\n<\/table>\n<p><strong><span style=\"text-decoration: underline;\">Taxonomie :<\/span><\/strong><br \/>\n<i>Anthriscus caucalis M.Bieb.<\/i> a pour synonymes (Informations issues de la BDTFX Version 2.0, <a href=\"http:\/\/www.tela-botanica.org\" target=\"_blank\">Tela Botanica<\/a>) :<i><br \/>\n&#8211; Anthriscus chaerophyllea Druce<br \/>\n&#8211; Anthriscus hispanica Rouy<br \/>\n&#8211; Anthriscus scandicina (Weber) Mansf.<br \/>\n&#8211; Anthriscus scandix (Scop.) Asch.<br \/>\n&#8211; Anthriscus vulgaris Pers.<br \/>\n&#8211; Antriscus fetidus Raf.<br \/>\n&#8211; Caucalis aequicolorum All.<br \/>\n&#8211; Caucalis scandicina Weber<br \/>\n&#8211; Caucalis scandix Scop.<br \/>\n&#8211; Cerefolium anthriscus (L.) Beck<br \/>\n&#8211; Chaerefolium anthriscus (L.) Schinz &amp; Thell.<br \/>\n&#8211; Chaerophyllum anthriscus (L.) Crantz<br \/>\n&#8211; Chaerophyllum vulgare Bubani<br \/>\n&#8211; Myrrhis chaerophyllea Lam.<br \/>\n&#8211; Myrrhoides anthriscus (L.) Kuntze<br \/>\n&#8211; Scandix anthriscus L.<br \/>\n&#8211; Scandix laeta Salisb.<br \/>\n&#8211; Selinum anthriscus (L.) E.H.L.Krause<br \/>\n&#8211; Torilis anthriscus (L.) Gaertn.<br \/>\n&#8211; Torilis lanuginosa Clairv.<br \/>\n<\/i><br \/>\n<span style=\"text-decoration: underline;\">Sous-esp\u00e8ces ou vari\u00e9t\u00e9s :<\/span><br \/>\n<i>&#8211; Anthriscus caucalis M.Bieb. var. caucalis<br \/>\n&#8211; Anthriscus caucalis var. gymnocarpa (Moris) Cannon<br \/>\n<\/i><\/p>\n","protected":false},"excerpt":{"rendered":"<p>Une fiche plus r&eacute;cente existe, vous pouvez la consulter ICI Nom : Anthriscus caucalis M.Bieb. ( Cerfeuil vulgaire \u00e0 fruits glabres ) Autre(s) nom(s) : Anthrisque des dunes, Persil sauvage. Famille : APIACEAE Floraison : Mai &#8211; Juin Forme biologique &hellip; <a href=\"https:\/\/preservons-la-nature.fr\/blog\/?p=3380\">Continuer la lecture <span class=\"meta-nav\">&rarr;<\/span><\/a><\/p>\n","protected":false},"author":1,"featured_media":0,"comment_status":"open","ping_status":"open","sticky":false,"template":"","format":"standard","meta":{"footnotes":""},"categories":[102],"tags":[58],"class_list":["post-3380","post","type-post","status-publish","format-standard","hentry","category-fiche-partielle-de-plantes","tag-apiacees"],"_links":{"self":[{"href":"https:\/\/preservons-la-nature.fr\/blog\/index.php?rest_route=\/wp\/v2\/posts\/3380","targetHints":{"allow":["GET"]}}],"collection":[{"href":"https:\/\/preservons-la-nature.fr\/blog\/index.php?rest_route=\/wp\/v2\/posts"}],"about":[{"href":"https:\/\/preservons-la-nature.fr\/blog\/index.php?rest_route=\/wp\/v2\/types\/post"}],"author":[{"embeddable":true,"href":"https:\/\/preservons-la-nature.fr\/blog\/index.php?rest_route=\/wp\/v2\/users\/1"}],"replies":[{"embeddable":true,"href":"https:\/\/preservons-la-nature.fr\/blog\/index.php?rest_route=%2Fwp%2Fv2%2Fcomments&post=3380"}],"version-history":[{"count":1,"href":"https:\/\/preservons-la-nature.fr\/blog\/index.php?rest_route=\/wp\/v2\/posts\/3380\/revisions"}],"predecessor-version":[{"id":3384,"href":"https:\/\/preservons-la-nature.fr\/blog\/index.php?rest_route=\/wp\/v2\/posts\/3380\/revisions\/3384"}],"wp:attachment":[{"href":"https:\/\/preservons-la-nature.fr\/blog\/index.php?rest_route=%2Fwp%2Fv2%2Fmedia&parent=3380"}],"wp:term":[{"taxonomy":"category","embeddable":true,"href":"https:\/\/preservons-la-nature.fr\/blog\/index.php?rest_route=%2Fwp%2Fv2%2Fcategories&post=3380"},{"taxonomy":"post_tag","embeddable":true,"href":"https:\/\/preservons-la-nature.fr\/blog\/index.php?rest_route=%2Fwp%2Fv2%2Ftags&post=3380"}],"curies":[{"name":"wp","href":"https:\/\/api.w.org\/{rel}","templated":true}]}}