{"id":3364,"date":"2014-05-06T00:41:53","date_gmt":"2014-05-05T23:41:53","guid":{"rendered":"https:\/\/www.preservons-la-nature.fr\/blog\/?p=3364"},"modified":"2014-10-29T12:40:55","modified_gmt":"2014-10-29T11:40:55","slug":"ajuga-genevensis-l-bugle-de-geneve","status":"publish","type":"post","link":"https:\/\/preservons-la-nature.fr\/blog\/?p=3364","title":{"rendered":"Ajuga genevensis L. ( Bugle de Gen\u00e8ve )"},"content":{"rendered":"<p><STRONG>Une fiche plus r&eacute;cente existe, vous pouvez la consulter <a href=\"https:\/\/www.preservons-la-nature.fr\/flore\/taxon\/38.html\">ICI<\/a><\/STRONG><\/p>\n<div id=\"attachment_3365\" style=\"width: 370px\" class=\"wp-caption aligncenter\"><a href=\"https:\/\/www.preservons-la-nature.fr\/blog\/wp-content\/uploads\/2014\/05\/DSC6236.jpg\"><img loading=\"lazy\" decoding=\"async\" aria-describedby=\"caption-attachment-3365\" class=\" wp-image-3365 \" title=\"Ajuga genevensis L. ( Bugle de Gen\u00e8ve )\" alt=\"Ajuga genevensis L. ( Bugle de Gen\u00e8ve )\" src=\"https:\/\/www.preservons-la-nature.fr\/blog\/wp-content\/uploads\/2014\/05\/DSC6236.jpg\" width=\"360\" height=\"540\" srcset=\"https:\/\/preservons-la-nature.fr\/blog\/wp-content\/uploads\/2014\/05\/DSC6236.jpg 400w, https:\/\/preservons-la-nature.fr\/blog\/wp-content\/uploads\/2014\/05\/DSC6236-200x300.jpg 200w\" sizes=\"auto, (max-width: 360px) 100vw, 360px\" \/><\/a><p id=\"caption-attachment-3365\" class=\"wp-caption-text\">Ajuga genevensis L. ( Bugle de Gen\u00e8ve )<\/p><\/div>\n<p><strong><span style=\"text-decoration: underline;\">Nom :<\/span><\/strong> <i>Ajuga genevensis L.<\/i> ( Bugle de Gen\u00e8ve )<\/p>\n<p><strong><span style=\"text-decoration: underline;\">Autre(s) nom(s) :<\/span><\/strong><br \/>\nBugle de Gen\u00e8ve.<\/p>\n<p><strong><span style=\"text-decoration: underline;\">Famille :<\/span><\/strong> LAMIACEAE<\/p>\n<p><strong><span style=\"text-decoration: underline;\">Floraison :<\/span><\/strong> Mai &#8211; Ao\u00fbt<\/p>\n<p><strong><span style=\"text-decoration: underline;\">Description dans la flore de Coste :<\/span><\/strong><br \/>\nPlante vivace de 10-40 cm, inodore, sans rejets rampants ; tiges dress\u00e9es, simples, velues-laineuses tout autour, peu feuill\u00e9es ; feuilles obovales ou oblongues, velues sur les 2 faces, cr\u00e9nel\u00e9es ou dent\u00e9es, les radicales \u00e0 peine plus grandes que les caulinaires, d\u00e9truites \u00e0 la floraison, att\u00e9nu\u00e9es en long p\u00e9tiole ; fleurs d&rsquo;un bleu vif, rarement roses, en long \u00e9pi interrompu \u00e0 la base ; bract\u00e9es sinu\u00e9es-cr\u00e9nel\u00e9es ou trilob\u00e9es, souvent bleu\u00e2tres, les sup\u00e9rieures plus courtes ou \u00e0 peine plus longues que les fleurs ; calice velu, \u00e0 dents lanc\u00e9ol\u00e9es, plus longues que le tube.<\/p>\n<div id=\"attachment_3366\" style=\"width: 650px\" class=\"wp-caption aligncenter\"><a href=\"https:\/\/www.preservons-la-nature.fr\/blog\/wp-content\/uploads\/2014\/05\/DSC08601.jpg\"><img loading=\"lazy\" decoding=\"async\" aria-describedby=\"caption-attachment-3366\" class=\"size-full wp-image-3366\" title=\"Ajuga genevensis L. ( Bugle de Gen\u00e8ve )\" alt=\"Ajuga genevensis L. ( Bugle de Gen\u00e8ve )\" src=\"https:\/\/www.preservons-la-nature.fr\/blog\/wp-content\/uploads\/2014\/05\/DSC08601.jpg\" width=\"640\" height=\"426\" srcset=\"https:\/\/preservons-la-nature.fr\/blog\/wp-content\/uploads\/2014\/05\/DSC08601.jpg 800w, https:\/\/preservons-la-nature.fr\/blog\/wp-content\/uploads\/2014\/05\/DSC08601-300x199.jpg 300w\" sizes=\"auto, (max-width: 640px) 100vw, 640px\" \/><\/a><p id=\"caption-attachment-3366\" class=\"wp-caption-text\">Ajuga genevensis L. ( Bugle de Gen\u00e8ve )<\/p><\/div>\n<p><strong><span style=\"text-decoration: underline;\">Pr\u00e9sent dans le(s) d\u00e9partement(s) suivant(s) :<\/span><\/strong><br \/>\nAin, Aisne, Allier, Alpes-de-Haute-Provence, Alpes-Maritimes, Ardennes, Aube, Bouches-du-Rh\u00f4ne, Calvados, Cantal, Cher, Corr\u00e8ze, C\u00f4te-d&rsquo;Or, Deux-S\u00e8vres, Doubs, Dr\u00f4me, Essonne, Eure, Eure-et-Loir, Haute-Loire, Haute-Marne, Hautes-Alpes, Haute-Sa\u00f4ne, Haut-Rhin, Indre, Indre-et-Loire, Is\u00e8re, Jura, Loiret, Loir-et-Cher, Lot, Loz\u00e8re, Maine-et-Loire, Marne, Meurthe-et-Moselle, Meuse, Moselle, Ni\u00e8vre, Oise, Orne, Paris, Puy-de-D\u00f4me, Sa\u00f4ne-et-Loire, Sarthe, Seine-et-Marne, Seine-Saint-Denis, Somme, Territoire-de-Belfort, Val-d&rsquo;Oise, Var, Vaucluse, Vienne, Yonne, Yvelines.<\/p>\n<div id=\"attachment_3367\" style=\"width: 610px\" class=\"wp-caption aligncenter\"><a href=\"https:\/\/www.preservons-la-nature.fr\/blog\/?attachment_id=3367\" rel=\"attachment wp-att-3367\"><img loading=\"lazy\" decoding=\"async\" aria-describedby=\"caption-attachment-3367\" class=\"size-full wp-image-3367\" alt=\"R\u00e9partition de Ajuga genevensis L. ( Bugle de Gen\u00e8ve )\" src=\"https:\/\/www.preservons-la-nature.fr\/blog\/wp-content\/uploads\/2014\/05\/carte.jpg\" width=\"600\" height=\"600\" srcset=\"https:\/\/preservons-la-nature.fr\/blog\/wp-content\/uploads\/2014\/05\/carte.jpg 600w, https:\/\/preservons-la-nature.fr\/blog\/wp-content\/uploads\/2014\/05\/carte-150x150.jpg 150w, https:\/\/preservons-la-nature.fr\/blog\/wp-content\/uploads\/2014\/05\/carte-300x300.jpg 300w\" sizes=\"auto, (max-width: 600px) 100vw, 600px\" \/><\/a><p id=\"caption-attachment-3367\" class=\"wp-caption-text\">R\u00e9partition de Ajuga genevensis L. ( Bugle de Gen\u00e8ve )<\/p><\/div>\n<p><strong><span style=\"text-decoration: underline;\">Phytosociologie :<\/span><i><\/i><\/strong><\/p>\n<table>\n<tbody>\n<tr>\n<td>Alliance<\/td>\n<td>Ordre<\/td>\n<td>Classe<\/td>\n<\/tr>\n<tr>\n<td><strong>Koelerio macranthae-Phleion phleoidis<\/strong><\/td>\n<td><strong>Brometalia erecti<\/strong><\/td>\n<td><strong>Festuco valesiacae-Brometea erecti<\/strong><\/td>\n<\/tr>\n<tr>\n<td>Communaut\u00e9s subatlantiques, plus ou moins x\u00e9rophiles, acidiclines \u00e0 acidiphiles, surtout montagnardes.<\/td>\n<td>Communaut\u00e9s atlantiques \u00e0 subatlantiques.<\/td>\n<td>Pelouses \u00e0 dominance d\u2019h\u00e9micryptophytes, parfois landines et garrigues sous climat subm\u00e9diterran\u00e9en, x\u00e9rophiles \u00e0 m\u00e9sox\u00e9rophiles, collin\u00e9ennes \u00e0 montagnardes, europ\u00e9ennes et ouest-sib\u00e9riennes, surtout sur substrats carbonat\u00e9s ou basiques.<\/td>\n<\/tr>\n<\/tbody>\n<\/table>\n<table>\n<tbody>\n<tr>\n<td>Alliance<\/td>\n<td>Ordre<\/td>\n<td>Classe<\/td>\n<\/tr>\n<tr>\n<td><strong>Mesobromion erecti<\/strong><\/td>\n<td><strong>Brometalia erecti<\/strong><\/td>\n<td><strong>Festuco valesiacae-Brometea erecti<\/strong><\/td>\n<\/tr>\n<tr>\n<td>Communaut\u00e9s subatlantiques \u00e0 atlantiques, m\u00e9sox\u00e9rophiles \u00e0 x\u00e9rophiles.<\/td>\n<td>Communaut\u00e9s atlantiques \u00e0 subatlantiques.<\/td>\n<td>Pelouses \u00e0 dominance d\u2019h\u00e9micryptophytes, parfois landines et garrigues sous climat subm\u00e9diterran\u00e9en, x\u00e9rophiles \u00e0 m\u00e9sox\u00e9rophiles, collin\u00e9ennes \u00e0 montagnardes, europ\u00e9ennes et ouest-sib\u00e9riennes, surtout sur substrats carbonat\u00e9s ou basiques.<\/td>\n<\/tr>\n<\/tbody>\n<\/table>\n<table>\n<tbody>\n<tr>\n<td>Alliance<\/td>\n<td>Ordre<\/td>\n<td>Classe<\/td>\n<\/tr>\n<tr>\n<td><strong>Onopordion acanthii<\/strong><\/td>\n<td><strong>Onopordetalia acanthii<\/strong><\/td>\n<td><strong>Artemisietea vulgaris<\/strong><\/td>\n<\/tr>\n<tr>\n<td>Communaut\u00e9s g\u00e9n\u00e9ralement domin\u00e9es par de grands chardons, thermo-continentales et subm\u00e9diterran\u00e9ennes.<\/td>\n<td>Communaut\u00e9s thermophiles \u00e0 dominance de vivaces et de bisannuelles, eurosib\u00e9riennes \u00e0 subm\u00e9diterran\u00e9ennes.<\/td>\n<td>V\u00e9g\u00e9tation rud\u00e9rale, anthropog\u00e8ne, nitrophile \u00e0 dominance d\u2019esp\u00e8ces vivaces, eurosib\u00e9rienne et m\u00e9diterran\u00e9enne.<\/td>\n<\/tr>\n<\/tbody>\n<\/table>\n<p><strong><span style=\"text-decoration: underline;\">Taxonomie :<\/span><\/strong><br \/>\n<i>Ajuga genevensis L.<\/i> a pour synonymes (Informations issues de la BDTFX Version 2.0, <a href=\"http:\/\/www.tela-botanica.org\" target=\"_blank\">Tela Botanica<\/a>) :<i><br \/>\n&#8211; Ajuga alpina L.<br \/>\n&#8211; Ajuga astolonosa Schur<br \/>\n&#8211; Ajuga cryptostolon Lagr.-Foss.<br \/>\n&#8211; Ajuga genevensis var. glabrifolia Cariot &amp; St.-Lag.<br \/>\n&#8211; Ajuga genevensis var. longistyla Cariot &amp; St.-Lag.<br \/>\n&#8211; Ajuga interrupta Dulac<br \/>\n&#8211; Ajuga rugosa Host<br \/>\n&#8211; Ajuga vulgaris subsp. alpina (L.) Rouy<br \/>\n&#8211; Ajuga vulgaris subsp. genevensis (L.) Rouy<br \/>\n&#8211; Bugula alpina (L.) Delarbre<br \/>\n&#8211; Bugula alpina Gray<br \/>\n&#8211; Bugula genevensis (L.) Crantz<br \/>\n&#8211; Bugula pyramidalis Lam.<br \/>\n&#8211; Teucrium genevense (L.) Crantz<br \/>\n<\/i><\/p>\n","protected":false},"excerpt":{"rendered":"<p>Une fiche plus r&eacute;cente existe, vous pouvez la consulter ICI Nom : Ajuga genevensis L. ( Bugle de Gen\u00e8ve ) Autre(s) nom(s) : Bugle de Gen\u00e8ve. Famille : LAMIACEAE Floraison : Mai &#8211; Ao\u00fbt Description dans la flore de Coste &hellip; <a href=\"https:\/\/preservons-la-nature.fr\/blog\/?p=3364\">Continuer la lecture <span class=\"meta-nav\">&rarr;<\/span><\/a><\/p>\n","protected":false},"author":1,"featured_media":0,"comment_status":"open","ping_status":"open","sticky":false,"template":"","format":"standard","meta":{"footnotes":""},"categories":[102],"tags":[25],"class_list":["post-3364","post","type-post","status-publish","format-standard","hentry","category-fiche-partielle-de-plantes","tag-lamiacees"],"_links":{"self":[{"href":"https:\/\/preservons-la-nature.fr\/blog\/index.php?rest_route=\/wp\/v2\/posts\/3364","targetHints":{"allow":["GET"]}}],"collection":[{"href":"https:\/\/preservons-la-nature.fr\/blog\/index.php?rest_route=\/wp\/v2\/posts"}],"about":[{"href":"https:\/\/preservons-la-nature.fr\/blog\/index.php?rest_route=\/wp\/v2\/types\/post"}],"author":[{"embeddable":true,"href":"https:\/\/preservons-la-nature.fr\/blog\/index.php?rest_route=\/wp\/v2\/users\/1"}],"replies":[{"embeddable":true,"href":"https:\/\/preservons-la-nature.fr\/blog\/index.php?rest_route=%2Fwp%2Fv2%2Fcomments&post=3364"}],"version-history":[{"count":3,"href":"https:\/\/preservons-la-nature.fr\/blog\/index.php?rest_route=\/wp\/v2\/posts\/3364\/revisions"}],"predecessor-version":[{"id":4121,"href":"https:\/\/preservons-la-nature.fr\/blog\/index.php?rest_route=\/wp\/v2\/posts\/3364\/revisions\/4121"}],"wp:attachment":[{"href":"https:\/\/preservons-la-nature.fr\/blog\/index.php?rest_route=%2Fwp%2Fv2%2Fmedia&parent=3364"}],"wp:term":[{"taxonomy":"category","embeddable":true,"href":"https:\/\/preservons-la-nature.fr\/blog\/index.php?rest_route=%2Fwp%2Fv2%2Fcategories&post=3364"},{"taxonomy":"post_tag","embeddable":true,"href":"https:\/\/preservons-la-nature.fr\/blog\/index.php?rest_route=%2Fwp%2Fv2%2Ftags&post=3364"}],"curies":[{"name":"wp","href":"https:\/\/api.w.org\/{rel}","templated":true}]}}