{"id":3331,"date":"2014-04-04T00:44:30","date_gmt":"2014-04-03T23:44:30","guid":{"rendered":"https:\/\/www.preservons-la-nature.fr\/blog\/?p=3331"},"modified":"2014-03-30T08:48:33","modified_gmt":"2014-03-30T07:48:33","slug":"cotinus-coggygria-scop-arbre-a-perruque","status":"publish","type":"post","link":"https:\/\/preservons-la-nature.fr\/blog\/?p=3331","title":{"rendered":"Cotinus coggygria Scop. ( Arbre \u00e0 perruque )"},"content":{"rendered":"<p><STRONG>Une fiche plus r&eacute;cente existe, vous pouvez la consulter <a href=\"https:\/\/www.preservons-la-nature.fr\/flore\/taxon\/2103.html\">ICI<\/a><\/STRONG><div id=\"attachment_3334\" style=\"width: 650px\" class=\"wp-caption aligncenter\"><a href=\"https:\/\/www.preservons-la-nature.fr\/blog\/wp-content\/uploads\/2014\/04\/DSC05435.jpg\"><img loading=\"lazy\" decoding=\"async\" aria-describedby=\"caption-attachment-3334\" class=\"size-full wp-image-3334\" title=\"Cotinus coggygria Scop. ( Arbre \u00e0 perruque )\" alt=\"Cotinus coggygria Scop. ( Arbre \u00e0 perruque )\" src=\"https:\/\/www.preservons-la-nature.fr\/blog\/wp-content\/uploads\/2014\/04\/DSC05435.jpg\" width=\"640\" height=\"426\" srcset=\"https:\/\/preservons-la-nature.fr\/blog\/wp-content\/uploads\/2014\/04\/DSC05435.jpg 800w, https:\/\/preservons-la-nature.fr\/blog\/wp-content\/uploads\/2014\/04\/DSC05435-300x199.jpg 300w\" sizes=\"auto, (max-width: 640px) 100vw, 640px\" \/><\/a><p id=\"caption-attachment-3334\" class=\"wp-caption-text\">Cotinus coggygria Scop. ( Arbre \u00e0 perruque )<\/p><\/div><\/p>\n<p><strong><span style=\"text-decoration: underline;\">Nom :<\/span><\/strong> <i>Cotinus coggygria Scop.<\/i> ( Arbre \u00e0 perruque )<\/p>\n<p><strong><span style=\"text-decoration: underline;\">Autre(s) nom(s) :<\/span><\/strong><br \/>\nFustet, Sumac Fustet.<\/p>\n<p><strong><span style=\"text-decoration: underline;\">Famille :<\/span><\/strong> ANACARDIACEAE<\/p>\n<p><strong><span style=\"text-decoration: underline;\">Floraison :<\/span><\/strong> Mai &#8211; Juin<\/p>\n<p><strong><span style=\"text-decoration: underline;\">Forme biologique :<\/span><\/strong><br \/>\nPhan\u00e9rophyte.<\/p>\n<p><strong><span style=\"text-decoration: underline;\">Description dans la flore de Coste :<\/span><\/strong><br \/>\nFeuilles simples, obovales ou orbiculaires, obtuses, enti\u00e8res, glauques et mates sur les deux faces, rougissant \u00e0 l&rsquo;automne. Fleurs jaun\u00e2tres, en panicules amples, tr\u00e8s l\u00e2ches. P\u00e9dicelles d&rsquo;abord tr\u00e8s courts, munis sous chaque fleur d&rsquo;une seule bract\u00e9ole, la plupart st\u00e9riles, tr\u00e8s longs, tr\u00e8s velus et rendant la panicule plumeuse \u00e0 la maturit\u00e9. Drupe obovale, comprim\u00e9e, glabre, luisante et brune \u00e0 la maturit\u00e9.<\/p>\n<p><strong><span style=\"text-decoration: underline;\">Pr\u00e9sent dans le(s) d\u00e9partement(s) suivant(s) :<\/span><\/strong><br \/>\nAin, Alpes-de-Haute-Provence, Alpes-Maritimes, Ard\u00e8che, Aube, Aveyron, Bouches-du-Rh\u00f4ne, Cantal, Charente-Maritime, C\u00f4te-d&rsquo;Or, Dordogne, Dr\u00f4me, Essonne, Gard, Hautes-Alpes, Haute-Sa\u00f4ne, Haute-Savoie, H\u00e9rault, Is\u00e8re, Loire, Lot, Lot-et-Garonne, Rh\u00f4ne, Sa\u00f4ne-et-Loire, Savoie, Tarn-et-Garonne, Val-d&rsquo;Oise, Var, Vaucluse.<\/p>\n<div id=\"attachment_3337\" style=\"width: 610px\" class=\"wp-caption aligncenter\"><a href=\"https:\/\/www.preservons-la-nature.fr\/blog\/?attachment_id=3337\" rel=\"attachment wp-att-3337\"><img loading=\"lazy\" decoding=\"async\" aria-describedby=\"caption-attachment-3337\" class=\"size-full wp-image-3337\" alt=\"R\u00e9partition de Cotinus coggygria Scop. ( Arbre \u00e0 perruque )\" src=\"https:\/\/www.preservons-la-nature.fr\/blog\/wp-content\/uploads\/2014\/04\/carte9.jpg\" width=\"600\" height=\"600\" srcset=\"https:\/\/preservons-la-nature.fr\/blog\/wp-content\/uploads\/2014\/04\/carte9.jpg 600w, https:\/\/preservons-la-nature.fr\/blog\/wp-content\/uploads\/2014\/04\/carte9-150x150.jpg 150w, https:\/\/preservons-la-nature.fr\/blog\/wp-content\/uploads\/2014\/04\/carte9-300x300.jpg 300w\" sizes=\"auto, (max-width: 600px) 100vw, 600px\" \/><\/a><p id=\"caption-attachment-3337\" class=\"wp-caption-text\">R\u00e9partition de Cotinus coggygria Scop. ( Arbre \u00e0 perruque )<\/p><\/div>\n<div id=\"attachment_3333\" style=\"width: 650px\" class=\"wp-caption aligncenter\"><a href=\"https:\/\/www.preservons-la-nature.fr\/blog\/wp-content\/uploads\/2014\/04\/DSC6973.jpg\"><img loading=\"lazy\" decoding=\"async\" aria-describedby=\"caption-attachment-3333\" class=\" wp-image-3333 \" title=\"Cotinus coggygria Scop. ( Arbre \u00e0 perruque )\" alt=\"Cotinus coggygria Scop. ( Arbre \u00e0 perruque )\" src=\"https:\/\/www.preservons-la-nature.fr\/blog\/wp-content\/uploads\/2014\/04\/DSC6973.jpg\" width=\"640\" height=\"426\" srcset=\"https:\/\/preservons-la-nature.fr\/blog\/wp-content\/uploads\/2014\/04\/DSC6973.jpg 800w, https:\/\/preservons-la-nature.fr\/blog\/wp-content\/uploads\/2014\/04\/DSC6973-300x199.jpg 300w\" sizes=\"auto, (max-width: 640px) 100vw, 640px\" \/><\/a><p id=\"caption-attachment-3333\" class=\"wp-caption-text\">Cotinus coggygria Scop. ( Arbre \u00e0 perruque )<\/p><\/div>\n<div id=\"attachment_3335\" style=\"width: 370px\" class=\"wp-caption aligncenter\"><a href=\"https:\/\/www.preservons-la-nature.fr\/blog\/wp-content\/uploads\/2014\/04\/DSC09339.jpg\"><img loading=\"lazy\" decoding=\"async\" aria-describedby=\"caption-attachment-3335\" class=\" wp-image-3335\" title=\"Cotinus coggygria Scop. ( Arbre \u00e0 perruque )\" alt=\"Cotinus coggygria Scop. ( Arbre \u00e0 perruque )\" src=\"https:\/\/www.preservons-la-nature.fr\/blog\/wp-content\/uploads\/2014\/04\/DSC09339.jpg\" width=\"360\" height=\"540\" srcset=\"https:\/\/preservons-la-nature.fr\/blog\/wp-content\/uploads\/2014\/04\/DSC09339.jpg 400w, https:\/\/preservons-la-nature.fr\/blog\/wp-content\/uploads\/2014\/04\/DSC09339-200x300.jpg 200w\" sizes=\"auto, (max-width: 360px) 100vw, 360px\" \/><\/a><p id=\"caption-attachment-3335\" class=\"wp-caption-text\">Cotinus coggygria Scop. ( Arbre \u00e0 perruque )<\/p><\/div>\n<p><strong><span style=\"text-decoration: underline;\">Ecologie :<\/span><\/strong><br \/>\nCet arbuste appr\u00e9cie les sols secs, souvent en situation de pleine lumi\u00e8re, parfois mi-ombrag\u00e9e.<\/p>\n<p><strong><span style=\"text-decoration: underline;\">Taxonomie :<\/span><\/strong><br \/>\n<i>Cotinus coggygria Scop.<\/i> a pour synonymes (Informations issues de la BDTFX Version 2.0, <a href=\"http:\/\/www.tela-botanica.org\" target=\"_blank\">Tela Botanica<\/a>) :<i><br \/>\n&#8211; Rhus cotinus L.<br \/>\n&#8211; Rhus cotinus var. purpurea Rehder<br \/>\n&#8211; Rhus simplicifolia Salisb.<br \/>\n<\/i><\/p>\n","protected":false},"excerpt":{"rendered":"<p>Une fiche plus r&eacute;cente existe, vous pouvez la consulter ICI Nom : Cotinus coggygria Scop. ( Arbre \u00e0 perruque ) Autre(s) nom(s) : Fustet, Sumac Fustet. Famille : ANACARDIACEAE Floraison : Mai &#8211; Juin Forme biologique : Phan\u00e9rophyte. Description dans &hellip; <a href=\"https:\/\/preservons-la-nature.fr\/blog\/?p=3331\">Continuer la lecture <span class=\"meta-nav\">&rarr;<\/span><\/a><\/p>\n","protected":false},"author":1,"featured_media":0,"comment_status":"open","ping_status":"open","sticky":false,"template":"","format":"standard","meta":{"footnotes":""},"categories":[102],"tags":[125],"class_list":["post-3331","post","type-post","status-publish","format-standard","hentry","category-fiche-partielle-de-plantes","tag-anacardiaceae"],"_links":{"self":[{"href":"https:\/\/preservons-la-nature.fr\/blog\/index.php?rest_route=\/wp\/v2\/posts\/3331","targetHints":{"allow":["GET"]}}],"collection":[{"href":"https:\/\/preservons-la-nature.fr\/blog\/index.php?rest_route=\/wp\/v2\/posts"}],"about":[{"href":"https:\/\/preservons-la-nature.fr\/blog\/index.php?rest_route=\/wp\/v2\/types\/post"}],"author":[{"embeddable":true,"href":"https:\/\/preservons-la-nature.fr\/blog\/index.php?rest_route=\/wp\/v2\/users\/1"}],"replies":[{"embeddable":true,"href":"https:\/\/preservons-la-nature.fr\/blog\/index.php?rest_route=%2Fwp%2Fv2%2Fcomments&post=3331"}],"version-history":[{"count":3,"href":"https:\/\/preservons-la-nature.fr\/blog\/index.php?rest_route=\/wp\/v2\/posts\/3331\/revisions"}],"predecessor-version":[{"id":3338,"href":"https:\/\/preservons-la-nature.fr\/blog\/index.php?rest_route=\/wp\/v2\/posts\/3331\/revisions\/3338"}],"wp:attachment":[{"href":"https:\/\/preservons-la-nature.fr\/blog\/index.php?rest_route=%2Fwp%2Fv2%2Fmedia&parent=3331"}],"wp:term":[{"taxonomy":"category","embeddable":true,"href":"https:\/\/preservons-la-nature.fr\/blog\/index.php?rest_route=%2Fwp%2Fv2%2Fcategories&post=3331"},{"taxonomy":"post_tag","embeddable":true,"href":"https:\/\/preservons-la-nature.fr\/blog\/index.php?rest_route=%2Fwp%2Fv2%2Ftags&post=3331"}],"curies":[{"name":"wp","href":"https:\/\/api.w.org\/{rel}","templated":true}]}}