{"id":3325,"date":"2014-04-03T00:29:07","date_gmt":"2014-04-02T23:29:07","guid":{"rendered":"https:\/\/www.preservons-la-nature.fr\/blog\/?p=3325"},"modified":"2014-03-30T08:34:01","modified_gmt":"2014-03-30T07:34:01","slug":"anthriscus-nitida-wahlenb-hazsl-cerfeuil-lustre","status":"publish","type":"post","link":"https:\/\/preservons-la-nature.fr\/blog\/?p=3325","title":{"rendered":"Anthriscus nitida (Wahlenb.) Hazsl. ( Cerfeuil lustr\u00e9 )"},"content":{"rendered":"<p><STRONG>Une fiche plus r&eacute;cente existe, vous pouvez la consulter <a href=\"https:\/\/www.preservons-la-nature.fr\/flore\/taxon\/7538.html\">ICI<\/a><\/STRONG><div id=\"attachment_3328\" style=\"width: 370px\" class=\"wp-caption aligncenter\"><a href=\"https:\/\/www.preservons-la-nature.fr\/blog\/wp-content\/uploads\/2014\/03\/DSC09731.jpg\"><img loading=\"lazy\" decoding=\"async\" aria-describedby=\"caption-attachment-3328\" class=\" wp-image-3328\" title=\"Anthriscus nitida (Wahlenb.) Hazsl. ( Cerfeuil lustr\u00e9 )\" alt=\"Anthriscus nitida (Wahlenb.) Hazsl. ( Cerfeuil lustr\u00e9 )\" src=\"https:\/\/www.preservons-la-nature.fr\/blog\/wp-content\/uploads\/2014\/03\/DSC09731.jpg\" width=\"360\" height=\"540\" srcset=\"https:\/\/preservons-la-nature.fr\/blog\/wp-content\/uploads\/2014\/03\/DSC09731.jpg 400w, https:\/\/preservons-la-nature.fr\/blog\/wp-content\/uploads\/2014\/03\/DSC09731-200x300.jpg 200w\" sizes=\"auto, (max-width: 360px) 100vw, 360px\" \/><\/a><p id=\"caption-attachment-3328\" class=\"wp-caption-text\">Anthriscus nitida (Wahlenb.) Hazsl. ( Cerfeuil lustr\u00e9 )<\/p><\/div><\/p>\n<p><strong><span style=\"text-decoration: underline;\">Nom :<\/span><\/strong> <i>Anthriscus nitida (Wahlenb.) Hazsl.<\/i> ( Cerfeuil lustr\u00e9 )<\/p>\n<p><strong><span style=\"text-decoration: underline;\">Famille :<\/span><\/strong> APIACEAE<\/p>\n<p><strong><span style=\"text-decoration: underline;\">Pr\u00e9sent dans le(s) d\u00e9partement(s) suivant(s) :<\/span><\/strong><br \/>\nAlpes-de-Haute-Provence, Alpes-Maritimes, Doubs, Hautes-Alpes, Haute-Sa\u00f4ne, Haute-Savoie, Haut-Rhin, Is\u00e8re, Jura, Var, Vosges.<\/p>\n<div id=\"attachment_3329\" style=\"width: 610px\" class=\"wp-caption aligncenter\"><a href=\"https:\/\/www.preservons-la-nature.fr\/blog\/?attachment_id=3329\" rel=\"attachment wp-att-3329\"><img loading=\"lazy\" decoding=\"async\" aria-describedby=\"caption-attachment-3329\" class=\"size-full wp-image-3329\" alt=\"R\u00e9partition de Anthriscus nitida (Wahlenb.) Hazsl. ( Cerfeuil lustr\u00e9 )\" src=\"https:\/\/www.preservons-la-nature.fr\/blog\/wp-content\/uploads\/2014\/03\/carte67.jpg\" width=\"600\" height=\"600\" srcset=\"https:\/\/preservons-la-nature.fr\/blog\/wp-content\/uploads\/2014\/03\/carte67.jpg 600w, https:\/\/preservons-la-nature.fr\/blog\/wp-content\/uploads\/2014\/03\/carte67-150x150.jpg 150w, https:\/\/preservons-la-nature.fr\/blog\/wp-content\/uploads\/2014\/03\/carte67-300x300.jpg 300w\" sizes=\"auto, (max-width: 600px) 100vw, 600px\" \/><\/a><p id=\"caption-attachment-3329\" class=\"wp-caption-text\">R\u00e9partition de Anthriscus nitida (Wahlenb.) Hazsl. ( Cerfeuil lustr\u00e9 )<\/p><\/div>\n<div id=\"attachment_3326\" style=\"width: 370px\" class=\"wp-caption aligncenter\"><a href=\"https:\/\/www.preservons-la-nature.fr\/blog\/wp-content\/uploads\/2014\/03\/DSC09729.jpg\"><img loading=\"lazy\" decoding=\"async\" aria-describedby=\"caption-attachment-3326\" class=\" wp-image-3326 \" title=\"Anthriscus nitida (Wahlenb.) Hazsl. ( Cerfeuil lustr\u00e9 )\" alt=\"Anthriscus nitida (Wahlenb.) Hazsl. ( Cerfeuil lustr\u00e9 )\" src=\"https:\/\/www.preservons-la-nature.fr\/blog\/wp-content\/uploads\/2014\/03\/DSC09729.jpg\" width=\"360\" height=\"540\" srcset=\"https:\/\/preservons-la-nature.fr\/blog\/wp-content\/uploads\/2014\/03\/DSC09729.jpg 400w, https:\/\/preservons-la-nature.fr\/blog\/wp-content\/uploads\/2014\/03\/DSC09729-200x300.jpg 200w\" sizes=\"auto, (max-width: 360px) 100vw, 360px\" \/><\/a><p id=\"caption-attachment-3326\" class=\"wp-caption-text\">Anthriscus nitida (Wahlenb.) Hazsl. ( Cerfeuil lustr\u00e9 )<\/p><\/div>\n<div id=\"attachment_3327\" style=\"width: 650px\" class=\"wp-caption aligncenter\"><a href=\"https:\/\/www.preservons-la-nature.fr\/blog\/wp-content\/uploads\/2014\/03\/DSC09730.jpg\"><img loading=\"lazy\" decoding=\"async\" aria-describedby=\"caption-attachment-3327\" class=\"size-full wp-image-3327\" title=\"Anthriscus nitida (Wahlenb.) Hazsl. ( Cerfeuil lustr\u00e9 )\" alt=\"Anthriscus nitida (Wahlenb.) Hazsl. ( Cerfeuil lustr\u00e9 )\" src=\"https:\/\/www.preservons-la-nature.fr\/blog\/wp-content\/uploads\/2014\/03\/DSC09730.jpg\" width=\"640\" height=\"426\" srcset=\"https:\/\/preservons-la-nature.fr\/blog\/wp-content\/uploads\/2014\/03\/DSC09730.jpg 800w, https:\/\/preservons-la-nature.fr\/blog\/wp-content\/uploads\/2014\/03\/DSC09730-300x199.jpg 300w\" sizes=\"auto, (max-width: 640px) 100vw, 640px\" \/><\/a><p id=\"caption-attachment-3327\" class=\"wp-caption-text\">Anthriscus nitida (Wahlenb.) Hazsl. ( Cerfeuil lustr\u00e9 )<\/p><\/div>\n<p><strong><span style=\"text-decoration: underline;\">Taxonomie :<\/span><\/strong><br \/>\n<i>Anthriscus nitida (Wahlenb.) Hazsl.<\/i> a pour synonymes (Informations issues de la BDTFX Version 2.0, <a href=\"http:\/\/www.tela-botanica.org\" target=\"_blank\">Tela Botanica<\/a>) :<i><br \/>\n&#8211; Anthriscus abortiva Jord.<br \/>\n&#8211; Anthriscus alpestris subsp. torquata (Duby) Nyman<br \/>\n&#8211; Anthriscus alpestris Wimm. &amp; Grab.<br \/>\n&#8211; Anthriscus cicutaria (Vill.) Duby<br \/>\n&#8211; Anthriscus cicutaria Duby<br \/>\n&#8211; Anthriscus dubia Kabath<br \/>\n&#8211; Anthriscus faurei Sennen<br \/>\n&#8211; Anthriscus nitida Garcke<br \/>\n&#8211; Anthriscus sylvestris proles alpestris (Wimm. &amp; Grab.) Rouy &amp; E.G.Camus<br \/>\n&#8211; Anthriscus sylvestris proles cicutaria (Duby) Rouy &amp; E.G.Camus<br \/>\n&#8211; Anthriscus sylvestris subsp. alpestris (Wimm. &amp; Grab.) Gremli<br \/>\n&#8211; Anthriscus sylvestris subsp. candollei Rouy &amp; E.G.Camus<br \/>\n&#8211; Anthriscus sylvestris subsp. faurei Sennen<br \/>\n&#8211; Anthriscus sylvestris subsp. nitida (Wahlenb.) Briq.<br \/>\n&#8211; Anthriscus sylvestris var. alpestris Gren. &amp; Godr.<br \/>\n&#8211; Anthriscus sylvestris var. nitida (Wahlenb.) Briq.<br \/>\n&#8211; Anthriscus torquata Duby<br \/>\n&#8211; Cerefolium nitidum (Wahlenb.) Celak.<br \/>\n&#8211; Chaerefolium sylvestre subsp. alpestre (Wimm. &amp; Grab.) Schinz &amp; Thell.<br \/>\n&#8211; Chaerefolium sylvestre subsp. nitidum (Wahlenb.) Schinz &amp; Thell.<br \/>\n&#8211; Chaerophyllum nitidum Wahlenb.<br \/>\n&#8211; Myrrhoides alpestre (Wimm. &amp; Grab.) Kuntze<br \/>\n&#8211; Selinum nitidum (Wahlenb.) E.H.L.Krause<br \/>\n<\/i><\/p>\n","protected":false},"excerpt":{"rendered":"<p>Une fiche plus r&eacute;cente existe, vous pouvez la consulter ICI Nom : Anthriscus nitida (Wahlenb.) Hazsl. ( Cerfeuil lustr\u00e9 ) Famille : APIACEAE Pr\u00e9sent dans le(s) d\u00e9partement(s) suivant(s) : Alpes-de-Haute-Provence, Alpes-Maritimes, Doubs, Hautes-Alpes, Haute-Sa\u00f4ne, Haute-Savoie, Haut-Rhin, Is\u00e8re, Jura, Var, Vosges. &hellip; <a href=\"https:\/\/preservons-la-nature.fr\/blog\/?p=3325\">Continuer la lecture <span class=\"meta-nav\">&rarr;<\/span><\/a><\/p>\n","protected":false},"author":1,"featured_media":0,"comment_status":"open","ping_status":"open","sticky":false,"template":"","format":"standard","meta":{"footnotes":""},"categories":[102],"tags":[58],"class_list":["post-3325","post","type-post","status-publish","format-standard","hentry","category-fiche-partielle-de-plantes","tag-apiacees"],"_links":{"self":[{"href":"https:\/\/preservons-la-nature.fr\/blog\/index.php?rest_route=\/wp\/v2\/posts\/3325","targetHints":{"allow":["GET"]}}],"collection":[{"href":"https:\/\/preservons-la-nature.fr\/blog\/index.php?rest_route=\/wp\/v2\/posts"}],"about":[{"href":"https:\/\/preservons-la-nature.fr\/blog\/index.php?rest_route=\/wp\/v2\/types\/post"}],"author":[{"embeddable":true,"href":"https:\/\/preservons-la-nature.fr\/blog\/index.php?rest_route=\/wp\/v2\/users\/1"}],"replies":[{"embeddable":true,"href":"https:\/\/preservons-la-nature.fr\/blog\/index.php?rest_route=%2Fwp%2Fv2%2Fcomments&post=3325"}],"version-history":[{"count":1,"href":"https:\/\/preservons-la-nature.fr\/blog\/index.php?rest_route=\/wp\/v2\/posts\/3325\/revisions"}],"predecessor-version":[{"id":3330,"href":"https:\/\/preservons-la-nature.fr\/blog\/index.php?rest_route=\/wp\/v2\/posts\/3325\/revisions\/3330"}],"wp:attachment":[{"href":"https:\/\/preservons-la-nature.fr\/blog\/index.php?rest_route=%2Fwp%2Fv2%2Fmedia&parent=3325"}],"wp:term":[{"taxonomy":"category","embeddable":true,"href":"https:\/\/preservons-la-nature.fr\/blog\/index.php?rest_route=%2Fwp%2Fv2%2Fcategories&post=3325"},{"taxonomy":"post_tag","embeddable":true,"href":"https:\/\/preservons-la-nature.fr\/blog\/index.php?rest_route=%2Fwp%2Fv2%2Ftags&post=3325"}],"curies":[{"name":"wp","href":"https:\/\/api.w.org\/{rel}","templated":true}]}}