{"id":3318,"date":"2014-04-02T00:24:23","date_gmt":"2014-04-01T23:24:23","guid":{"rendered":"https:\/\/www.preservons-la-nature.fr\/blog\/?p=3318"},"modified":"2014-10-29T10:50:10","modified_gmt":"2014-10-29T09:50:10","slug":"allium-vineale-l-ail-des-vignes","status":"publish","type":"post","link":"https:\/\/preservons-la-nature.fr\/blog\/?p=3318","title":{"rendered":"Allium vineale L. ( Ail des vignes )"},"content":{"rendered":"<p><STRONG>Une fiche plus r\u00e9cente existe, vous pouvez la consulter <a href=\"https:\/\/www.preservons-la-nature.fr\/flore\/taxon\/45.html\">ICI<\/a><\/STRONG><\/p>\n<div id=\"attachment_3320\" style=\"width: 370px\" class=\"wp-caption aligncenter\"><a href=\"https:\/\/www.preservons-la-nature.fr\/blog\/wp-content\/uploads\/2014\/04\/DSC0270.jpg\"><img loading=\"lazy\" decoding=\"async\" aria-describedby=\"caption-attachment-3320\" class=\" wp-image-3320 \" title=\"Allium vineale L. ( Ail des vignes )\" alt=\"Allium vineale L. ( Ail des vignes )\" src=\"https:\/\/www.preservons-la-nature.fr\/blog\/wp-content\/uploads\/2014\/04\/DSC0270.jpg\" width=\"360\" height=\"540\" srcset=\"https:\/\/preservons-la-nature.fr\/blog\/wp-content\/uploads\/2014\/04\/DSC0270.jpg 400w, https:\/\/preservons-la-nature.fr\/blog\/wp-content\/uploads\/2014\/04\/DSC0270-200x300.jpg 200w\" sizes=\"auto, (max-width: 360px) 100vw, 360px\" \/><\/a><p id=\"caption-attachment-3320\" class=\"wp-caption-text\">Allium vineale L. ( Ail des vignes )<\/p><\/div>\n<p><strong><span style=\"text-decoration: underline;\">Nom :<\/span><\/strong> <i>Allium vineale L.<\/i> ( Ail des vignes )<\/p>\n<p><strong><span style=\"text-decoration: underline;\">Autre(s) nom(s) :<\/span><\/strong><br \/>\nOignon b\u00e2tard.<\/p>\n<p><strong><span style=\"text-decoration: underline;\">Famille :<\/span><\/strong> AMARYLLIDACEAE<\/p>\n<p><strong><span style=\"text-decoration: underline;\">Floraison :<\/span><\/strong> Juin &#8211; Juillet<\/p>\n<p><strong><span style=\"text-decoration: underline;\">Protection :<\/span><\/strong><br \/>\n&#8211; Liste rouge europ\u00e9enne IUCN 2012 LC<\/p>\n<p><strong><span style=\"text-decoration: underline;\">Description dans la flore de Coste :<\/span><\/strong><br \/>\nPlante vivace de 30-80 cm, glabre, \u00e0 bulbe ovo\u00efde entour\u00e9 de nombreux bulbilles, \u00e0 forte odeur alliac\u00e9e ; tige cylindrique, pleine, feuill\u00e9e jusqu&rsquo;au milieu ; feuilles subcylindriques, creuses, \u00e0 sillon \u00e9troit en dessus, glauques ; spathe univalve, ovale-aigu\u00eb ; fleurs rose p\u00e2le ou blanch\u00e2tres, peu nombreuses, en t\u00eate globuleuse serr\u00e9e, souvent toute bulbillif\u00e8re ; p\u00e9dicelles renfl\u00e9s-globuleux sous la fleur, 4-5 fois plus longs qu&rsquo;elle ; p\u00e9rianthe en cloche ; \u00e9tamines saillantes, les 3 int\u00e9rieures \u00e0 filets trifides, la pointe m\u00e9diane plus courte ; capsule \u00e0 sommet ombiliqu\u00e9.<\/p>\n<p><strong><span style=\"text-decoration: underline;\">Pr\u00e9sent dans le(s) d\u00e9partement(s) suivant(s) :<\/span><\/strong><br \/>\nAisne, Allier, Alpes-de-Haute-Provence, Alpes-Maritimes, Ardennes, Aube, Bas-Rhin, Bouches-du-Rh\u00f4ne, Calvados, Cantal, Charente, Charente-Maritime, Cher, Corr\u00e8ze, C\u00f4te-d&rsquo;Or, C\u00f4tes-d&rsquo;Armor, Creuse, Deux-S\u00e8vres, Dordogne, Doubs, Essonne, Eure, Eure-et-Loir, Finist\u00e8re, Gironde, Haute-Corse, Haute-Loire, Haute-Marne, Hautes-Alpes, Haute-Sa\u00f4ne, Haute-Vienne, Haut-Rhin, Hauts-de-Seine, Ille-et-Vilaine, Indre, Indre-et-Loire, Is\u00e8re, Jura, Loire-Atlantique, Loiret, Loir-et-Cher, Lot, Lot-et-Garonne, Loz\u00e8re, Maine-et-Loire, Manche, Marne, Mayenne, Meurthe-et-Moselle, Meuse, Morbihan, Moselle, Ni\u00e8vre, Nord, Oise, Orne, Paris, Pas-de-Calais, Sa\u00f4ne-et-Loire, Sarthe, Seine-et-Marne, Seine-Maritime, Seine-Saint-Denis, Somme, Tarn-et-Garonne, Territoire-de-Belfort, Val-de-Marne, Val-d&rsquo;Oise, Var, Vaucluse, Vend\u00e9e, Vienne, Vosges, Yonne, Yvelines.<\/p>\n<div id=\"attachment_3323\" style=\"width: 610px\" class=\"wp-caption aligncenter\"><a href=\"https:\/\/www.preservons-la-nature.fr\/blog\/?attachment_id=3323\" rel=\"attachment wp-att-3323\"><img loading=\"lazy\" decoding=\"async\" aria-describedby=\"caption-attachment-3323\" class=\"size-full wp-image-3323\" alt=\"R\u00e9partition de Allium vineale L. ( Ail des vignes )\" src=\"https:\/\/www.preservons-la-nature.fr\/blog\/wp-content\/uploads\/2014\/04\/carte8.jpg\" width=\"600\" height=\"600\" srcset=\"https:\/\/preservons-la-nature.fr\/blog\/wp-content\/uploads\/2014\/04\/carte8.jpg 600w, https:\/\/preservons-la-nature.fr\/blog\/wp-content\/uploads\/2014\/04\/carte8-150x150.jpg 150w, https:\/\/preservons-la-nature.fr\/blog\/wp-content\/uploads\/2014\/04\/carte8-300x300.jpg 300w\" sizes=\"auto, (max-width: 600px) 100vw, 600px\" \/><\/a><p id=\"caption-attachment-3323\" class=\"wp-caption-text\">R\u00e9partition de Allium vineale L. ( Ail des vignes )<\/p><\/div>\n<div id=\"attachment_3321\" style=\"width: 370px\" class=\"wp-caption aligncenter\"><a href=\"https:\/\/www.preservons-la-nature.fr\/blog\/wp-content\/uploads\/2014\/04\/DSC9939.jpg\"><img loading=\"lazy\" decoding=\"async\" aria-describedby=\"caption-attachment-3321\" class=\" wp-image-3321\" title=\"Allium vineale L. ( Ail des vignes )\" alt=\"Allium vineale L. ( Ail des vignes )\" src=\"https:\/\/www.preservons-la-nature.fr\/blog\/wp-content\/uploads\/2014\/04\/DSC9939.jpg\" width=\"360\" height=\"540\" srcset=\"https:\/\/preservons-la-nature.fr\/blog\/wp-content\/uploads\/2014\/04\/DSC9939.jpg 400w, https:\/\/preservons-la-nature.fr\/blog\/wp-content\/uploads\/2014\/04\/DSC9939-200x300.jpg 200w\" sizes=\"auto, (max-width: 360px) 100vw, 360px\" \/><\/a><p id=\"caption-attachment-3321\" class=\"wp-caption-text\">Allium vineale L. ( Ail des vignes )<\/p><\/div>\n<p><strong><span style=\"text-decoration: underline;\">Phytosociologie :<\/span><i><\/i><\/strong><\/p>\n<table>\n<tbody>\n<tr>\n<td>Alliance<\/td>\n<td>Ordre<\/td>\n<td>Classe<\/td>\n<\/tr>\n<tr>\n<td><strong>Veronico agrestis-Euphorbion peplus<\/strong><\/td>\n<td><strong>Chenopodietalia albi<\/strong><\/td>\n<td><strong>Stellarietea mediae<\/strong><\/td>\n<\/tr>\n<tr>\n<td>Communaut\u00e9s eurosib\u00e9riennes sur sol tr\u00e8s fertile et enrichi en mati\u00e8re organique.<\/td>\n<td>Communaut\u00e9s principalement des cultures sarcl\u00e9es, sur sol eutrophe.<\/td>\n<td>V\u00e9g\u00e9tation annuelle, nitrophile, commensale des cultures annuelles ou sarcl\u00e9es.<\/td>\n<\/tr>\n<\/tbody>\n<\/table>\n<p><strong><span style=\"text-decoration: underline;\">Taxonomie :<\/span><\/strong><br \/>\n<i>Allium vineale L.<\/i> a pour synonymes (Informations issues de la BDTFX Version 2.0, <a href=\"http:\/\/www.tela-botanica.org\" target=\"_blank\">Tela Botanica<\/a>) :<i><br \/>\n&#8211; Allium affine Boiss. &amp; Heldr.<br \/>\n&#8211; Allium arvense Boreau<br \/>\n&#8211; Allium assimile Hal\u00e1csy<br \/>\n&#8211; Allium campestre Bubani<br \/>\n&#8211; Allium compactum Thuill.<br \/>\n&#8211; Allium cupuliferum Regel<br \/>\n&#8211; Allium kochii Lange<br \/>\n&#8211; Allium laxiflorum Tausch<br \/>\n&#8211; Allium littoreum Bertol.<br \/>\n&#8211; Allium monspessulanum Willd. ex Schltdl.<br \/>\n&#8211; Allium nitens Sauz\u00e9 &amp; Maillard<br \/>\n&#8211; Allium parviflorum Desv.<br \/>\n&#8211; Allium purshii G.Don<br \/>\n&#8211; Allium rilaense Panov<br \/>\n&#8211; Allium sphaerocephalon var. compactum (Thuill.) Cariot &amp; St.-Lag.<br \/>\n&#8211; Allium subvineale Wendelbo<br \/>\n&#8211; Allium tenuiflorum Delastre<br \/>\n&#8211; Allium vineale [var.] monspessulanum (Willd. ex Schltdl.) P.Fourn.<br \/>\n&#8211; Allium vineale proles nitens (Sauz\u00e9 &amp; Maillard) Rouy<br \/>\n&#8211; Allium vineale subsp. affine (Boiss. &amp; Heldr.) K.Richt.<br \/>\n&#8211; Allium vineale subsp. compactum (Thuill.) Berher<br \/>\n&#8211; Allium vineale subsp. cupuliferum (Regel) K.Richt.<br \/>\n&#8211; Allium vineale subsp. kochii (Lange) K.Richt.<br \/>\n&#8211; Allium vineale subsp. monspessulanum Nyman<br \/>\n&#8211; Allium vineale var. capsuliferum W.D.J.Koch<br \/>\n&#8211; Allium vineale var. compactum (Thuill.) Boreau<br \/>\n&#8211; Allium vineale var. laxiflorum (Tausch) Rouy<br \/>\n&#8211; Allium vineale var. nitens (Sauz\u00e9 &amp; Maillard) Nyman<br \/>\n&#8211; Allium vineale var. nitens (Sauz\u00e9 &amp; Maillard) P.Fourn.<br \/>\n&#8211; Allium vineale var. virens Boiss.<br \/>\n&#8211; Getuonis vinealis (L.) Raf.<br \/>\n&#8211; Porrum arenarium Rchb.<br \/>\n&#8211; Porrum vineale (L.) Schur<br \/>\n<\/i><\/p>\n","protected":false},"excerpt":{"rendered":"<p>Une fiche plus r\u00e9cente existe, vous pouvez la consulter ICI Nom : Allium vineale L. ( Ail des vignes ) Autre(s) nom(s) : Oignon b\u00e2tard. Famille : AMARYLLIDACEAE Floraison : Juin &#8211; Juillet Protection : &#8211; Liste rouge europ\u00e9enne IUCN &hellip; <a href=\"https:\/\/preservons-la-nature.fr\/blog\/?p=3318\">Continuer la lecture <span class=\"meta-nav\">&rarr;<\/span><\/a><\/p>\n","protected":false},"author":1,"featured_media":0,"comment_status":"open","ping_status":"open","sticky":false,"template":"","format":"standard","meta":{"footnotes":""},"categories":[102],"tags":[97],"class_list":["post-3318","post","type-post","status-publish","format-standard","hentry","category-fiche-partielle-de-plantes","tag-amaryllidacees"],"_links":{"self":[{"href":"https:\/\/preservons-la-nature.fr\/blog\/index.php?rest_route=\/wp\/v2\/posts\/3318","targetHints":{"allow":["GET"]}}],"collection":[{"href":"https:\/\/preservons-la-nature.fr\/blog\/index.php?rest_route=\/wp\/v2\/posts"}],"about":[{"href":"https:\/\/preservons-la-nature.fr\/blog\/index.php?rest_route=\/wp\/v2\/types\/post"}],"author":[{"embeddable":true,"href":"https:\/\/preservons-la-nature.fr\/blog\/index.php?rest_route=\/wp\/v2\/users\/1"}],"replies":[{"embeddable":true,"href":"https:\/\/preservons-la-nature.fr\/blog\/index.php?rest_route=%2Fwp%2Fv2%2Fcomments&post=3318"}],"version-history":[{"count":4,"href":"https:\/\/preservons-la-nature.fr\/blog\/index.php?rest_route=\/wp\/v2\/posts\/3318\/revisions"}],"predecessor-version":[{"id":4103,"href":"https:\/\/preservons-la-nature.fr\/blog\/index.php?rest_route=\/wp\/v2\/posts\/3318\/revisions\/4103"}],"wp:attachment":[{"href":"https:\/\/preservons-la-nature.fr\/blog\/index.php?rest_route=%2Fwp%2Fv2%2Fmedia&parent=3318"}],"wp:term":[{"taxonomy":"category","embeddable":true,"href":"https:\/\/preservons-la-nature.fr\/blog\/index.php?rest_route=%2Fwp%2Fv2%2Fcategories&post=3318"},{"taxonomy":"post_tag","embeddable":true,"href":"https:\/\/preservons-la-nature.fr\/blog\/index.php?rest_route=%2Fwp%2Fv2%2Ftags&post=3318"}],"curies":[{"name":"wp","href":"https:\/\/api.w.org\/{rel}","templated":true}]}}