{"id":3280,"date":"2014-03-29T00:53:44","date_gmt":"2014-03-28T23:53:44","guid":{"rendered":"https:\/\/www.preservons-la-nature.fr\/blog\/?p=3280"},"modified":"2014-03-26T06:56:36","modified_gmt":"2014-03-26T05:56:36","slug":"ranunculus-trichophyllus-chaix-renoncule-a-feuilles-capillaires","status":"publish","type":"post","link":"https:\/\/preservons-la-nature.fr\/blog\/?p=3280","title":{"rendered":"Ranunculus trichophyllus Chaix ( Renoncule \u00e0 feuilles capillaires )"},"content":{"rendered":"<p><STRONG>Une fiche plus r&eacute;cente existe, vous pouvez la consulter <a href=\"https:\/\/www.preservons-la-nature.fr\/flore\/taxon\/974.html\">ICI<\/a><\/STRONG><div id=\"attachment_3281\" style=\"width: 650px\" class=\"wp-caption aligncenter\"><a href=\"https:\/\/www.preservons-la-nature.fr\/blog\/wp-content\/uploads\/2014\/03\/DSC1006.jpg\"><img loading=\"lazy\" decoding=\"async\" aria-describedby=\"caption-attachment-3281\" class=\" wp-image-3281 \" title=\"Ranunculus trichophyllus Chaix ( Renoncule \u00e0 feuilles capillaires )\" alt=\"Ranunculus trichophyllus Chaix ( Renoncule \u00e0 feuilles capillaires )\" src=\"https:\/\/www.preservons-la-nature.fr\/blog\/wp-content\/uploads\/2014\/03\/DSC1006.jpg\" width=\"640\" height=\"426\" srcset=\"https:\/\/preservons-la-nature.fr\/blog\/wp-content\/uploads\/2014\/03\/DSC1006.jpg 800w, https:\/\/preservons-la-nature.fr\/blog\/wp-content\/uploads\/2014\/03\/DSC1006-300x199.jpg 300w\" sizes=\"auto, (max-width: 640px) 100vw, 640px\" \/><\/a><p id=\"caption-attachment-3281\" class=\"wp-caption-text\">Ranunculus trichophyllus Chaix ( Renoncule \u00e0 feuilles capillaires )<\/p><\/div><\/p>\n<p><strong><span style=\"text-decoration: underline;\">Nom :<\/span><\/strong> <i>Ranunculus trichophyllus Chaix<\/i> ( Renoncule \u00e0 feuilles capillaires )<\/p>\n<p><strong><span style=\"text-decoration: underline;\">Autre(s) nom(s) :<\/span><\/strong><br \/>\nRenoncule divariqu\u00e9e.<\/p>\n<p><strong><span style=\"text-decoration: underline;\">Famille :<\/span><\/strong> RANUNCULACEAE<\/p>\n<p><strong><span style=\"text-decoration: underline;\">Floraison :<\/span><\/strong> Avril &#8211; Juin<\/p>\n<p><strong><span style=\"text-decoration: underline;\">Protection :<\/span><\/strong><br \/>\n&#8211; Liste rouge europ\u00e9enne IUCN 2012 LC<\/p>\n<p><strong><span style=\"text-decoration: underline;\">Description dans la flore de Coste :<\/span><\/strong><br \/>\nPlante vivace, \u00e0 tiges gr\u00eales ou assez robustes, creuses ; feuilles normalement toutes d\u00e9coup\u00e9es en lani\u00e8res capillaires, molles ou assez raides, \u00e9tal\u00e9es en tous sens ; stipules formant une gaine ventrue, libres dans la moiti\u00e9 sup\u00e9rieure ; p\u00e9doncule ne d\u00e9passant pas la feuille au moment de la floraison ; fleurs \u00e0 p\u00e9tales \u00e9cart\u00e9s \u00e0 la base, 1-2 fois plus longs que le calice, \u00e0 onglet jaune ; stigmate presque ovale ; carpelles h\u00e9riss\u00e9s, \u00e0 sommet un peu aigu ; r\u00e9ceptacle ovo\u00efde, h\u00e9riss\u00e9.Plante tr\u00e8s polymorphe.<\/p>\n<p><strong><span style=\"text-decoration: underline;\">Usages \/ particularit\u00e9s :<\/span><\/strong><br \/>\nComme toutes les renoncules, la plante renferme une substance la proto-an\u00e9monine. Celle-ci est toxique. Si elle est ing\u00e9r\u00e9e, elle provoque des troubles nerveux importants. Au contact de la peau, ou de la bouche, elle provoque des boursouflures. Les mendiants au Moyen-Age l&rsquo;utilsaient sur leur peau.<\/p>\n<p><strong><span style=\"text-decoration: underline;\">Pr\u00e9sent dans le(s) d\u00e9partement(s) suivant(s) :<\/span><\/strong><br \/>\nAin, Aisne, Alpes-de-Haute-Provence, Alpes-Maritimes, Ardennes, Aube, Bas-Rhin, Bouches-du-Rh\u00f4ne, Calvados, Cantal, Charente, Charente-Maritime, Cher, Corse-du-Sud, C\u00f4te-d&rsquo;Or, C\u00f4tes-d&rsquo;Armor, Deux-S\u00e8vres, Doubs, Essonne, Eure, Eure-et-Loir, Finist\u00e8re, Gironde, Haute-Corse, Haute-Loire, Haute-Marne, Hautes-Alpes, Haute-Sa\u00f4ne, Hautes-Pyr\u00e9n\u00e9es, Haut-Rhin, Ille-et-Vilaine, Indre, Indre-et-Loire, Is\u00e8re, Jura, Landes, Loire-Atlantique, Loiret, Loir-et-Cher, Lot-et-Garonne, Maine-et-Loire, Manche, Marne, Mayenne, Meurthe-et-Moselle, Meuse, Morbihan, Moselle, Nord, Oise, Orne, Pas-de-Calais, Sa\u00f4ne-et-Loire, Sarthe, Savoie, Seine-et-Marne, Seine-Maritime, Seine-Saint-Denis, Somme, Tarn-et-Garonne, Territoire-de-Belfort, Val-de-Marne, Val-d&rsquo;Oise, Var, Vaucluse, Vend\u00e9e, Vienne, Vosges, Yonne, Yvelines.<\/p>\n<div id=\"attachment_3283\" style=\"width: 610px\" class=\"wp-caption aligncenter\"><a href=\"https:\/\/www.preservons-la-nature.fr\/blog\/?attachment_id=3283\" rel=\"attachment wp-att-3283\"><img loading=\"lazy\" decoding=\"async\" aria-describedby=\"caption-attachment-3283\" class=\"size-full wp-image-3283\" alt=\"R\u00e9partition de Ranunculus trichophyllus Chaix ( Renoncule \u00e0 feuilles capillaires )\" src=\"https:\/\/www.preservons-la-nature.fr\/blog\/wp-content\/uploads\/2014\/03\/carte61.jpg\" width=\"600\" height=\"600\" srcset=\"https:\/\/preservons-la-nature.fr\/blog\/wp-content\/uploads\/2014\/03\/carte61.jpg 600w, https:\/\/preservons-la-nature.fr\/blog\/wp-content\/uploads\/2014\/03\/carte61-150x150.jpg 150w, https:\/\/preservons-la-nature.fr\/blog\/wp-content\/uploads\/2014\/03\/carte61-300x300.jpg 300w\" sizes=\"auto, (max-width: 600px) 100vw, 600px\" \/><\/a><p id=\"caption-attachment-3283\" class=\"wp-caption-text\">R\u00e9partition de Ranunculus trichophyllus Chaix ( Renoncule \u00e0 feuilles capillaires )<\/p><\/div>\n<div id=\"attachment_3282\" style=\"width: 650px\" class=\"wp-caption aligncenter\"><a href=\"https:\/\/www.preservons-la-nature.fr\/blog\/wp-content\/uploads\/2014\/03\/DSC01332.jpg\"><img loading=\"lazy\" decoding=\"async\" aria-describedby=\"caption-attachment-3282\" class=\"size-full wp-image-3282\" title=\"Ranunculus trichophyllus Chaix ( Renoncule \u00e0 feuilles capillaires )\" alt=\"Ranunculus trichophyllus Chaix ( Renoncule \u00e0 feuilles capillaires )\" src=\"https:\/\/www.preservons-la-nature.fr\/blog\/wp-content\/uploads\/2014\/03\/DSC01332.jpg\" width=\"640\" height=\"426\" srcset=\"https:\/\/preservons-la-nature.fr\/blog\/wp-content\/uploads\/2014\/03\/DSC01332.jpg 800w, https:\/\/preservons-la-nature.fr\/blog\/wp-content\/uploads\/2014\/03\/DSC01332-300x199.jpg 300w\" sizes=\"auto, (max-width: 640px) 100vw, 640px\" \/><\/a><p id=\"caption-attachment-3282\" class=\"wp-caption-text\">Ranunculus trichophyllus Chaix ( Renoncule \u00e0 feuilles capillaires )<\/p><\/div>\n<p><strong><span style=\"text-decoration: underline;\">Phytosociologie :<\/span><i><\/i><\/strong><\/p>\n<table>\n<tbody>\n<tr>\n<td>Alliance<\/td>\n<td>Ordre<\/td>\n<td>Classe<\/td>\n<\/tr>\n<tr>\n<td><strong>Batrachion fluitantis<\/strong><\/td>\n<td><strong>Potametalia pectinati<\/strong><\/td>\n<td><strong>Potametea pectinati<\/strong><\/td>\n<\/tr>\n<tr>\n<td>Communaut\u00e9s submerg\u00e9es des eaux courantes, oligotrophes et oligocalciques \u00e0 eutrophes et calciques.<\/td>\n<td><\/td>\n<td>Herbiers enracin\u00e9s, \u00e0 caract\u00e8re vivace, des eaux douces (\u00e9ventuellement subsaum\u00e2tres), m\u00e9sotrophes \u00e0 eutrophes, courantes \u00e0 stagnantes.<\/td>\n<\/tr>\n<\/tbody>\n<\/table>\n<table>\n<tbody>\n<tr>\n<td>Alliance<\/td>\n<td>Ordre<\/td>\n<td>Classe<\/td>\n<\/tr>\n<tr>\n<td><strong>Potamion polygonifolii<\/strong><\/td>\n<td><strong>Potametalia pectinati<\/strong><\/td>\n<td><strong>Potametea pectinati<\/strong><\/td>\n<\/tr>\n<tr>\n<td>Communaut\u00e9s des eaux, stagnantes \u00e0 faiblement courantes oligotrophes \u00e0 m\u00e9sotrophes.<\/td>\n<td><\/td>\n<td>Herbiers enracin\u00e9s, \u00e0 caract\u00e8re vivace, des eaux douces (\u00e9ventuellement subsaum\u00e2tres), m\u00e9sotrophes \u00e0 eutrophes, courantes \u00e0 stagnantes.<\/td>\n<\/tr>\n<\/tbody>\n<\/table>\n<table>\n<tbody>\n<tr>\n<td>Alliance<\/td>\n<td>Ordre<\/td>\n<td>Classe<\/td>\n<\/tr>\n<tr>\n<td><strong>Ranunculion aquatilis<\/strong><\/td>\n<td><strong>Potametalia pectinati<\/strong><\/td>\n<td><strong>Potametea pectinati<\/strong><\/td>\n<\/tr>\n<tr>\n<td>Communaut\u00e9s des eaux peu profondes, calmes, stagnantes \u00e0 faiblement courantes, capables de supporter une \u00e9mersion estivale.<\/td>\n<td><\/td>\n<td>Herbiers enracin\u00e9s, \u00e0 caract\u00e8re vivace, des eaux douces (\u00e9ventuellement subsaum\u00e2tres), m\u00e9sotrophes \u00e0 eutrophes, courantes \u00e0 stagnantes.<\/td>\n<\/tr>\n<\/tbody>\n<\/table>\n<table>\n<tbody>\n<tr>\n<td>Alliance<\/td>\n<td>Ordre<\/td>\n<td>Classe<\/td>\n<\/tr>\n<tr>\n<td><strong>Ruppion maritimae<\/strong><\/td>\n<td><strong>Ruppietalia maritimae<\/strong><\/td>\n<td><strong>Ruppietea maritimae<\/strong><\/td>\n<\/tr>\n<tr>\n<td>Communaut\u00e9s filiformes, hivernales \u00e0 vernales, souvent dess\u00e9ch\u00e9es en \u00e9t\u00e9.<\/td>\n<td><\/td>\n<td>V\u00e9g\u00e9tation enracin\u00e9e des eaux saum\u00e2tres, eury- \u00e0 polyhalines, surtout littorale.<\/td>\n<\/tr>\n<\/tbody>\n<\/table>\n<p><strong><span style=\"text-decoration: underline;\">Taxonomie :<\/span><\/strong><br \/>\n<i>Ranunculus trichophyllus Chaix<\/i> a pour synonymes (Informations issues de la BDTFX Version 2.0, <a href=\"http:\/\/www.tela-botanica.org\" target=\"_blank\">Tela Botanica<\/a>) :<i><br \/>\n&#8211; Batrachium aspergillifolium Dumort.<br \/>\n&#8211; Batrachium divaricatum (Schrank) Wimm.<br \/>\n&#8211; Batrachium flaccidum (Pers.) Rupr.<br \/>\n&#8211; Batrachium minimum Schur<br \/>\n&#8211; Batrachium pantothrix Gray<br \/>\n&#8211; Batrachium paucistamineum (Tausch) F.W.Schultz<br \/>\n&#8211; Batrachium paucistamineum subsp. trichophyllum (Chaix) Dost\u00e1l<br \/>\n&#8211; Batrachium pedunculare Greene<br \/>\n&#8211; Batrachium porteri (Britton) Britton<br \/>\n&#8211; Batrachium salsugineum Dumort.<br \/>\n&#8211; Batrachium trichophyllum (Chaix) Bosch<br \/>\n&#8211; Batrachium trichophyllum subsp. pantothrix (Gray) Nyman<br \/>\n&#8211; Ranunculus affinis F.W.Schultz<br \/>\n&#8211; Ranunculus amporitanus Timb.-Lagr.<br \/>\n&#8211; Ranunculus aquatilis subsp. abrotanifolius Ehrh.<br \/>\n&#8211; Ranunculus aquatilis subsp. flaccidus (Pers.) Korsh.<br \/>\n&#8211; Ranunculus aquatilis subsp. trichophyllus (Chaix) Moore &amp; More<br \/>\n&#8211; Ranunculus aschersonii Freyn<br \/>\n&#8211; Ranunculus bakeri Greene<br \/>\n&#8211; Ranunculus brattius Beck<br \/>\n&#8211; Ranunculus cesatianus Caldesi<br \/>\n&#8211; Ranunculus curvirostris Freyn<br \/>\n&#8211; Ranunculus flaccidus Pers.<br \/>\n&#8211; Ranunculus flaccidus subsp. sublaevis Vierh.<br \/>\n&#8211; Ranunculus fluviatilis Pursh<br \/>\n&#8211; Ranunculus kaufmannii Clerc ex Trautv.<br \/>\n&#8211; Ranunculus kazunsensis Makino<br \/>\n&#8211; Ranunculus leonardii Sennen &amp; Gonzalo<br \/>\n&#8211; Ranunculus microtorus Arv.-Touv.<br \/>\n&#8211; Ranunculus minutus D\u00f6ll<br \/>\n&#8211; Ranunculus pantothrix var. capillaceus DC.<br \/>\n&#8211; Ranunculus paucistamineus subsp. sublaevis (Vierh.) Rech.f.<br \/>\n&#8211; Ranunculus paucistamineus Tausch<br \/>\n&#8211; Ranunculus porteri Britton<br \/>\n&#8211; Ranunculus pseudoflaccidus Petunn.<br \/>\n&#8211; Ranunculus rionii subsp. brattius (Beck) Trinajstic<br \/>\n&#8211; Ranunculus subrigidus W.B.Drew<br \/>\n&#8211; Ranunculus trichophylloides Humn.<br \/>\n&#8211; Ranunculus trichophyllus [subsp.] capillaceus (Thuill.) P.Fourn.<br \/>\n&#8211; Ranunculus trichophyllus [subsp.] trichophylloides (Humn.) P.Fourn.<br \/>\n&#8211; Ranunculus trichophyllus Chaix<br \/>\n&#8211; Ranunculus trichophyllus proles britannicus Rouy &amp; Foucaud<br \/>\n&#8211; Ranunculus trichophyllus proles capillifolius (Thuill.) Rouy &amp; Foucaud<br \/>\n&#8211; Ranunculus trichophyllus proles paucistamineus (Tausch) Rouy &amp; Foucaud<br \/>\n&#8211; Ranunculus trichophyllus proles trichophylloides (Humn.) Rouy &amp; Foucaud<br \/>\n&#8211; Ranunculus trichophyllus subsp. abrotonifolius Ehrh.<br \/>\n&#8211; Ranunculus trichophyllus subsp. paucistamineus (Tausch) Berher<br \/>\n<\/i><br \/>\n<span style=\"text-decoration: underline;\">Sous-esp\u00e8ces ou vari\u00e9t\u00e9s :<\/span><br \/>\n<i>&#8211; Ranunculus trichophyllus Chaix subsp. trichophyllus<br \/>\n&#8211; Ranunculus trichophyllus subsp. drouetii (F.W.Schultz ex Godr.) P.Fourn.<br \/>\n&#8211; Ranunculus trichophyllus subsp. eradicatus (Laest.) C.D.K.Cook<br \/>\n<\/i><\/p>\n","protected":false},"excerpt":{"rendered":"<p>Une fiche plus r&eacute;cente existe, vous pouvez la consulter ICI Nom : Ranunculus trichophyllus Chaix ( Renoncule \u00e0 feuilles capillaires ) Autre(s) nom(s) : Renoncule divariqu\u00e9e. Famille : RANUNCULACEAE Floraison : Avril &#8211; Juin Protection : &#8211; Liste rouge europ\u00e9enne &hellip; <a href=\"https:\/\/preservons-la-nature.fr\/blog\/?p=3280\">Continuer la lecture <span class=\"meta-nav\">&rarr;<\/span><\/a><\/p>\n","protected":false},"author":1,"featured_media":0,"comment_status":"open","ping_status":"open","sticky":false,"template":"","format":"standard","meta":{"footnotes":""},"categories":[102],"tags":[45],"class_list":["post-3280","post","type-post","status-publish","format-standard","hentry","category-fiche-partielle-de-plantes","tag-renonculacees"],"_links":{"self":[{"href":"https:\/\/preservons-la-nature.fr\/blog\/index.php?rest_route=\/wp\/v2\/posts\/3280","targetHints":{"allow":["GET"]}}],"collection":[{"href":"https:\/\/preservons-la-nature.fr\/blog\/index.php?rest_route=\/wp\/v2\/posts"}],"about":[{"href":"https:\/\/preservons-la-nature.fr\/blog\/index.php?rest_route=\/wp\/v2\/types\/post"}],"author":[{"embeddable":true,"href":"https:\/\/preservons-la-nature.fr\/blog\/index.php?rest_route=\/wp\/v2\/users\/1"}],"replies":[{"embeddable":true,"href":"https:\/\/preservons-la-nature.fr\/blog\/index.php?rest_route=%2Fwp%2Fv2%2Fcomments&post=3280"}],"version-history":[{"count":1,"href":"https:\/\/preservons-la-nature.fr\/blog\/index.php?rest_route=\/wp\/v2\/posts\/3280\/revisions"}],"predecessor-version":[{"id":3284,"href":"https:\/\/preservons-la-nature.fr\/blog\/index.php?rest_route=\/wp\/v2\/posts\/3280\/revisions\/3284"}],"wp:attachment":[{"href":"https:\/\/preservons-la-nature.fr\/blog\/index.php?rest_route=%2Fwp%2Fv2%2Fmedia&parent=3280"}],"wp:term":[{"taxonomy":"category","embeddable":true,"href":"https:\/\/preservons-la-nature.fr\/blog\/index.php?rest_route=%2Fwp%2Fv2%2Fcategories&post=3280"},{"taxonomy":"post_tag","embeddable":true,"href":"https:\/\/preservons-la-nature.fr\/blog\/index.php?rest_route=%2Fwp%2Fv2%2Ftags&post=3280"}],"curies":[{"name":"wp","href":"https:\/\/api.w.org\/{rel}","templated":true}]}}