{"id":3253,"date":"2014-03-26T06:34:05","date_gmt":"2014-03-26T05:34:05","guid":{"rendered":"https:\/\/www.preservons-la-nature.fr\/blog\/?p=3253"},"modified":"2014-10-29T10:50:55","modified_gmt":"2014-10-29T09:50:55","slug":"amaranthus-deflexus-l-amarante-couchee","status":"publish","type":"post","link":"https:\/\/preservons-la-nature.fr\/blog\/?p=3253","title":{"rendered":"Amaranthus deflexus L. ( Amarante couch\u00e9e )"},"content":{"rendered":"<p><STRONG>Une fiche plus r\u00e9cente existe, vous pouvez la consulter <a href=\"https:\/\/www.preservons-la-nature.fr\/flore\/taxon\/56.html\">ICI<\/a><\/STRONG><\/p>\n<div id=\"attachment_3255\" style=\"width: 650px\" class=\"wp-caption aligncenter\"><a href=\"https:\/\/www.preservons-la-nature.fr\/blog\/wp-content\/uploads\/2014\/03\/DSC05768.jpg\"><img loading=\"lazy\" decoding=\"async\" aria-describedby=\"caption-attachment-3255\" class=\"size-full wp-image-3255\" title=\"Amaranthus deflexus L. ( Amarante couch\u00e9e )\" alt=\"Amaranthus deflexus L. ( Amarante couch\u00e9e )\" src=\"https:\/\/www.preservons-la-nature.fr\/blog\/wp-content\/uploads\/2014\/03\/DSC05768.jpg\" width=\"640\" height=\"426\" srcset=\"https:\/\/preservons-la-nature.fr\/blog\/wp-content\/uploads\/2014\/03\/DSC05768.jpg 800w, https:\/\/preservons-la-nature.fr\/blog\/wp-content\/uploads\/2014\/03\/DSC05768-300x199.jpg 300w\" sizes=\"auto, (max-width: 640px) 100vw, 640px\" \/><\/a><p id=\"caption-attachment-3255\" class=\"wp-caption-text\">Amaranthus deflexus L. ( Amarante couch\u00e9e )<\/p><\/div>\n<p><strong><span style=\"text-decoration: underline;\">Nom :<\/span><\/strong> <i>Amaranthus deflexus L.<\/i> ( Amarante couch\u00e9e )<\/p>\n<p><strong><span style=\"text-decoration: underline;\">Autre(s) nom(s) :<\/span><\/strong><br \/>\nAmarante \u00e9tal\u00e9e.<\/p>\n<p><strong><span style=\"text-decoration: underline;\">Famille :<\/span><\/strong> AMARANTHACEAE<\/p>\n<p><strong><span style=\"text-decoration: underline;\">Floraison :<\/span><\/strong> Juin &#8211; Octobre<\/p>\n<p><strong><span style=\"text-decoration: underline;\">Description dans la flore de Coste :<\/span><\/strong><br \/>\nPlante vivace de 30-80 cm, pubescente dans le haut, \u00e0 souche cylindrique \u00e9paisse ; tiges nombreuses, gr\u00eales, couch\u00e9es-diffuses, \u00e0 rameaux redress\u00e9s au sommet ; feuilles d&rsquo;un vert p\u00e2le, rhombo\u00efdes-ovales, obtuses ou aigu\u00ebs ; fleurs verd\u00e2tres ou rouge\u00e2tres, en glom\u00e9rules axillaires et en panicule terminale compacte non feuill\u00e9e ; bract\u00e9es ovales-aigu\u00ebs, \u00e9galant \u00e0 peine le p\u00e9rianthe \u00e0 3 s\u00e9pales lanc\u00e9ol\u00e9s-mucron\u00e9s ; 3 \u00e9tamines; fruit ellipso\u00efde-aigu, lisse, d\u00e9passant le p\u00e9rianthe, ind\u00e9hiscent.<\/p>\n<p><strong><span style=\"text-decoration: underline;\">Pr\u00e9sent dans le(s) d\u00e9partement(s) suivant(s) :<\/span><\/strong><br \/>\nAisne, Alpes-de-Haute-Provence, Alpes-Maritimes, Aube, Bas-Rhin, Bouches-du-Rh\u00f4ne, Calvados, Cher, Corse-du-Sud, C\u00f4te-d&rsquo;Or, C\u00f4tes-d&rsquo;Armor, Essonne, Eure, Eure-et-Loir, Finist\u00e8re, Hautes-Alpes, Haute-Vienne, Hauts-de-Seine, Ille-et-Vilaine, Indre, Indre-et-Loire, Is\u00e8re, Loire-Atlantique, Loiret, Loir-et-Cher, Lot-et-Garonne, Maine-et-Loire, Manche, Marne, Mayenne, Morbihan, Ni\u00e8vre, Oise, Orne, Paris, Pas-de-Calais, Sa\u00f4ne-et-Loire, Sarthe, Seine-et-Marne, Seine-Maritime, Seine-Saint-Denis, Tarn-et-Garonne, Val-de-Marne, Val-d&rsquo;Oise, Var, Vaucluse, Vend\u00e9e, Yonne, Yvelines.<\/p>\n<div id=\"attachment_3256\" style=\"width: 610px\" class=\"wp-caption aligncenter\"><a href=\"https:\/\/www.preservons-la-nature.fr\/blog\/?attachment_id=3256\" rel=\"attachment wp-att-3256\"><img loading=\"lazy\" decoding=\"async\" aria-describedby=\"caption-attachment-3256\" class=\"size-full wp-image-3256\" alt=\"R\u00e9partition de Amaranthus deflexus L. ( Amarante couch\u00e9e )\" src=\"https:\/\/www.preservons-la-nature.fr\/blog\/wp-content\/uploads\/2014\/03\/carte56.jpg\" width=\"600\" height=\"600\" srcset=\"https:\/\/preservons-la-nature.fr\/blog\/wp-content\/uploads\/2014\/03\/carte56.jpg 600w, https:\/\/preservons-la-nature.fr\/blog\/wp-content\/uploads\/2014\/03\/carte56-150x150.jpg 150w, https:\/\/preservons-la-nature.fr\/blog\/wp-content\/uploads\/2014\/03\/carte56-300x300.jpg 300w\" sizes=\"auto, (max-width: 600px) 100vw, 600px\" \/><\/a><p id=\"caption-attachment-3256\" class=\"wp-caption-text\">R\u00e9partition de Amaranthus deflexus L. ( Amarante couch\u00e9e )<\/p><\/div>\n<div id=\"attachment_3254\" style=\"width: 370px\" class=\"wp-caption aligncenter\"><a href=\"https:\/\/www.preservons-la-nature.fr\/blog\/wp-content\/uploads\/2014\/03\/DSC05766.jpg\"><img loading=\"lazy\" decoding=\"async\" aria-describedby=\"caption-attachment-3254\" class=\" wp-image-3254 \" title=\"Amaranthus deflexus L. ( Amarante couch\u00e9e )\" alt=\"Amaranthus deflexus L. ( Amarante couch\u00e9e )\" src=\"https:\/\/www.preservons-la-nature.fr\/blog\/wp-content\/uploads\/2014\/03\/DSC05766.jpg\" width=\"360\" height=\"540\" srcset=\"https:\/\/preservons-la-nature.fr\/blog\/wp-content\/uploads\/2014\/03\/DSC05766.jpg 400w, https:\/\/preservons-la-nature.fr\/blog\/wp-content\/uploads\/2014\/03\/DSC05766-200x300.jpg 200w\" sizes=\"auto, (max-width: 360px) 100vw, 360px\" \/><\/a><p id=\"caption-attachment-3254\" class=\"wp-caption-text\">Amaranthus deflexus L. ( Amarante couch\u00e9e )<\/p><\/div>\n<p><strong><span style=\"text-decoration: underline;\">Phytosociologie :<\/span><i><\/i><\/strong><\/p>\n<table>\n<tbody>\n<tr>\n<td>Alliance<\/td>\n<td>Ordre<\/td>\n<td>Classe<\/td>\n<\/tr>\n<tr>\n<td><strong>Chenopodion muralis<\/strong><\/td>\n<td><strong>Chenopodietalia muralis<\/strong><\/td>\n<td><strong>Sisymbrietea officinalis<\/strong><\/td>\n<\/tr>\n<tr>\n<td>Communaut\u00e9s nitrophiles thermo-continentales, estivo-automnales.<\/td>\n<td>Communaut\u00e9s tr\u00e8s nitrophiles, estivales, thermo-continentales \u00e0 m\u00e9diterran\u00e9ennes.<\/td>\n<td>V\u00e9g\u00e9tation anthropog\u00e8ne \u00e0 dominante d\u2019annuelles et de bisannuelles, plus ou moins nitrophile, des stations rud\u00e9ralis\u00e9es et irr\u00e9guli\u00e8rement pertub\u00e9es.<\/td>\n<\/tr>\n<\/tbody>\n<\/table>\n<p><strong><span style=\"text-decoration: underline;\">Taxonomie :<\/span><\/strong><br \/>\n<i>Amaranthus deflexus L.<\/i> a pour synonymes (Informations issues de la BDTFX Version 2.0, <a href=\"http:\/\/www.tela-botanica.org\" target=\"_blank\">Tela Botanica<\/a>) :<i><br \/>\n&#8211; Albersia deflexa (L.) Fourr.<br \/>\n&#8211; Albersia prostrata Kunth<br \/>\n&#8211; Amaranthellus argentinus Speg.<br \/>\n&#8211; Amaranthus argentinus Speg.<br \/>\n&#8211; Amaranthus prostratus Balb.<br \/>\n&#8211; Amaranthus viridis Vill.<br \/>\n&#8211; Euxolus deflexus (L.) Raf.<br \/>\n&#8211; Galliaria prostrata Bubani<br \/>\n&#8211; Glomeraria deflexa (L.) Cav.<br \/>\n<\/i><\/p>\n","protected":false},"excerpt":{"rendered":"<p>Une fiche plus r\u00e9cente existe, vous pouvez la consulter ICI Nom : Amaranthus deflexus L. ( Amarante couch\u00e9e ) Autre(s) nom(s) : Amarante \u00e9tal\u00e9e. Famille : AMARANTHACEAE Floraison : Juin &#8211; Octobre Description dans la flore de Coste : Plante &hellip; <a href=\"https:\/\/preservons-la-nature.fr\/blog\/?p=3253\">Continuer la lecture <span class=\"meta-nav\">&rarr;<\/span><\/a><\/p>\n","protected":false},"author":1,"featured_media":0,"comment_status":"open","ping_status":"open","sticky":false,"template":"","format":"standard","meta":{"footnotes":""},"categories":[102],"tags":[106],"class_list":["post-3253","post","type-post","status-publish","format-standard","hentry","category-fiche-partielle-de-plantes","tag-amaranthacees"],"_links":{"self":[{"href":"https:\/\/preservons-la-nature.fr\/blog\/index.php?rest_route=\/wp\/v2\/posts\/3253","targetHints":{"allow":["GET"]}}],"collection":[{"href":"https:\/\/preservons-la-nature.fr\/blog\/index.php?rest_route=\/wp\/v2\/posts"}],"about":[{"href":"https:\/\/preservons-la-nature.fr\/blog\/index.php?rest_route=\/wp\/v2\/types\/post"}],"author":[{"embeddable":true,"href":"https:\/\/preservons-la-nature.fr\/blog\/index.php?rest_route=\/wp\/v2\/users\/1"}],"replies":[{"embeddable":true,"href":"https:\/\/preservons-la-nature.fr\/blog\/index.php?rest_route=%2Fwp%2Fv2%2Fcomments&post=3253"}],"version-history":[{"count":2,"href":"https:\/\/preservons-la-nature.fr\/blog\/index.php?rest_route=\/wp\/v2\/posts\/3253\/revisions"}],"predecessor-version":[{"id":4104,"href":"https:\/\/preservons-la-nature.fr\/blog\/index.php?rest_route=\/wp\/v2\/posts\/3253\/revisions\/4104"}],"wp:attachment":[{"href":"https:\/\/preservons-la-nature.fr\/blog\/index.php?rest_route=%2Fwp%2Fv2%2Fmedia&parent=3253"}],"wp:term":[{"taxonomy":"category","embeddable":true,"href":"https:\/\/preservons-la-nature.fr\/blog\/index.php?rest_route=%2Fwp%2Fv2%2Fcategories&post=3253"},{"taxonomy":"post_tag","embeddable":true,"href":"https:\/\/preservons-la-nature.fr\/blog\/index.php?rest_route=%2Fwp%2Fv2%2Ftags&post=3253"}],"curies":[{"name":"wp","href":"https:\/\/api.w.org\/{rel}","templated":true}]}}