{"id":3248,"date":"2014-03-26T06:29:28","date_gmt":"2014-03-26T05:29:28","guid":{"rendered":"https:\/\/www.preservons-la-nature.fr\/blog\/?p=3248"},"modified":"2014-03-26T06:29:57","modified_gmt":"2014-03-26T05:29:57","slug":"allium-schoenoprasum-l-ciboulette","status":"publish","type":"post","link":"https:\/\/preservons-la-nature.fr\/blog\/?p=3248","title":{"rendered":"Allium schoenoprasum L. ( Ciboulette )"},"content":{"rendered":"<p><STRONG>Une fiche plus r&eacute;cente existe, vous pouvez la consulter <a href=\"https:\/\/www.preservons-la-nature.fr\/flore\/taxon\/1548.html\">ICI<\/a><\/STRONG><div id=\"attachment_3249\" style=\"width: 650px\" class=\"wp-caption aligncenter\"><a href=\"https:\/\/www.preservons-la-nature.fr\/blog\/wp-content\/uploads\/2014\/03\/DSC06018.jpg\"><img loading=\"lazy\" decoding=\"async\" aria-describedby=\"caption-attachment-3249\" class=\" wp-image-3249 \" title=\"Allium schoenoprasum L. ( Ciboulette )\" alt=\"Allium schoenoprasum L. ( Ciboulette )\" src=\"https:\/\/www.preservons-la-nature.fr\/blog\/wp-content\/uploads\/2014\/03\/DSC06018.jpg\" width=\"640\" height=\"426\" srcset=\"https:\/\/preservons-la-nature.fr\/blog\/wp-content\/uploads\/2014\/03\/DSC06018.jpg 800w, https:\/\/preservons-la-nature.fr\/blog\/wp-content\/uploads\/2014\/03\/DSC06018-300x199.jpg 300w\" sizes=\"auto, (max-width: 640px) 100vw, 640px\" \/><\/a><p id=\"caption-attachment-3249\" class=\"wp-caption-text\">Allium schoenoprasum L. ( Ciboulette )<\/p><\/div><\/p>\n<p><strong><span style=\"text-decoration: underline;\">Nom :<\/span><\/strong> <i>Allium schoenoprasum L.<\/i> ( Ciboulette )<\/p>\n<p><strong><span style=\"text-decoration: underline;\">Autre(s) nom(s) :<\/span><\/strong><br \/>\nApp\u00e9tits, Ciboule, Civette.<\/p>\n<p><strong><span style=\"text-decoration: underline;\">Famille :<\/span><\/strong> AMARYLLIDACEAE<\/p>\n<p><strong><span style=\"text-decoration: underline;\">Floraison :<\/span><\/strong> Juin &#8211; Ao\u00fbt<\/p>\n<p><strong><span style=\"text-decoration: underline;\">Protection :<\/span><\/strong><br \/>\n&#8211; Liste des esp\u00e8ces v\u00e9g\u00e9tales prot\u00e9g\u00e9es en r\u00e9gion Bretagne Article 1 (1987)<br \/>\n&#8211; Liste rouge europ\u00e9enne IUCN 2012 LC<\/p>\n<p><strong><span style=\"text-decoration: underline;\">Description dans la flore de Coste :<\/span><\/strong><br \/>\nPlante vivace de 20-50 cm, glabre, \u00e0 bulbes oblongs, croissant en touffes ; tige cylindrique, creuse, feuill\u00e9e dans le tiers inf\u00e9rieur ; feuilles persistantes, cylindriques-acumin\u00e9es, creuses, glaucescentes ; spathe \u00e0 2-3 valves bri\u00e8vement acumin\u00e9es; fleurs roses, en ombelle globuleuse non bulbillif\u00e8re ; p\u00e9dicelles plus courts que la fleur ; p\u00e9rianthe \u00e0 divisions \u00e9tal\u00e9es, lanc\u00e9ol\u00e9es-acumin\u00e9es, \u00e0 car\u00e8ne pourpre; \u00e9tamines \u00e9galant la moiti\u00e9 du p\u00e9rianthe, \u00e0 filets tous simples, lanc\u00e9ol\u00e9s en al\u00eane.<\/p>\n<p><strong><span style=\"text-decoration: underline;\">Pr\u00e9sent dans le(s) d\u00e9partement(s) suivant(s) :<\/span><\/strong><br \/>\nAin, Aisne, Alpes-de-Haute-Provence, Alpes-Maritimes, Ardennes, Ari\u00e8ge, Aube, Bas-Rhin, Calvados, Cantal, Corse-du-Sud, C\u00f4te-d&rsquo;Or, Creuse, Deux-S\u00e8vres, Doubs, Eure, Haute-Corse, Haute-Marne, Hautes-Alpes, Hautes-Pyr\u00e9n\u00e9es, Hauts-de-Seine, Ille-et-Vilaine, Is\u00e8re, Jura, Loire-Atlantique, Lot, Maine-et-Loire, Marne, Meurthe-et-Moselle, Meuse, Moselle, Orne, Paris, Sa\u00f4ne-et-Loire, Seine-et-Marne, Seine-Saint-Denis, Tarn, Tarn-et-Garonne, Val-de-Marne, Val-d&rsquo;Oise, Var, Vienne, Yvelines.<\/p>\n<div id=\"attachment_3250\" style=\"width: 610px\" class=\"wp-caption aligncenter\"><a href=\"https:\/\/www.preservons-la-nature.fr\/blog\/?attachment_id=3250\" rel=\"attachment wp-att-3250\"><img loading=\"lazy\" decoding=\"async\" aria-describedby=\"caption-attachment-3250\" class=\"size-full wp-image-3250\" alt=\"R\u00e9partition de Allium schoenoprasum L. ( Ciboulette )\" src=\"https:\/\/www.preservons-la-nature.fr\/blog\/wp-content\/uploads\/2014\/03\/carte55.jpg\" width=\"600\" height=\"600\" srcset=\"https:\/\/preservons-la-nature.fr\/blog\/wp-content\/uploads\/2014\/03\/carte55.jpg 600w, https:\/\/preservons-la-nature.fr\/blog\/wp-content\/uploads\/2014\/03\/carte55-150x150.jpg 150w, https:\/\/preservons-la-nature.fr\/blog\/wp-content\/uploads\/2014\/03\/carte55-300x300.jpg 300w\" sizes=\"auto, (max-width: 600px) 100vw, 600px\" \/><\/a><p id=\"caption-attachment-3250\" class=\"wp-caption-text\">R\u00e9partition de Allium schoenoprasum L. ( Ciboulette )<\/p><\/div>\n<p><strong><span style=\"text-decoration: underline;\">Taxonomie :<\/span><\/strong><br \/>\n<i>Allium schoenoprasum L.<\/i> a pour synonymes (Informations issues de la BDTFX Version 2.0, <a href=\"http:\/\/www.tela-botanica.org\" target=\"_blank\">Tela Botanica<\/a>) :<i><br \/>\n&#8211; Allium acutum Spreng.<br \/>\n&#8211; Allium alpinum (DC.) Hegetschw.<br \/>\n&#8211; Allium buhseanum Regel<br \/>\n&#8211; Allium coloratum Dulac<br \/>\n&#8211; Allium foliosum Clarion<br \/>\n&#8211; Allium gredense Rivas Goday<br \/>\n&#8211; Allium montanum Schrank<br \/>\n&#8211; Allium palustre Pourr. ex Lag.<br \/>\n&#8211; Allium purpurascens Losa<br \/>\n&#8211; Allium raddeanum Regel<br \/>\n&#8211; Allium reticulatum Wallr.<br \/>\n&#8211; Allium riparium Opiz<br \/>\n&#8211; Allium schoenoprasum subsp. alpinum (DC.) Celak.<br \/>\n&#8211; Allium schoenoprasum subsp. alpinum (DC.) Nyman<br \/>\n&#8211; Allium schoenoprasum subsp. pumilum (Bunge) K.Richt.<br \/>\n&#8211; Allium schoenoprasum subsp. riparium Celak.<br \/>\n&#8211; Allium schoenoprasum subsp. sibiricum (L.) K.Richt.<br \/>\n&#8211; Allium schoenoprasum subsp. sibiricum Hayek &amp; Markgr.<br \/>\n&#8211; Allium schoenoprasum var. alpinum Cariot &amp; St.-Lag.<br \/>\n&#8211; Allium schoenoprasum var. alpinum DC.<br \/>\n&#8211; Allium schoenoprasum var. pumilum Bunge<br \/>\n&#8211; Allium schoenoprasum var. riparium Celak.<br \/>\n&#8211; Allium schoenoprasum var. schoenoprasoides Briq.<br \/>\n&#8211; Allium sibiricum L.<br \/>\n&#8211; Allium tenuifolium Salisb.<br \/>\n&#8211; Ascalonicum schoenoprasum (L.) Renault<br \/>\n&#8211; Cepa schoenoprasum (L.) Moench<br \/>\n&#8211; Cepa tenuifolia Gray<br \/>\n&#8211; Porrum schoenoprasum (L.) Rchb.<br \/>\n&#8211; Schoenissa rosea Salisb.<br \/>\n&#8211; Schoenissa schoenoprasum (L.) Salisb.<br \/>\n&#8211; Schoenoprasum vulgare Fourr.<br \/>\n<\/i><br \/>\n<span style=\"text-decoration: underline;\">Sous-esp\u00e8ces ou vari\u00e9t\u00e9s :<\/span><br \/>\n<i>&#8211; Allium schoenoprasum L. subsp. schoenoprasum<br \/>\n&#8211; Allium schoenoprasum subsp. latiorifolium (Pau) Rivas Mart., Fern.Gonz. &amp; S\u00e1nchez Mata<br \/>\n<\/i><\/p>\n","protected":false},"excerpt":{"rendered":"<p>Une fiche plus r&eacute;cente existe, vous pouvez la consulter ICI Nom : Allium schoenoprasum L. ( Ciboulette ) Autre(s) nom(s) : App\u00e9tits, Ciboule, Civette. Famille : AMARYLLIDACEAE Floraison : Juin &#8211; Ao\u00fbt Protection : &#8211; Liste des esp\u00e8ces v\u00e9g\u00e9tales prot\u00e9g\u00e9es &hellip; <a href=\"https:\/\/preservons-la-nature.fr\/blog\/?p=3248\">Continuer la lecture <span class=\"meta-nav\">&rarr;<\/span><\/a><\/p>\n","protected":false},"author":1,"featured_media":0,"comment_status":"open","ping_status":"open","sticky":false,"template":"","format":"standard","meta":{"footnotes":""},"categories":[102],"tags":[97],"class_list":["post-3248","post","type-post","status-publish","format-standard","hentry","category-fiche-partielle-de-plantes","tag-amaryllidacees"],"_links":{"self":[{"href":"https:\/\/preservons-la-nature.fr\/blog\/index.php?rest_route=\/wp\/v2\/posts\/3248","targetHints":{"allow":["GET"]}}],"collection":[{"href":"https:\/\/preservons-la-nature.fr\/blog\/index.php?rest_route=\/wp\/v2\/posts"}],"about":[{"href":"https:\/\/preservons-la-nature.fr\/blog\/index.php?rest_route=\/wp\/v2\/types\/post"}],"author":[{"embeddable":true,"href":"https:\/\/preservons-la-nature.fr\/blog\/index.php?rest_route=\/wp\/v2\/users\/1"}],"replies":[{"embeddable":true,"href":"https:\/\/preservons-la-nature.fr\/blog\/index.php?rest_route=%2Fwp%2Fv2%2Fcomments&post=3248"}],"version-history":[{"count":2,"href":"https:\/\/preservons-la-nature.fr\/blog\/index.php?rest_route=\/wp\/v2\/posts\/3248\/revisions"}],"predecessor-version":[{"id":3252,"href":"https:\/\/preservons-la-nature.fr\/blog\/index.php?rest_route=\/wp\/v2\/posts\/3248\/revisions\/3252"}],"wp:attachment":[{"href":"https:\/\/preservons-la-nature.fr\/blog\/index.php?rest_route=%2Fwp%2Fv2%2Fmedia&parent=3248"}],"wp:term":[{"taxonomy":"category","embeddable":true,"href":"https:\/\/preservons-la-nature.fr\/blog\/index.php?rest_route=%2Fwp%2Fv2%2Fcategories&post=3248"},{"taxonomy":"post_tag","embeddable":true,"href":"https:\/\/preservons-la-nature.fr\/blog\/index.php?rest_route=%2Fwp%2Fv2%2Ftags&post=3248"}],"curies":[{"name":"wp","href":"https:\/\/api.w.org\/{rel}","templated":true}]}}