{"id":3243,"date":"2014-03-26T06:26:07","date_gmt":"2014-03-26T05:26:07","guid":{"rendered":"https:\/\/www.preservons-la-nature.fr\/blog\/?p=3243"},"modified":"2014-03-26T06:27:00","modified_gmt":"2014-03-26T05:27:00","slug":"allium-roseum-l-ail-rose","status":"publish","type":"post","link":"https:\/\/preservons-la-nature.fr\/blog\/?p=3243","title":{"rendered":"Allium roseum L. ( Ail rose )"},"content":{"rendered":"<p><STRONG>Une fiche plus r&eacute;cente existe, vous pouvez la consulter <a href=\"https:\/\/www.preservons-la-nature.fr\/flore\/taxon\/1544.html\">ICI<\/a><\/STRONG><div id=\"attachment_3244\" style=\"width: 370px\" class=\"wp-caption aligncenter\"><a href=\"https:\/\/www.preservons-la-nature.fr\/blog\/wp-content\/uploads\/2014\/03\/DSC02055.jpg\"><img loading=\"lazy\" decoding=\"async\" aria-describedby=\"caption-attachment-3244\" class=\" wp-image-3244 \" title=\"Allium roseum L. ( Ail rose )\" alt=\"Allium roseum L. ( Ail rose )\" src=\"https:\/\/www.preservons-la-nature.fr\/blog\/wp-content\/uploads\/2014\/03\/DSC02055.jpg\" width=\"360\" height=\"540\" srcset=\"https:\/\/preservons-la-nature.fr\/blog\/wp-content\/uploads\/2014\/03\/DSC02055.jpg 400w, https:\/\/preservons-la-nature.fr\/blog\/wp-content\/uploads\/2014\/03\/DSC02055-200x300.jpg 200w\" sizes=\"auto, (max-width: 360px) 100vw, 360px\" \/><\/a><p id=\"caption-attachment-3244\" class=\"wp-caption-text\">Allium roseum L. ( Ail rose )<\/p><\/div><\/p>\n<p><strong><span style=\"text-decoration: underline;\">Nom :<\/span><\/strong> <i>Allium roseum L.<\/i> ( Ail rose )<\/p>\n<p><strong><span style=\"text-decoration: underline;\">Famille :<\/span><\/strong> AMARYLLIDACEAE<\/p>\n<p><strong><span style=\"text-decoration: underline;\">Floraison :<\/span><\/strong> Mai &#8211; Ao\u00fbt<\/p>\n<p><strong><span style=\"text-decoration: underline;\">Protection :<\/span><\/strong><br \/>\n&#8211; Liste rouge europ\u00e9enne IUCN 2012 DD<\/p>\n<p><strong><span style=\"text-decoration: underline;\">Description dans la flore de Coste :<\/span><\/strong><br \/>\nPlante vivace de 10-20 cm, glabre, \u00e0 bulbe tr\u00e8s petit, subglobuleux, \u00e0 tunique membraneuse ; tige tr\u00e8s gr\u00eale, feuill\u00e9e jusque pr\u00e8s du milieu ; feuilles s\u00e9tac\u00e9es ; spathe \u00e0 2 valves ovales-aigu\u00ebs, plus courtes que les p\u00e9dicelles sup\u00e9rieurs, \u00e9galant les inf\u00e9rieurs ; fleurs ros\u00e9es, petites, en ombelle irr\u00e9guli\u00e8re de 1-2 cm de long, pauciflore ou multiflore ; p\u00e9dicelles tr\u00e8s fins, in\u00e9gaux, les inf\u00e9rieurs plus courts, les sup\u00e9rieurs bien plus longs que la fleur ; p\u00e9rianthe persistant, en cloche courte, \u00e0 divisions oblongues-obtuses ; \u00e9tamines incluses, \u00e0 filets simples ; capsule incluse, subglobuleuse.<\/p>\n<p><strong><span style=\"text-decoration: underline;\">Pr\u00e9sent dans le(s) d\u00e9partement(s) suivant(s) :<\/span><\/strong><br \/>\nAlpes-de-Haute-Provence, Alpes-Maritimes, Aveyron, Bouches-du-Rh\u00f4ne, Charente, Charente-Maritime, Corse-du-Sud, Deux-S\u00e8vres, Dordogne, Dr\u00f4me, Finist\u00e8re, Gironde, Haute-Garonne, H\u00e9rault, Ille-et-Vilaine, Morbihan, Pyr\u00e9n\u00e9es-Orientales, Var, Vaucluse, Vend\u00e9e.<\/p>\n<div id=\"attachment_3246\" style=\"width: 610px\" class=\"wp-caption aligncenter\"><a href=\"https:\/\/www.preservons-la-nature.fr\/blog\/?attachment_id=3246\" rel=\"attachment wp-att-3246\"><img loading=\"lazy\" decoding=\"async\" aria-describedby=\"caption-attachment-3246\" class=\"size-full wp-image-3246\" alt=\"R\u00e9partition de Allium roseum L. ( Ail rose )\" src=\"https:\/\/www.preservons-la-nature.fr\/blog\/wp-content\/uploads\/2014\/03\/carte54.jpg\" width=\"600\" height=\"600\" srcset=\"https:\/\/preservons-la-nature.fr\/blog\/wp-content\/uploads\/2014\/03\/carte54.jpg 600w, https:\/\/preservons-la-nature.fr\/blog\/wp-content\/uploads\/2014\/03\/carte54-150x150.jpg 150w, https:\/\/preservons-la-nature.fr\/blog\/wp-content\/uploads\/2014\/03\/carte54-300x300.jpg 300w\" sizes=\"auto, (max-width: 600px) 100vw, 600px\" \/><\/a><p id=\"caption-attachment-3246\" class=\"wp-caption-text\">R\u00e9partition de Allium roseum L. ( Ail rose )<\/p><\/div>\n<div id=\"attachment_3245\" style=\"width: 650px\" class=\"wp-caption aligncenter\"><a href=\"https:\/\/www.preservons-la-nature.fr\/blog\/wp-content\/uploads\/2014\/03\/DSC02682.jpg\"><img loading=\"lazy\" decoding=\"async\" aria-describedby=\"caption-attachment-3245\" class=\"size-full wp-image-3245\" title=\"Allium roseum L. ( Ail rose )\" alt=\"Allium roseum L. ( Ail rose )\" src=\"https:\/\/www.preservons-la-nature.fr\/blog\/wp-content\/uploads\/2014\/03\/DSC02682.jpg\" width=\"640\" height=\"426\" srcset=\"https:\/\/preservons-la-nature.fr\/blog\/wp-content\/uploads\/2014\/03\/DSC02682.jpg 800w, https:\/\/preservons-la-nature.fr\/blog\/wp-content\/uploads\/2014\/03\/DSC02682-300x199.jpg 300w\" sizes=\"auto, (max-width: 640px) 100vw, 640px\" \/><\/a><p id=\"caption-attachment-3245\" class=\"wp-caption-text\">Allium roseum L. ( Ail rose )<\/p><\/div>\n<p><strong><span style=\"text-decoration: underline;\">Taxonomie :<\/span><\/strong><br \/>\n<i>Allium roseum L.<\/i> a pour synonymes (Informations issues de la BDTFX Version 2.0, <a href=\"http:\/\/www.tela-botanica.org\" target=\"_blank\">Tela Botanica<\/a>) :<i><br \/>\n&#8211; Allium albidum Jord. &amp; Fourr.<br \/>\n&#8211; Allium ambiguum Sm.<br \/>\n&#8211; Allium amoenum G.Don<br \/>\n&#8211; Allium carneum O.Targ.Tozz.<br \/>\n&#8211; Allium confertum Jord. &amp; Fourr.<br \/>\n&#8211; Allium corbariense Timb.-Lagr. ex Nyman<br \/>\n&#8211; Allium illyricum Jacq.<br \/>\n&#8211; Allium incarnatum Hornem.<br \/>\n&#8211; Allium majale Cirillo<br \/>\n&#8211; Allium maritimum sensu H.J.Coste<br \/>\n&#8211; Allium obtusiflorum Req.<br \/>\n&#8211; Allium obtusiflorum sensu H.J.Coste<br \/>\n&#8211; Allium odoratissimum Desf.<br \/>\n&#8211; Allium pusillum sensu H.J.Coste<br \/>\n&#8211; Allium roseum [var.] confertum (Jord. &amp; Fourr.) P.Fourn.<br \/>\n&#8211; Allium roseum proles confertum (Jord. &amp; Fourr.) Rouy<br \/>\n&#8211; Allium roseum proles corbariense (Timb.-Lagr. ex Nyman) Rouy<br \/>\n&#8211; Allium roseum subsp. ambiguum K.Richt.<br \/>\n&#8211; Allium roseum subsp. bulbiferum (Kunth) E.F.Warb.<br \/>\n&#8211; Allium roseum subsp. majale (Cirillo) K.Richt.<br \/>\n&#8211; Allium roseum var. bulbiferum Kunth<br \/>\n&#8211; Allium roseum var. corbariense (Timb.-Lagr. ex Nyman) Douin<br \/>\n&#8211; Allium roseum var. grandiflorum Briq.<br \/>\n&#8211; Allium roseum var. insulare Gennari ex Barbey<br \/>\n&#8211; Allium roseum var. majale (Cirillo) Regel<br \/>\n&#8211; Allium roseum var. requienii Rouy<br \/>\n&#8211; Allium subalbidum Jord. &amp; Fourr.<br \/>\n&#8211; Allium subhirsutum [var.] brachystemon (Redout\u00e9) P.Fourn.<br \/>\n&#8211; Allium tenorei Spreng.<br \/>\n&#8211; Allium tinei J.Presl &amp; C.Presl<br \/>\n&#8211; Cepa flexuosa Moench<br \/>\n&#8211; Molium roseum (L.) Fourr.<br \/>\n<\/i><br \/>\n<span style=\"text-decoration: underline;\">Sous-esp\u00e8ces ou vari\u00e9t\u00e9s :<\/span><br \/>\n<i>&#8211; Allium roseum L. subsp. roseum<br \/>\n&#8211; Allium roseum subsp. odoratissimum (Desf.) Murb.<br \/>\n<\/i><\/p>\n","protected":false},"excerpt":{"rendered":"<p>Une fiche plus r&eacute;cente existe, vous pouvez la consulter ICI Nom : Allium roseum L. ( Ail rose ) Famille : AMARYLLIDACEAE Floraison : Mai &#8211; Ao\u00fbt Protection : &#8211; Liste rouge europ\u00e9enne IUCN 2012 DD Description dans la flore &hellip; <a href=\"https:\/\/preservons-la-nature.fr\/blog\/?p=3243\">Continuer la lecture <span class=\"meta-nav\">&rarr;<\/span><\/a><\/p>\n","protected":false},"author":1,"featured_media":0,"comment_status":"open","ping_status":"open","sticky":false,"template":"","format":"standard","meta":{"footnotes":""},"categories":[102],"tags":[97],"class_list":["post-3243","post","type-post","status-publish","format-standard","hentry","category-fiche-partielle-de-plantes","tag-amaryllidacees"],"_links":{"self":[{"href":"https:\/\/preservons-la-nature.fr\/blog\/index.php?rest_route=\/wp\/v2\/posts\/3243","targetHints":{"allow":["GET"]}}],"collection":[{"href":"https:\/\/preservons-la-nature.fr\/blog\/index.php?rest_route=\/wp\/v2\/posts"}],"about":[{"href":"https:\/\/preservons-la-nature.fr\/blog\/index.php?rest_route=\/wp\/v2\/types\/post"}],"author":[{"embeddable":true,"href":"https:\/\/preservons-la-nature.fr\/blog\/index.php?rest_route=\/wp\/v2\/users\/1"}],"replies":[{"embeddable":true,"href":"https:\/\/preservons-la-nature.fr\/blog\/index.php?rest_route=%2Fwp%2Fv2%2Fcomments&post=3243"}],"version-history":[{"count":1,"href":"https:\/\/preservons-la-nature.fr\/blog\/index.php?rest_route=\/wp\/v2\/posts\/3243\/revisions"}],"predecessor-version":[{"id":3247,"href":"https:\/\/preservons-la-nature.fr\/blog\/index.php?rest_route=\/wp\/v2\/posts\/3243\/revisions\/3247"}],"wp:attachment":[{"href":"https:\/\/preservons-la-nature.fr\/blog\/index.php?rest_route=%2Fwp%2Fv2%2Fmedia&parent=3243"}],"wp:term":[{"taxonomy":"category","embeddable":true,"href":"https:\/\/preservons-la-nature.fr\/blog\/index.php?rest_route=%2Fwp%2Fv2%2Fcategories&post=3243"},{"taxonomy":"post_tag","embeddable":true,"href":"https:\/\/preservons-la-nature.fr\/blog\/index.php?rest_route=%2Fwp%2Fv2%2Ftags&post=3243"}],"curies":[{"name":"wp","href":"https:\/\/api.w.org\/{rel}","templated":true}]}}