{"id":3215,"date":"2014-04-30T00:13:55","date_gmt":"2014-04-29T23:13:55","guid":{"rendered":"https:\/\/www.preservons-la-nature.fr\/blog\/?p=3215"},"modified":"2014-10-29T12:26:40","modified_gmt":"2014-10-29T11:26:40","slug":"acer-campestre-l-erable","status":"publish","type":"post","link":"https:\/\/preservons-la-nature.fr\/blog\/?p=3215","title":{"rendered":"Acer campestre L. ( \u00c9rable )"},"content":{"rendered":"<p><STRONG>Une fiche plus r\u00e9cente existe, vous pouvez la consulter <a href=\"https:\/\/www.preservons-la-nature.fr\/flore\/taxon\/20.html\">ICI<\/a><\/STRONG><\/p>\n<div id=\"attachment_3216\" style=\"width: 658px\" class=\"wp-caption aligncenter\"><a href=\"https:\/\/www.preservons-la-nature.fr\/blog\/wp-content\/uploads\/2014\/03\/DSC06240.jpg\"><img loading=\"lazy\" decoding=\"async\" aria-describedby=\"caption-attachment-3216\" class=\" wp-image-3216  \" title=\"Acer campestre L. ( \u00c9rable )\" alt=\"Acer campestre L. ( \u00c9rable )\" src=\"https:\/\/www.preservons-la-nature.fr\/blog\/wp-content\/uploads\/2014\/03\/DSC06240.jpg\" width=\"648\" height=\"432\" srcset=\"https:\/\/preservons-la-nature.fr\/blog\/wp-content\/uploads\/2014\/03\/DSC06240.jpg 800w, https:\/\/preservons-la-nature.fr\/blog\/wp-content\/uploads\/2014\/03\/DSC06240-300x199.jpg 300w\" sizes=\"auto, (max-width: 648px) 100vw, 648px\" \/><\/a><p id=\"caption-attachment-3216\" class=\"wp-caption-text\">Acer campestre L. ( \u00c9rable )<\/p><\/div>\n<p><strong><span style=\"text-decoration: underline;\">Nom :<\/span><\/strong> <i>Acer campestre L.<\/i> ( \u00c9rable )<\/p>\n<p><strong><span style=\"text-decoration: underline;\">Autre(s) nom(s) :<\/span><\/strong><br \/>\nAc\u00e9raille, \u00c9rable champ\u00eatre.<\/p>\n<p><strong><span style=\"text-decoration: underline;\">Famille :<\/span><\/strong> SAPINDACEAE<\/p>\n<p><strong><span style=\"text-decoration: underline;\">Floraison :<\/span><\/strong> Avril &#8211; Mai<\/p>\n<p><strong><span style=\"text-decoration: underline;\">Forme biologique :<\/span><\/strong><br \/>\nPhan\u00e9rophyte.<\/p>\n<p><strong><span style=\"text-decoration: underline;\">Description dans la flore de Coste :<\/span><\/strong><br \/>\nArbre assez \u00e9lev\u00e9, \u00e0 \u00e9corce crevass\u00e9e-sub\u00e9reuse ; feuilles assez petites, un peu fermes, vertes sur les deux faces, pubescentes surtout en dessous, en coeur \u00e0 la base, \u00e0 5 lobes sinu\u00e9s-lob\u00e9s, obtus ou subaigus, s\u00e9par\u00e9s par des sinus profonds, \u00e0 angles aigus un peu \u00e9mouss\u00e9s au sommet ; fleurs d&rsquo;un vert jaun\u00e2tre, paraissant avec les feuilles, en corymbes rameux, dress\u00e9s, subsessiles ; p\u00e9dicelles, s\u00e9pales et p\u00e9tales velus ; filets des \u00e9tamines glabres ; samares pubescentes ou glabres, \u00e0 coques peu renfl\u00e9es, lisses, \u00e0 ailes \u00e9tal\u00e9es horizontalement, non r\u00e9tr\u00e9cies \u00e0 la base.<\/p>\n<p><strong><span style=\"text-decoration: underline;\">Usages \/ particularit\u00e9s :<\/span><\/strong><br \/>\nC&rsquo;est un bois tr\u00e8s dur. Il s&rsquo;agit d&rsquo;un tr\u00e8s bon combustible de chauffage. Son bois est utilis\u00e9 en lutherie.<\/p>\n<p><strong><span style=\"text-decoration: underline;\">R\u00e9partition fran\u00e7aise :<\/span><\/strong><br \/>\nElle est pr\u00e9sente dans toute la France en dessous de 1500 m\u00e8tres.<\/p>\n<p><strong><span style=\"text-decoration: underline;\">Pr\u00e9sent dans le(s) d\u00e9partement(s) suivant(s) :<\/span><\/strong><br \/>\nAin, Aisne, Allier, Alpes-de-Haute-Provence, Alpes-Maritimes, Ardennes, Ari\u00e8ge, Aube, Aveyron, Bas-Rhin, Bouches-du-Rh\u00f4ne, Calvados, Cantal, Charente, Charente-Maritime, Cher, Corr\u00e8ze, C\u00f4te-d&rsquo;Or, C\u00f4tes-d&rsquo;Armor, Creuse, Deux-S\u00e8vres, Dordogne, Doubs, Dr\u00f4me, Essonne, Eure, Eure-et-Loir, Finist\u00e8re, Gers, Gironde, Haute-Loire, Haute-Marne, Hautes-Alpes, Haute-Sa\u00f4ne, Haute-Savoie, Hautes-Pyr\u00e9n\u00e9es, Haute-Vienne, Haut-Rhin, Hauts-de-Seine, Ille-et-Vilaine, Indre, Indre-et-Loire, Is\u00e8re, Jura, Landes, Loire-Atlantique, Loiret, Loir-et-Cher, Lot, Lot-et-Garonne, Loz\u00e8re, Maine-et-Loire, Manche, Marne, Mayenne, Meurthe-et-Moselle, Meuse, Morbihan, Moselle, Ni\u00e8vre, Nord, Oise, Orne, Paris, Pas-de-Calais, Puy-de-D\u00f4me, Pyr\u00e9n\u00e9es-Atlantiques, Sa\u00f4ne-et-Loire, Sarthe, Seine-et-Marne, Seine-Maritime, Seine-Saint-Denis, Somme, Tarn-et-Garonne, Territoire-de-Belfort, Val-de-Marne, Val-d&rsquo;Oise, Var, Vaucluse, Vend\u00e9e, Vienne, Vosges, Yonne, Yvelines.<\/p>\n<div id=\"attachment_3218\" style=\"width: 610px\" class=\"wp-caption aligncenter\"><a href=\"https:\/\/www.preservons-la-nature.fr\/blog\/?attachment_id=3218\" rel=\"attachment wp-att-3218\"><img loading=\"lazy\" decoding=\"async\" aria-describedby=\"caption-attachment-3218\" class=\"size-full wp-image-3218\" alt=\"R\u00e9partition de Acer campestre L. ( \u00c9rable )\" src=\"https:\/\/www.preservons-la-nature.fr\/blog\/wp-content\/uploads\/2014\/03\/carte50.jpg\" width=\"600\" height=\"600\" srcset=\"https:\/\/preservons-la-nature.fr\/blog\/wp-content\/uploads\/2014\/03\/carte50.jpg 600w, https:\/\/preservons-la-nature.fr\/blog\/wp-content\/uploads\/2014\/03\/carte50-150x150.jpg 150w, https:\/\/preservons-la-nature.fr\/blog\/wp-content\/uploads\/2014\/03\/carte50-300x300.jpg 300w\" sizes=\"auto, (max-width: 600px) 100vw, 600px\" \/><\/a><p id=\"caption-attachment-3218\" class=\"wp-caption-text\">R\u00e9partition de Acer campestre L. ( \u00c9rable )<\/p><\/div>\n<div id=\"attachment_3217\" style=\"width: 650px\" class=\"wp-caption aligncenter\"><a href=\"https:\/\/www.preservons-la-nature.fr\/blog\/wp-content\/uploads\/2014\/03\/DSC07852.jpg\"><img loading=\"lazy\" decoding=\"async\" aria-describedby=\"caption-attachment-3217\" class=\"size-full wp-image-3217\" title=\"Acer campestre L. ( \u00c9rable )\" alt=\"Acer campestre L. ( \u00c9rable )\" src=\"https:\/\/www.preservons-la-nature.fr\/blog\/wp-content\/uploads\/2014\/03\/DSC07852.jpg\" width=\"640\" height=\"426\" srcset=\"https:\/\/preservons-la-nature.fr\/blog\/wp-content\/uploads\/2014\/03\/DSC07852.jpg 800w, https:\/\/preservons-la-nature.fr\/blog\/wp-content\/uploads\/2014\/03\/DSC07852-300x199.jpg 300w\" sizes=\"auto, (max-width: 640px) 100vw, 640px\" \/><\/a><p id=\"caption-attachment-3217\" class=\"wp-caption-text\">Acer campestre L. ( \u00c9rable )<\/p><\/div>\n<p><strong><span style=\"text-decoration: underline;\">Ecologie :<\/span><\/strong><br \/>\nElle se trouve sur des sols neutres \u00e0 calcaires assez frais et riches.<\/p>\n<p><strong><span style=\"text-decoration: underline;\">Phytosociologie :<\/span><i><\/i><\/strong><\/p>\n<table>\n<tbody>\n<tr>\n<td>Alliance<\/td>\n<td>Sous-ordre<\/td>\n<td>Ordre<\/td>\n<td>Classe<\/td>\n<\/tr>\n<tr>\n<td><strong>Alnion incanae<\/strong><\/td>\n<td><strong>Alno glutinosae-Ulmenalia minoris<\/strong><\/td>\n<td><strong>Populetalia albae<\/strong><\/td>\n<td><strong>Querco roboris-Fagetea sylvaticae<\/strong><\/td>\n<\/tr>\n<tr>\n<td><\/td>\n<td>Communaut\u00e9s de l&rsquo;Europe temp\u00e9r\u00e9e.<\/td>\n<td>Communaut\u00e9s riveraines non mar\u00e9cageuses.<\/td>\n<td>For\u00eats temp\u00e9r\u00e9es caducifoli\u00e9es ou mixtes, collin\u00e9ennes et montagnardes (plus rarement subalpines), ainsi que supram\u00e9diterran\u00e9ennes.<\/td>\n<\/tr>\n<\/tbody>\n<\/table>\n<table>\n<tbody>\n<tr>\n<td>Alliance<\/td>\n<td>Sous-ordre<\/td>\n<td>Ordre<\/td>\n<td>Classe<\/td>\n<\/tr>\n<tr>\n<td><strong>Carpinion betuli<\/strong><\/td>\n<td><strong>Carpino betuli-Fagenalia sylvaticae<\/strong><\/td>\n<td><strong>Fagetalia sylvaticae<\/strong><\/td>\n<td><strong>Querco roboris-Fagetea sylvaticae<\/strong><\/td>\n<\/tr>\n<tr>\n<td>Communaut\u00e9s sur sols plus ressuy\u00e9s mais sans d\u00e9ficit hydrique marqu\u00e9.<\/td>\n<td>Communaut\u00e9s planitiaires \u00e0 collin\u00e9ennes m\u00e9sohygroclines \u00e0 x\u00e9roclines, acidiclines \u00e0 calcicoles.<\/td>\n<td>Communaut\u00e9s collin\u00e9ennes et montagnardes, acidiclines \u00e0 calcicoles, non thermophiles.<\/td>\n<td>For\u00eats temp\u00e9r\u00e9es caducifoli\u00e9es ou mixtes, collin\u00e9ennes et montagnardes (plus rarement subalpines), ainsi que supram\u00e9diterran\u00e9ennes.<\/td>\n<\/tr>\n<\/tbody>\n<\/table>\n<table>\n<tbody>\n<tr>\n<td>Alliance<\/td>\n<td>Sous-ordre<\/td>\n<td>Ordre<\/td>\n<td>Classe<\/td>\n<\/tr>\n<tr>\n<td><strong>Polysticho setiferi-Fraxinion excelsioris<\/strong><\/td>\n<td><strong>Carpino betuli-Fagenalia sylvaticae<\/strong><\/td>\n<td><strong>Fagetalia sylvaticae<\/strong><\/td>\n<td><strong>Querco roboris-Fagetea sylvaticae<\/strong><\/td>\n<\/tr>\n<tr>\n<td>Communaut\u00e9s de ravins ou de versants tr\u00e8s pentus.<\/td>\n<td>Communaut\u00e9s planitiaires \u00e0 collin\u00e9ennes m\u00e9sohygroclines \u00e0 x\u00e9roclines, acidiclines \u00e0 calcicoles.<\/td>\n<td>Communaut\u00e9s collin\u00e9ennes et montagnardes, acidiclines \u00e0 calcicoles, non thermophiles.<\/td>\n<td>For\u00eats temp\u00e9r\u00e9es caducifoli\u00e9es ou mixtes, collin\u00e9ennes et montagnardes (plus rarement subalpines), ainsi que supram\u00e9diterran\u00e9ennes.<\/td>\n<\/tr>\n<\/tbody>\n<\/table>\n<table>\n<tbody>\n<tr>\n<td>Ordre<\/td>\n<td>Classe<\/td>\n<\/tr>\n<tr>\n<td><strong>Prunetalia spinosae<\/strong><\/td>\n<td><strong>Crataego monogynae-Prunetea spinosae<\/strong><\/td>\n<\/tr>\n<tr>\n<td>Communaut\u00e9s arbustives non dunaires, des sols carbonat\u00e9s ou plus ou moins d\u00e9satur\u00e9s.<\/td>\n<td>V\u00e9g\u00e9tation principalement europ\u00e9enne de manteaux arbustifs, frutic\u00e9es et haies. Nota : diverses communaut\u00e9s domin\u00e9es par des Rubus (spp.), non encore \u00e9tudi\u00e9es en France, ne sont pas int\u00e9gr\u00e9es \u00e0 la pr\u00e9sente classification.<\/td>\n<\/tr>\n<\/tbody>\n<\/table>\n<table>\n<tbody>\n<tr>\n<td>Classe<\/td>\n<\/tr>\n<tr>\n<td><strong>Querco roboris-Fagetea sylvaticae<\/strong><\/td>\n<\/tr>\n<tr>\n<td>For\u00eats temp\u00e9r\u00e9es caducifoli\u00e9es ou mixtes, collin\u00e9ennes et montagnardes (plus rarement subalpines), ainsi que supram\u00e9diterran\u00e9ennes.<\/td>\n<\/tr>\n<\/tbody>\n<\/table>\n<table>\n<tbody>\n<tr>\n<td>Alliance<\/td>\n<td>Sous-ordre<\/td>\n<td>Ordre<\/td>\n<td>Classe<\/td>\n<\/tr>\n<tr>\n<td><strong>Tilion platyphylli<\/strong><\/td>\n<td><strong>Cephalanthero rubrae-Fagenalia sylvaticae<\/strong><\/td>\n<td><strong>Fagetalia sylvaticae<\/strong><\/td>\n<td><strong>Querco roboris-Fagetea sylvaticae<\/strong><\/td>\n<\/tr>\n<tr>\n<td>Communaut\u00e9s x\u00e9rophiles, sur \u00e9boulis grossiers.<\/td>\n<td>Communaut\u00e9s collin\u00e9ennes et montagnardes, (thermo) x\u00e9ro-, m\u00e9sox\u00e9rophiles, calcaricoles \u00e0 calcicoles.<\/td>\n<td>Communaut\u00e9s collin\u00e9ennes et montagnardes, acidiclines \u00e0 calcicoles, non thermophiles.<\/td>\n<td>For\u00eats temp\u00e9r\u00e9es caducifoli\u00e9es ou mixtes, collin\u00e9ennes et montagnardes (plus rarement subalpines), ainsi que supram\u00e9diterran\u00e9ennes.<\/td>\n<\/tr>\n<\/tbody>\n<\/table>\n<p><strong><span style=\"text-decoration: underline;\">Taxonomie :<\/span><\/strong><br \/>\n<i>Acer campestre L.<\/i> a pour synonymes (Informations issues de la BDTFX Version 2.0, <a href=\"http:\/\/www.tela-botanica.org\" target=\"_blank\">Tela Botanica<\/a>) :<i><br \/>\n&#8211; Acer affine Opiz<br \/>\n&#8211; Acer austriacum Tratt.<br \/>\n&#8211; Acer bedoi Borb\u00e1s<br \/>\n&#8211; Acer campestre L. subsp. campestre<br \/>\n&#8211; Acer heterotoma Borb\u00e1s<br \/>\n&#8211; Acer microcarpon Opiz<br \/>\n&#8211; Acer molle Opiz<br \/>\n&#8211; Acer polycarpon Opiz<br \/>\n&#8211; Acer praecox Opiz<br \/>\n&#8211; Acer suberosum Dumort.<br \/>\n&#8211; Acer sylvestre Wender.<br \/>\n&#8211; Acer tauschianum Opiz<br \/>\n&#8211; Acer tomentosum Kitt.<br \/>\n&#8211; Acer trattinickii Pohl<br \/>\n&#8211; Acer vulgare Borkh.<br \/>\n&#8211; Acer wondracekii Opiz<br \/>\n&#8211; Euacer campestre (L.) Opiz<br \/>\n<\/i><br \/>\n<span style=\"text-decoration: underline;\">Sous-esp\u00e8ces ou vari\u00e9t\u00e9s :<\/span><br \/>\n<i>&#8211; Acer campestre L. var. campestre<br \/>\n&#8211; Acer campestre var. hebecarpum DC.<br \/>\n<\/i><\/p>\n","protected":false},"excerpt":{"rendered":"<p>Une fiche plus r\u00e9cente existe, vous pouvez la consulter ICI Nom : Acer campestre L. ( \u00c9rable ) Autre(s) nom(s) : Ac\u00e9raille, \u00c9rable champ\u00eatre. Famille : SAPINDACEAE Floraison : Avril &#8211; Mai Forme biologique : Phan\u00e9rophyte. Description dans la flore &hellip; <a href=\"https:\/\/preservons-la-nature.fr\/blog\/?p=3215\">Continuer la lecture <span class=\"meta-nav\">&rarr;<\/span><\/a><\/p>\n","protected":false},"author":1,"featured_media":0,"comment_status":"open","ping_status":"open","sticky":false,"template":"","format":"standard","meta":{"footnotes":""},"categories":[102],"tags":[120],"class_list":["post-3215","post","type-post","status-publish","format-standard","hentry","category-fiche-partielle-de-plantes","tag-sapindaceae"],"_links":{"self":[{"href":"https:\/\/preservons-la-nature.fr\/blog\/index.php?rest_route=\/wp\/v2\/posts\/3215","targetHints":{"allow":["GET"]}}],"collection":[{"href":"https:\/\/preservons-la-nature.fr\/blog\/index.php?rest_route=\/wp\/v2\/posts"}],"about":[{"href":"https:\/\/preservons-la-nature.fr\/blog\/index.php?rest_route=\/wp\/v2\/types\/post"}],"author":[{"embeddable":true,"href":"https:\/\/preservons-la-nature.fr\/blog\/index.php?rest_route=\/wp\/v2\/users\/1"}],"replies":[{"embeddable":true,"href":"https:\/\/preservons-la-nature.fr\/blog\/index.php?rest_route=%2Fwp%2Fv2%2Fcomments&post=3215"}],"version-history":[{"count":2,"href":"https:\/\/preservons-la-nature.fr\/blog\/index.php?rest_route=\/wp\/v2\/posts\/3215\/revisions"}],"predecessor-version":[{"id":4089,"href":"https:\/\/preservons-la-nature.fr\/blog\/index.php?rest_route=\/wp\/v2\/posts\/3215\/revisions\/4089"}],"wp:attachment":[{"href":"https:\/\/preservons-la-nature.fr\/blog\/index.php?rest_route=%2Fwp%2Fv2%2Fmedia&parent=3215"}],"wp:term":[{"taxonomy":"category","embeddable":true,"href":"https:\/\/preservons-la-nature.fr\/blog\/index.php?rest_route=%2Fwp%2Fv2%2Fcategories&post=3215"},{"taxonomy":"post_tag","embeddable":true,"href":"https:\/\/preservons-la-nature.fr\/blog\/index.php?rest_route=%2Fwp%2Fv2%2Ftags&post=3215"}],"curies":[{"name":"wp","href":"https:\/\/api.w.org\/{rel}","templated":true}]}}