{"id":3199,"date":"2014-03-22T00:45:47","date_gmt":"2014-03-21T23:45:47","guid":{"rendered":"https:\/\/www.preservons-la-nature.fr\/blog\/?p=3199"},"modified":"2014-03-20T21:48:59","modified_gmt":"2014-03-20T20:48:59","slug":"crataegus-monogyna-jacq-aubepine-a-un-style","status":"publish","type":"post","link":"https:\/\/preservons-la-nature.fr\/blog\/?p=3199","title":{"rendered":"Crataegus monogyna Jacq. ( Aub\u00e9pine \u00e0 un style )"},"content":{"rendered":"<p><STRONG>Une fiche plus r&eacute;cente existe, vous pouvez la consulter <a href=\"https:\/\/www.preservons-la-nature.fr\/flore\/taxon\/305.html\">ICI<\/a><\/STRONG><div id=\"attachment_3200\" style=\"width: 370px\" class=\"wp-caption aligncenter\"><a href=\"https:\/\/www.preservons-la-nature.fr\/blog\/wp-content\/uploads\/2014\/03\/DSC2047.jpg\"><img loading=\"lazy\" decoding=\"async\" aria-describedby=\"caption-attachment-3200\" class=\" wp-image-3200 \" title=\"Crataegus monogyna Jacq. ( Aub\u00e9pine \u00e0 un style )\" alt=\"Crataegus monogyna Jacq. ( Aub\u00e9pine \u00e0 un style )\" src=\"https:\/\/www.preservons-la-nature.fr\/blog\/wp-content\/uploads\/2014\/03\/DSC2047.jpg\" width=\"360\" height=\"540\" srcset=\"https:\/\/preservons-la-nature.fr\/blog\/wp-content\/uploads\/2014\/03\/DSC2047.jpg 400w, https:\/\/preservons-la-nature.fr\/blog\/wp-content\/uploads\/2014\/03\/DSC2047-200x300.jpg 200w\" sizes=\"auto, (max-width: 360px) 100vw, 360px\" \/><\/a><p id=\"caption-attachment-3200\" class=\"wp-caption-text\">Crataegus monogyna Jacq. ( Aub\u00e9pine \u00e0 un style )<\/p><\/div><\/p>\n<p><strong><span style=\"text-decoration: underline;\">Nom :<\/span><\/strong> <i>Crataegus monogyna Jacq.<\/i> ( Aub\u00e9pine \u00e0 un style )<\/p>\n<p><strong><span style=\"text-decoration: underline;\">Famille :<\/span><\/strong> ROSACEAE<\/p>\n<p><strong><span style=\"text-decoration: underline;\">Floraison :<\/span><\/strong> Avril &#8211; Juin<\/p>\n<p><strong><span style=\"text-decoration: underline;\">Description dans la flore de Coste :<\/span><\/strong><br \/>\nArbrisseau tr\u00e8s \u00e9pineux de 2-4 m\u00e8tres ; feuilles d&rsquo;un vert clair, largement ovales, en coin \u00e0 la base, dent\u00e9es au sommet, pennatipartites, \u00e0 3-7 lobes profonds, \u00e9cart\u00e9s, entiers, dent\u00e9s ou sublob\u00e9s, \u00e0 nervures secondaires inf\u00e9rieures courb\u00e9es en dehors ; jeunes rameaux souvent pubescents ; fleurs blanches ou ros\u00e9es, en corymbes, \u00e0 odeur agr\u00e9able ; calice \u00e0 dents lanc\u00e9ol\u00e9es ou triangulaires ; 1 seul style ; fruit petit, du volume d&rsquo;un pois, \u00e0 saveur tr\u00e8s fade, renfermant 1 seul noyau.<\/p>\n<p><strong><span style=\"text-decoration: underline;\">Pr\u00e9sent dans le(s) d\u00e9partement(s) suivant(s) :<\/span><\/strong><br \/>\nAin, Aisne, Allier, Alpes-de-Haute-Provence, Alpes-Maritimes, Ardennes, Ari\u00e8ge, Aube, Aude, Aveyron, Bas-Rhin, Bouches-du-Rh\u00f4ne, Calvados, Cantal, Charente, Charente-Maritime, Cher, Corr\u00e8ze, Corse-du-Sud, C\u00f4te-d&rsquo;Or, C\u00f4tes-d&rsquo;Armor, Creuse, Deux-S\u00e8vres, Dordogne, Doubs, Dr\u00f4me, Essonne, Eure, Eure-et-Loir, Finist\u00e8re, Gers, Gironde, Haute-Corse, Haute-Garonne, Haute-Loire, Haute-Marne, Hautes-Alpes, Haute-Sa\u00f4ne, Haute-Savoie, Haute-Vienne, Haut-Rhin, Hauts-de-Seine, Ille-et-Vilaine, Indre, Indre-et-Loire, Is\u00e8re, Jura, Landes, Loire-Atlantique, Loiret, Loir-et-Cher, Lot, Lot-et-Garonne, Loz\u00e8re, Maine-et-Loire, Manche, Marne, Mayenne, Meurthe-et-Moselle, Meuse, Morbihan, Moselle, Ni\u00e8vre, Nord, Oise, Orne, Paris, Pas-de-Calais, Puy-de-D\u00f4me, Pyr\u00e9n\u00e9es-Atlantiques, Pyr\u00e9n\u00e9es-Orientales, Sa\u00f4ne-et-Loire, Sarthe, Seine-et-Marne, Seine-Maritime, Seine-Saint-Denis, Somme, Tarn-et-Garonne, Territoire-de-Belfort, Val-de-Marne, Val-d&rsquo;Oise, Var, Vaucluse, Vend\u00e9e, Vienne, Vosges, Yonne, Yvelines.<\/p>\n<div id=\"attachment_3202\" style=\"width: 610px\" class=\"wp-caption aligncenter\"><a href=\"https:\/\/www.preservons-la-nature.fr\/blog\/?attachment_id=3202\" rel=\"attachment wp-att-3202\"><img loading=\"lazy\" decoding=\"async\" aria-describedby=\"caption-attachment-3202\" class=\"size-full wp-image-3202\" alt=\"R\u00e9partition de Crataegus monogyna Jacq. ( Aub\u00e9pine \u00e0 un style )\" src=\"https:\/\/www.preservons-la-nature.fr\/blog\/wp-content\/uploads\/2014\/03\/carte47.jpg\" width=\"600\" height=\"600\" srcset=\"https:\/\/preservons-la-nature.fr\/blog\/wp-content\/uploads\/2014\/03\/carte47.jpg 600w, https:\/\/preservons-la-nature.fr\/blog\/wp-content\/uploads\/2014\/03\/carte47-150x150.jpg 150w, https:\/\/preservons-la-nature.fr\/blog\/wp-content\/uploads\/2014\/03\/carte47-300x300.jpg 300w\" sizes=\"auto, (max-width: 600px) 100vw, 600px\" \/><\/a><p id=\"caption-attachment-3202\" class=\"wp-caption-text\">R\u00e9partition de Crataegus monogyna Jacq. ( Aub\u00e9pine \u00e0 un style )<\/p><\/div>\n<div id=\"attachment_3201\" style=\"width: 650px\" class=\"wp-caption aligncenter\"><a href=\"https:\/\/www.preservons-la-nature.fr\/blog\/wp-content\/uploads\/2014\/03\/DSC04141.jpg\"><img loading=\"lazy\" decoding=\"async\" aria-describedby=\"caption-attachment-3201\" class=\"size-full wp-image-3201\" title=\"Crataegus monogyna Jacq. ( Aub\u00e9pine \u00e0 un style )\" alt=\"Crataegus monogyna Jacq. ( Aub\u00e9pine \u00e0 un style )\" src=\"https:\/\/www.preservons-la-nature.fr\/blog\/wp-content\/uploads\/2014\/03\/DSC04141.jpg\" width=\"640\" height=\"426\" srcset=\"https:\/\/preservons-la-nature.fr\/blog\/wp-content\/uploads\/2014\/03\/DSC04141.jpg 800w, https:\/\/preservons-la-nature.fr\/blog\/wp-content\/uploads\/2014\/03\/DSC04141-300x199.jpg 300w\" sizes=\"auto, (max-width: 640px) 100vw, 640px\" \/><\/a><p id=\"caption-attachment-3201\" class=\"wp-caption-text\">Crataegus monogyna Jacq. ( Aub\u00e9pine \u00e0 un style )<\/p><\/div>\n<p><strong><span style=\"text-decoration: underline;\">Phytosociologie :<\/span><i><\/i><\/strong><\/p>\n<table>\n<tbody>\n<tr>\n<td>Alliance<\/td>\n<td>Sous-ordre<\/td>\n<td>Ordre<\/td>\n<td>Classe<\/td>\n<\/tr>\n<tr>\n<td><strong>Alnion incanae<\/strong><\/td>\n<td><strong>Alno glutinosae-Ulmenalia minoris<\/strong><\/td>\n<td><strong>Populetalia albae<\/strong><\/td>\n<td><strong>Querco roboris-Fagetea sylvaticae<\/strong><\/td>\n<\/tr>\n<tr>\n<td><\/td>\n<td>Communaut\u00e9s de l&rsquo;Europe temp\u00e9r\u00e9e.<\/td>\n<td>Communaut\u00e9s riveraines non mar\u00e9cageuses.<\/td>\n<td>For\u00eats temp\u00e9r\u00e9es caducifoli\u00e9es ou mixtes, collin\u00e9ennes et montagnardes (plus rarement subalpines), ainsi que supram\u00e9diterran\u00e9ennes.<\/td>\n<\/tr>\n<\/tbody>\n<\/table>\n<table>\n<tbody>\n<tr>\n<td>Alliance<\/td>\n<td>Ordre<\/td>\n<td>Classe<\/td>\n<\/tr>\n<tr>\n<td><strong>Berberidion vulgaris<\/strong><\/td>\n<td><strong>Prunetalia spinosae<\/strong><\/td>\n<td><strong>Crataego monogynae-Prunetea spinosae<\/strong><\/td>\n<\/tr>\n<tr>\n<td>Communaut\u00e9s nord-atlantiques, subatlantiques, m\u00e9dioeurop\u00e9ennes et supram\u00e9diterran\u00e9ennes, calcicoles, x\u00e9rophiles \u00e0 m\u00e9so-x\u00e9rophiles.<\/td>\n<td>Communaut\u00e9s arbustives non dunaires, des sols carbonat\u00e9s ou plus ou moins d\u00e9satur\u00e9s.<\/td>\n<td>V\u00e9g\u00e9tation principalement europ\u00e9enne de manteaux arbustifs, frutic\u00e9es et haies. Nota : diverses communaut\u00e9s domin\u00e9es par des Rubus (spp.), non encore \u00e9tudi\u00e9es en France, ne sont pas int\u00e9gr\u00e9es \u00e0 la pr\u00e9sente classification.<\/td>\n<\/tr>\n<\/tbody>\n<\/table>\n<table>\n<tbody>\n<tr>\n<td>Ordre<\/td>\n<td>Classe<\/td>\n<\/tr>\n<tr>\n<td><strong>Prunetalia spinosae<\/strong><\/td>\n<td><strong>Crataego monogynae-Prunetea spinosae<\/strong><\/td>\n<\/tr>\n<tr>\n<td>Communaut\u00e9s arbustives non dunaires, des sols carbonat\u00e9s ou plus ou moins d\u00e9satur\u00e9s.<\/td>\n<td>V\u00e9g\u00e9tation principalement europ\u00e9enne de manteaux arbustifs, frutic\u00e9es et haies. Nota : diverses communaut\u00e9s domin\u00e9es par des Rubus (spp.), non encore \u00e9tudi\u00e9es en France, ne sont pas int\u00e9gr\u00e9es \u00e0 la pr\u00e9sente classification.<\/td>\n<\/tr>\n<\/tbody>\n<\/table>\n<table>\n<tbody>\n<tr>\n<td>Alliance<\/td>\n<td>Ordre<\/td>\n<td>Classe<\/td>\n<\/tr>\n<tr>\n<td><strong>Pruno spinosae-Rubion radulae<\/strong><\/td>\n<td><strong>Prunetalia spinosae<\/strong><\/td>\n<td><strong>Crataego monogynae-Prunetea spinosae<\/strong><\/td>\n<\/tr>\n<tr>\n<td>Communaut\u00e9s m\u00e9sophiles \u00e0 m\u00e9sohygrophiles sur sol plus ou moins d\u00e9satur\u00e9.<\/td>\n<td>Communaut\u00e9s arbustives non dunaires, des sols carbonat\u00e9s ou plus ou moins d\u00e9satur\u00e9s.<\/td>\n<td>V\u00e9g\u00e9tation principalement europ\u00e9enne de manteaux arbustifs, frutic\u00e9es et haies. Nota : diverses communaut\u00e9s domin\u00e9es par des Rubus (spp.), non encore \u00e9tudi\u00e9es en France, ne sont pas int\u00e9gr\u00e9es \u00e0 la pr\u00e9sente classification.<\/td>\n<\/tr>\n<\/tbody>\n<\/table>\n<table>\n<tbody>\n<tr>\n<td>Alliance<\/td>\n<td>Ordre<\/td>\n<td>Classe<\/td>\n<\/tr>\n<tr>\n<td><strong>Salici cinereae-Rhamnion catharticae<\/strong><\/td>\n<td><strong>Prunetalia spinosae<\/strong><\/td>\n<td><strong>Crataego monogynae-Prunetea spinosae<\/strong><\/td>\n<\/tr>\n<tr>\n<td>Communaut\u00e9s de manteaux, frutic\u00e9es, haies plus ou moins m\u00e9sohygrophiles des lits majeurs inondables des rivi\u00e8res.<\/td>\n<td>Communaut\u00e9s arbustives non dunaires, des sols carbonat\u00e9s ou plus ou moins d\u00e9satur\u00e9s.<\/td>\n<td>V\u00e9g\u00e9tation principalement europ\u00e9enne de manteaux arbustifs, frutic\u00e9es et haies. Nota : diverses communaut\u00e9s domin\u00e9es par des Rubus (spp.), non encore \u00e9tudi\u00e9es en France, ne sont pas int\u00e9gr\u00e9es \u00e0 la pr\u00e9sente classification.<\/td>\n<\/tr>\n<\/tbody>\n<\/table>\n<table>\n<tbody>\n<tr>\n<td>Alliance<\/td>\n<td>Ordre<\/td>\n<td>Classe<\/td>\n<\/tr>\n<tr>\n<td><strong>Ulici europaei-Rubion ulmifolii<\/strong><\/td>\n<td><strong>Prunetalia spinosae<\/strong><\/td>\n<td><strong>Crataego monogynae-Prunetea spinosae<\/strong><\/td>\n<\/tr>\n<tr>\n<td>Communaut\u00e9s atlantiques acidiclines \u00e0 acidiphiles (Centre, Bretagne\u2026).<\/td>\n<td>Communaut\u00e9s arbustives non dunaires, des sols carbonat\u00e9s ou plus ou moins d\u00e9satur\u00e9s.<\/td>\n<td>V\u00e9g\u00e9tation principalement europ\u00e9enne de manteaux arbustifs, frutic\u00e9es et haies. Nota : diverses communaut\u00e9s domin\u00e9es par des Rubus (spp.), non encore \u00e9tudi\u00e9es en France, ne sont pas int\u00e9gr\u00e9es \u00e0 la pr\u00e9sente classification.<\/td>\n<\/tr>\n<\/tbody>\n<\/table>\n<table>\n<tbody>\n<tr>\n<td>Sous-alliance<\/td>\n<td>Alliance<\/td>\n<td>Sous-ordre<\/td>\n<td>Ordre<\/td>\n<td>Classe<\/td>\n<\/tr>\n<tr>\n<td><strong>Ulmenion minoris<\/strong><\/td>\n<td><strong>Alnion incanae<\/strong><\/td>\n<td><strong>Alno glutinosae-Ulmenalia minoris<\/strong><\/td>\n<td><strong>Populetalia albae<\/strong><\/td>\n<td><strong>Querco roboris-Fagetea sylvaticae<\/strong><\/td>\n<\/tr>\n<tr>\n<td>Communaut\u00e9s du bord des grands fleuves.<\/td>\n<td><\/td>\n<td>Communaut\u00e9s de l&rsquo;Europe temp\u00e9r\u00e9e.<\/td>\n<td>Communaut\u00e9s riveraines non mar\u00e9cageuses.<\/td>\n<td>For\u00eats temp\u00e9r\u00e9es caducifoli\u00e9es ou mixtes, collin\u00e9ennes et montagnardes (plus rarement subalpines), ainsi que supram\u00e9diterran\u00e9ennes.<\/td>\n<\/tr>\n<\/tbody>\n<\/table>\n<p><strong><span style=\"text-decoration: underline;\">Taxonomie :<\/span><\/strong><br \/>\n<i>Crataegus monogyna Jacq.<\/i> a pour synonymes (Informations issues de la BDTFX Version 2.0, <a href=\"http:\/\/www.tela-botanica.org\" target=\"_blank\">Tela Botanica<\/a>) :<i><br \/>\n&#8211; Crataegus aguilaris Sennen<br \/>\n&#8211; Crataegus allemanniensis Cinovskis<br \/>\n&#8211; Crataegus apiifolia Medik.<br \/>\n&#8211; Crataegus azarella Griseb.<br \/>\n&#8211; Crataegus azarolus subsp. triloba (Poir.) Nyman<br \/>\n&#8211; Crataegus benearnensis Gand.<br \/>\n&#8211; Crataegus bracteolaris Gand.<br \/>\n&#8211; Crataegus brevispina Kunze<br \/>\n&#8211; Crataegus debilis Sennen<br \/>\n&#8211; Crataegus dissecta Borkh.<br \/>\n&#8211; Crataegus diversifolia (Pers.) M.Roem.<br \/>\n&#8211; Crataegus inermis Sennen<br \/>\n&#8211; Crataegus insegnae (Tineo ex Guss.) Bertol.<br \/>\n&#8211; Crataegus intermedia Schur<br \/>\n&#8211; Crataegus lamprophylla Gand.<br \/>\n&#8211; Crataegus lapeyrousii Gand.<br \/>\n&#8211; Crataegus maura L.f.<br \/>\n&#8211; Crataegus monogyna Jacq. subsp. monogyna<br \/>\n&#8211; Crataegus monogyna subsp. aguilaris (Sennen) Sennen<br \/>\n&#8211; Crataegus monogyna subsp. azarella (Griseb.) Franco<br \/>\n&#8211; Crataegus monogyna subsp. brevispina (Kunze) Franco<br \/>\n&#8211; Crataegus monogyna subsp. inermis (Sennen) Sennen<br \/>\n&#8211; Crataegus monogyna subsp. intermedia (Schur) Jav. ex P\u00e9nzes<br \/>\n&#8211; Crataegus monogyna subsp. polyacantha (Jan ex Guss.) Nyman<br \/>\n&#8211; Crataegus monogyna var. brevispina (Kunze) Dippel<br \/>\n&#8211; Crataegus oxyacantha L. [1754]<br \/>\n&#8211; Crataegus oxyacantha subsp. maura (L.f.) Maire<br \/>\n&#8211; Crataegus oxyacantha subsp. monogyna (Jacq.) Syme<br \/>\n&#8211; Crataegus oxyacantha subsp. monogyna Arcang.<br \/>\n&#8211; Crataegus oxyacantha subsp. monogyna Bonnier &amp; Layens<br \/>\n&#8211; Crataegus oxyacantha var. biflora Weston<br \/>\n&#8211; Crataegus oxyacantha var. monostyla DC.<br \/>\n&#8211; Crataegus paucifoliata Pau<br \/>\n&#8211; Crataegus paucilobata Sennen<br \/>\n&#8211; Crataegus podophylla Gand.<br \/>\n&#8211; Crataegus polyacantha Jan ex Guss.<br \/>\n&#8211; Crataegus schisticola Gand.<br \/>\n&#8211; Crataegus septempartita Pojark.<br \/>\n&#8211; Crataegus subintegriloba Pojark.<br \/>\n&#8211; Crataegus triloba Poir.<br \/>\n&#8211; Crataegus xeromorpha Pojark.<br \/>\n&#8211; Mespilus brevispina (Kunze) E.H.L.Krause<br \/>\n&#8211; Mespilus crataegus Borkh.<br \/>\n&#8211; Mespilus elegans Poir.<br \/>\n&#8211; Mespilus insegnae Tineo ex Guss.<br \/>\n&#8211; Mespilus monogyna (Jacq.) All.<br \/>\n&#8211; Mespilus monogyna var. trifida Wallr.<br \/>\n&#8211; Mespilus oliveriana Poir.<br \/>\n&#8211; Mespilus oxyacantha subsp. monogyna (Jacq.) Celak.<br \/>\n&#8211; Mespilus oxyacantha var. apiifolia Mutel<br \/>\n&#8211; Mespilus oxyacantha var. laciniata Desv.<br \/>\n&#8211; Mespilus polyacantha Jan ex Guss.<br \/>\n&#8211; Mespilus triloba (Poir.) Poir.<br \/>\n&#8211; Oxyacantha apiifolia M.Roem.<br \/>\n&#8211; Oxyacantha azarella (Griseb.) M.Roem.<br \/>\n&#8211; Oxyacantha elegans (Poir.) M.Roem.<br \/>\n&#8211; Oxyacantha monogyna (Jacq.) M.Roem.<br \/>\n<\/i><br \/>\n<span style=\"text-decoration: underline;\">Sous-esp\u00e8ces ou vari\u00e9t\u00e9s :<\/span><br \/>\n<i>&#8211; Crataegus monogyna Jacq. var. monogyna<br \/>\n&#8211; Crataegus monogyna var. laciniata sensu Kergu\u00e9len<br \/>\n&#8211; Crataegus monogyna var. maritima Corill.<br \/>\n<\/i><\/p>\n","protected":false},"excerpt":{"rendered":"<p>Une fiche plus r&eacute;cente existe, vous pouvez la consulter ICI Nom : Crataegus monogyna Jacq. ( Aub\u00e9pine \u00e0 un style ) Famille : ROSACEAE Floraison : Avril &#8211; Juin Description dans la flore de Coste : Arbrisseau tr\u00e8s \u00e9pineux de &hellip; <a href=\"https:\/\/preservons-la-nature.fr\/blog\/?p=3199\">Continuer la lecture <span class=\"meta-nav\">&rarr;<\/span><\/a><\/p>\n","protected":false},"author":1,"featured_media":0,"comment_status":"open","ping_status":"open","sticky":false,"template":"","format":"standard","meta":{"footnotes":""},"categories":[102],"tags":[83],"class_list":["post-3199","post","type-post","status-publish","format-standard","hentry","category-fiche-partielle-de-plantes","tag-rosacees"],"_links":{"self":[{"href":"https:\/\/preservons-la-nature.fr\/blog\/index.php?rest_route=\/wp\/v2\/posts\/3199","targetHints":{"allow":["GET"]}}],"collection":[{"href":"https:\/\/preservons-la-nature.fr\/blog\/index.php?rest_route=\/wp\/v2\/posts"}],"about":[{"href":"https:\/\/preservons-la-nature.fr\/blog\/index.php?rest_route=\/wp\/v2\/types\/post"}],"author":[{"embeddable":true,"href":"https:\/\/preservons-la-nature.fr\/blog\/index.php?rest_route=\/wp\/v2\/users\/1"}],"replies":[{"embeddable":true,"href":"https:\/\/preservons-la-nature.fr\/blog\/index.php?rest_route=%2Fwp%2Fv2%2Fcomments&post=3199"}],"version-history":[{"count":1,"href":"https:\/\/preservons-la-nature.fr\/blog\/index.php?rest_route=\/wp\/v2\/posts\/3199\/revisions"}],"predecessor-version":[{"id":3203,"href":"https:\/\/preservons-la-nature.fr\/blog\/index.php?rest_route=\/wp\/v2\/posts\/3199\/revisions\/3203"}],"wp:attachment":[{"href":"https:\/\/preservons-la-nature.fr\/blog\/index.php?rest_route=%2Fwp%2Fv2%2Fmedia&parent=3199"}],"wp:term":[{"taxonomy":"category","embeddable":true,"href":"https:\/\/preservons-la-nature.fr\/blog\/index.php?rest_route=%2Fwp%2Fv2%2Fcategories&post=3199"},{"taxonomy":"post_tag","embeddable":true,"href":"https:\/\/preservons-la-nature.fr\/blog\/index.php?rest_route=%2Fwp%2Fv2%2Ftags&post=3199"}],"curies":[{"name":"wp","href":"https:\/\/api.w.org\/{rel}","templated":true}]}}