{"id":3177,"date":"2014-04-28T00:56:16","date_gmt":"2014-04-27T23:56:16","guid":{"rendered":"https:\/\/www.preservons-la-nature.fr\/blog\/?p=3177"},"modified":"2014-03-20T14:01:06","modified_gmt":"2014-03-20T13:01:06","slug":"stellaria-holostea-l-stellaire-holostee","status":"publish","type":"post","link":"https:\/\/preservons-la-nature.fr\/blog\/?p=3177","title":{"rendered":"Stellaria holostea L. ( Stellaire holost\u00e9e )"},"content":{"rendered":"<p><STRONG>Une fiche plus r&eacute;cente existe, vous pouvez la consulter <a href=\"https:\/\/www.preservons-la-nature.fr\/flore\/taxon\/1138.html\">ICI<\/a><\/STRONG><div id=\"attachment_3180\" style=\"width: 370px\" class=\"wp-caption aligncenter\"><a href=\"https:\/\/www.preservons-la-nature.fr\/blog\/wp-content\/uploads\/2014\/03\/DSC04428.jpg\"><img loading=\"lazy\" decoding=\"async\" aria-describedby=\"caption-attachment-3180\" class=\" wp-image-3180\" title=\"Stellaria holostea L. ( Stellaire holost\u00e9e )\" alt=\"Stellaria holostea L. ( Stellaire holost\u00e9e )\" src=\"https:\/\/www.preservons-la-nature.fr\/blog\/wp-content\/uploads\/2014\/03\/DSC04428.jpg\" width=\"360\" height=\"540\" srcset=\"https:\/\/preservons-la-nature.fr\/blog\/wp-content\/uploads\/2014\/03\/DSC04428.jpg 400w, https:\/\/preservons-la-nature.fr\/blog\/wp-content\/uploads\/2014\/03\/DSC04428-200x300.jpg 200w\" sizes=\"auto, (max-width: 360px) 100vw, 360px\" \/><\/a><p id=\"caption-attachment-3180\" class=\"wp-caption-text\">Stellaria holostea L. ( Stellaire holost\u00e9e )<\/p><\/div><\/p>\n<p><strong><span style=\"text-decoration: underline;\">Nom :<\/span><\/strong> <i>Stellaria holostea L.<\/i> ( Stellaire holost\u00e9e )<\/p>\n<p><strong><span style=\"text-decoration: underline;\">Autre(s) nom(s) :<\/span><\/strong><br \/>\nStellaire.<\/p>\n<p><strong><span style=\"text-decoration: underline;\">Famille :<\/span><\/strong> CARYOPHYLLACEAE<\/p>\n<p><strong><span style=\"text-decoration: underline;\">Floraison :<\/span><\/strong> Avril &#8211; Juin<\/p>\n<p><strong><span style=\"text-decoration: underline;\">Description dans la flore de Coste :<\/span><\/strong><br \/>\nPlante vivace, pub\u00e9rulente au sommet, \u00e0 souche tra\u00e7ante ; tiges de 30-60 cm, quadrangulaires, raides, cassantes, couch\u00e9es \u00e0 la base, puis redress\u00e9es ; feuilles sessiles, lanc\u00e9ol\u00e9es, longuement acumin\u00e9es, fermes, cili\u00e9es-scabres aux bords et sur la nervure en dessous ; fleurs grandes, en cymes terminales l\u00e2ches, pluriflores ; bract\u00e9es herbac\u00e9es ; s\u00e9pales lanc\u00e9ol\u00e9s, sans nervures ; p\u00e9tales 2 fois plus longs que les s\u00e9pales, divis\u00e9s jusqu&rsquo;au milieu en 2 lobes rapproch\u00e9s ; \u00e9tamines hypogynes ; capsule subglobuleuse, \u00e9galant le calice.<\/p>\n<p><strong><span style=\"text-decoration: underline;\">Pr\u00e9sent dans le(s) d\u00e9partement(s) suivant(s) :<\/span><\/strong><br \/>\nAin, Aisne, Allier, Alpes-de-Haute-Provence, Alpes-Maritimes, Ard\u00e8che, Ardennes, Aube, Aveyron, Bas-Rhin, Calvados, Cantal, Charente, Charente-Maritime, Cher, Corr\u00e8ze, C\u00f4te-d&rsquo;Or, C\u00f4tes-d&rsquo;Armor, Creuse, Deux-S\u00e8vres, Dordogne, Doubs, Dr\u00f4me, Essonne, Eure, Eure-et-Loir, Finist\u00e8re, Gers, Gironde, Haute-Garonne, Haute-Loire, Haute-Marne, Haute-Sa\u00f4ne, Hautes-Pyr\u00e9n\u00e9es, Haute-Vienne, Haut-Rhin, Hauts-de-Seine, H\u00e9rault, Ille-et-Vilaine, Indre, Indre-et-Loire, Is\u00e8re, Jura, Loire, Loire-Atlantique, Loiret, Loir-et-Cher, Lot, Lot-et-Garonne, Loz\u00e8re, Maine-et-Loire, Manche, Marne, Mayenne, Meurthe-et-Moselle, Meuse, Morbihan, Moselle, Ni\u00e8vre, Nord, Oise, Orne, Paris, Pas-de-Calais, Puy-de-D\u00f4me, Pyr\u00e9n\u00e9es-Atlantiques, Rh\u00f4ne, Sa\u00f4ne-et-Loire, Sarthe, Seine-et-Marne, Seine-Maritime, Seine-Saint-Denis, Somme, Tarn, Tarn-et-Garonne, Territoire-de-Belfort, Val-de-Marne, Val-d&rsquo;Oise, Var, Vend\u00e9e, Vienne, Vosges, Yonne, Yvelines.<\/p>\n<div id=\"attachment_3181\" style=\"width: 610px\" class=\"wp-caption aligncenter\"><a href=\"https:\/\/www.preservons-la-nature.fr\/blog\/?attachment_id=3181\" rel=\"attachment wp-att-3181\"><img loading=\"lazy\" decoding=\"async\" aria-describedby=\"caption-attachment-3181\" class=\"size-full wp-image-3181\" alt=\"R\u00e9partition de Stellaria holostea L. ( Stellaire holost\u00e9e )\" src=\"https:\/\/www.preservons-la-nature.fr\/blog\/wp-content\/uploads\/2014\/03\/carte43.jpg\" width=\"600\" height=\"600\" srcset=\"https:\/\/preservons-la-nature.fr\/blog\/wp-content\/uploads\/2014\/03\/carte43.jpg 600w, https:\/\/preservons-la-nature.fr\/blog\/wp-content\/uploads\/2014\/03\/carte43-150x150.jpg 150w, https:\/\/preservons-la-nature.fr\/blog\/wp-content\/uploads\/2014\/03\/carte43-300x300.jpg 300w\" sizes=\"auto, (max-width: 600px) 100vw, 600px\" \/><\/a><p id=\"caption-attachment-3181\" class=\"wp-caption-text\">R\u00e9partition de Stellaria holostea L. ( Stellaire holost\u00e9e )<\/p><\/div>\n<div id=\"attachment_3178\" style=\"width: 650px\" class=\"wp-caption aligncenter\"><a href=\"https:\/\/www.preservons-la-nature.fr\/blog\/wp-content\/uploads\/2014\/03\/DSC3535.jpg\"><img loading=\"lazy\" decoding=\"async\" aria-describedby=\"caption-attachment-3178\" class=\" wp-image-3178 \" title=\"Stellaria holostea L. ( Stellaire holost\u00e9e )\" alt=\"Stellaria holostea L. ( Stellaire holost\u00e9e )\" src=\"https:\/\/www.preservons-la-nature.fr\/blog\/wp-content\/uploads\/2014\/03\/DSC3535.jpg\" width=\"640\" height=\"426\" srcset=\"https:\/\/preservons-la-nature.fr\/blog\/wp-content\/uploads\/2014\/03\/DSC3535.jpg 800w, https:\/\/preservons-la-nature.fr\/blog\/wp-content\/uploads\/2014\/03\/DSC3535-300x199.jpg 300w\" sizes=\"auto, (max-width: 640px) 100vw, 640px\" \/><\/a><p id=\"caption-attachment-3178\" class=\"wp-caption-text\">Stellaria holostea L. ( Stellaire holost\u00e9e )<\/p><\/div>\n<div id=\"attachment_3179\" style=\"width: 370px\" class=\"wp-caption aligncenter\"><a href=\"https:\/\/www.preservons-la-nature.fr\/blog\/wp-content\/uploads\/2014\/03\/DSC5366.jpg\"><img loading=\"lazy\" decoding=\"async\" aria-describedby=\"caption-attachment-3179\" class=\" wp-image-3179\" title=\"Stellaria holostea L. ( Stellaire holost\u00e9e )\" alt=\"Stellaria holostea L. ( Stellaire holost\u00e9e )\" src=\"https:\/\/www.preservons-la-nature.fr\/blog\/wp-content\/uploads\/2014\/03\/DSC5366.jpg\" width=\"360\" height=\"540\" srcset=\"https:\/\/preservons-la-nature.fr\/blog\/wp-content\/uploads\/2014\/03\/DSC5366.jpg 400w, https:\/\/preservons-la-nature.fr\/blog\/wp-content\/uploads\/2014\/03\/DSC5366-200x300.jpg 200w\" sizes=\"auto, (max-width: 360px) 100vw, 360px\" \/><\/a><p id=\"caption-attachment-3179\" class=\"wp-caption-text\">Stellaria holostea L. ( Stellaire holost\u00e9e )<\/p><\/div>\n<p><strong><span style=\"text-decoration: underline;\">Phytosociologie :<\/span><i><\/i><\/strong><\/p>\n<table>\n<tbody>\n<tr>\n<td>Alliance<\/td>\n<td>Sous-ordre<\/td>\n<td>Ordre<\/td>\n<td>Classe<\/td>\n<\/tr>\n<tr>\n<td><strong>Carpinion betuli<\/strong><\/td>\n<td><strong>Carpino betuli-Fagenalia sylvaticae<\/strong><\/td>\n<td><strong>Fagetalia sylvaticae<\/strong><\/td>\n<td><strong>Querco roboris-Fagetea sylvaticae<\/strong><\/td>\n<\/tr>\n<tr>\n<td>Communaut\u00e9s sur sols plus ressuy\u00e9s mais sans d\u00e9ficit hydrique marqu\u00e9.<\/td>\n<td>Communaut\u00e9s planitiaires \u00e0 collin\u00e9ennes m\u00e9sohygroclines \u00e0 x\u00e9roclines, acidiclines \u00e0 calcicoles.<\/td>\n<td>Communaut\u00e9s collin\u00e9ennes et montagnardes, acidiclines \u00e0 calcicoles, non thermophiles.<\/td>\n<td>For\u00eats temp\u00e9r\u00e9es caducifoli\u00e9es ou mixtes, collin\u00e9ennes et montagnardes (plus rarement subalpines), ainsi que supram\u00e9diterran\u00e9ennes.<\/td>\n<\/tr>\n<\/tbody>\n<\/table>\n<table>\n<tbody>\n<tr>\n<td>Alliance<\/td>\n<td>Ordre<\/td>\n<td>Classe<\/td>\n<\/tr>\n<tr>\n<td><strong>Conopodio majoris-Teucrion scorodoniae<\/strong><\/td>\n<td><strong>Melampyro pratensis-Holcetalia mollis<\/strong><\/td>\n<td><strong>Melampyro pratensis-Holcetea mollis<\/strong><\/td>\n<\/tr>\n<tr>\n<td>Communaut\u00e9s atlantiques et subatlantiques avec irradiations m\u00e9ridionales, du collin\u00e9en et de la base du montagnard.<\/td>\n<td><\/td>\n<td>Pelouses pr\u00e9foresti\u00e8res et ourlets, sur sols acides oligotrophes.<\/td>\n<\/tr>\n<\/tbody>\n<\/table>\n<table>\n<tbody>\n<tr>\n<td>Alliance<\/td>\n<td>Ordre<\/td>\n<td>Classe<\/td>\n<\/tr>\n<tr>\n<td><strong>Convolvulion sepium<\/strong><\/td>\n<td><strong>Convolvuletalia sepium<\/strong><\/td>\n<td><strong>Filipendulo ulmariae-Convolvuletea sepium<\/strong><\/td>\n<\/tr>\n<tr>\n<td>Communaut\u00e9s de la partie moyenne et sup\u00e9rieure des cours d&rsquo;eau et des bordures de lac.<\/td>\n<td><\/td>\n<td>M\u00e9gaphorbiaies planitiaires \u00e0 montagnardes, m\u00e9so-eutrophes, des stations plus ou moins inondables \u00e0 humides.<\/td>\n<\/tr>\n<\/tbody>\n<\/table>\n<table>\n<tbody>\n<tr>\n<td>Alliance<\/td>\n<td>Sous-ordre<\/td>\n<td>Ordre<\/td>\n<td>Classe<\/td>\n<\/tr>\n<tr>\n<td><strong>Fraxino excelsioris-Quercion roboris<\/strong><\/td>\n<td><strong>Carpino betuli-Fagenalia sylvaticae<\/strong><\/td>\n<td><strong>Fagetalia sylvaticae<\/strong><\/td>\n<td><strong>Querco roboris-Fagetea sylvaticae<\/strong><\/td>\n<\/tr>\n<tr>\n<td>Communaut\u00e9s des sols \u00e0 bonne r\u00e9serve hydrique.<\/td>\n<td>Communaut\u00e9s planitiaires \u00e0 collin\u00e9ennes m\u00e9sohygroclines \u00e0 x\u00e9roclines, acidiclines \u00e0 calcicoles.<\/td>\n<td>Communaut\u00e9s collin\u00e9ennes et montagnardes, acidiclines \u00e0 calcicoles, non thermophiles.<\/td>\n<td>For\u00eats temp\u00e9r\u00e9es caducifoli\u00e9es ou mixtes, collin\u00e9ennes et montagnardes (plus rarement subalpines), ainsi que supram\u00e9diterran\u00e9ennes.<\/td>\n<\/tr>\n<\/tbody>\n<\/table>\n<table>\n<tbody>\n<tr>\n<td>Alliance<\/td>\n<td>Ordre<\/td>\n<td>Classe<\/td>\n<\/tr>\n<tr>\n<td><strong>Quercion roboris<\/strong><\/td>\n<td><strong>Quercetalia roboris<\/strong><\/td>\n<td><strong>Querco roboris-Fagetea sylvaticae<\/strong><\/td>\n<\/tr>\n<tr>\n<td>Communaut\u00e9s nord-atlantiques, continentales (et supram\u00e9diterran\u00e9ennes).<\/td>\n<td>Communaut\u00e9s acidiphiles collin\u00e9ennes atlantiques et continentales (y compris supram\u00e9diterran\u00e9ennes).<\/td>\n<td>For\u00eats temp\u00e9r\u00e9es caducifoli\u00e9es ou mixtes, collin\u00e9ennes et montagnardes (plus rarement subalpines), ainsi que supram\u00e9diterran\u00e9ennes.<\/td>\n<\/tr>\n<\/tbody>\n<\/table>\n<p><strong><span style=\"text-decoration: underline;\">Taxonomie :<\/span><\/strong><br \/>\n<i>Stellaria holostea L.<\/i> a pour synonymes (Informations issues de la BDTFX Version 2.0, <a href=\"http:\/\/www.tela-botanica.org\" target=\"_blank\">Tela Botanica<\/a>) :<i><br \/>\n&#8211; Alsine holostea (L.) Britton<br \/>\n&#8211; Alsine scabra Stokes<br \/>\n&#8211; Cerastium holosteum (L.) Crantz<br \/>\n&#8211; Stellaria cantalica Jord.Puyf.<br \/>\n&#8211; Stellaria ciliata Gilib. ex Bubani<br \/>\n&#8211; Stellaria connata Dulac<br \/>\n&#8211; Stellaria glauca Salisb.<br \/>\n<\/i><br \/>\n<span style=\"text-decoration: underline;\">Sous-esp\u00e8ces ou vari\u00e9t\u00e9s :<\/span><br \/>\n<i>&#8211; Stellaria holostea L. var. holostea<br \/>\n&#8211; Stellaria holostea var. apetala (Rostr.) Graebn.<br \/>\n<\/i><\/p>\n","protected":false},"excerpt":{"rendered":"<p>Une fiche plus r&eacute;cente existe, vous pouvez la consulter ICI Nom : Stellaria holostea L. ( Stellaire holost\u00e9e ) Autre(s) nom(s) : Stellaire. Famille : CARYOPHYLLACEAE Floraison : Avril &#8211; Juin Description dans la flore de Coste : Plante vivace, &hellip; <a href=\"https:\/\/preservons-la-nature.fr\/blog\/?p=3177\">Continuer la lecture <span class=\"meta-nav\">&rarr;<\/span><\/a><\/p>\n","protected":false},"author":1,"featured_media":0,"comment_status":"open","ping_status":"open","sticky":false,"template":"","format":"standard","meta":{"footnotes":""},"categories":[102],"tags":[61],"class_list":["post-3177","post","type-post","status-publish","format-standard","hentry","category-fiche-partielle-de-plantes","tag-caryophyllacees"],"_links":{"self":[{"href":"https:\/\/preservons-la-nature.fr\/blog\/index.php?rest_route=\/wp\/v2\/posts\/3177","targetHints":{"allow":["GET"]}}],"collection":[{"href":"https:\/\/preservons-la-nature.fr\/blog\/index.php?rest_route=\/wp\/v2\/posts"}],"about":[{"href":"https:\/\/preservons-la-nature.fr\/blog\/index.php?rest_route=\/wp\/v2\/types\/post"}],"author":[{"embeddable":true,"href":"https:\/\/preservons-la-nature.fr\/blog\/index.php?rest_route=\/wp\/v2\/users\/1"}],"replies":[{"embeddable":true,"href":"https:\/\/preservons-la-nature.fr\/blog\/index.php?rest_route=%2Fwp%2Fv2%2Fcomments&post=3177"}],"version-history":[{"count":1,"href":"https:\/\/preservons-la-nature.fr\/blog\/index.php?rest_route=\/wp\/v2\/posts\/3177\/revisions"}],"predecessor-version":[{"id":3182,"href":"https:\/\/preservons-la-nature.fr\/blog\/index.php?rest_route=\/wp\/v2\/posts\/3177\/revisions\/3182"}],"wp:attachment":[{"href":"https:\/\/preservons-la-nature.fr\/blog\/index.php?rest_route=%2Fwp%2Fv2%2Fmedia&parent=3177"}],"wp:term":[{"taxonomy":"category","embeddable":true,"href":"https:\/\/preservons-la-nature.fr\/blog\/index.php?rest_route=%2Fwp%2Fv2%2Fcategories&post=3177"},{"taxonomy":"post_tag","embeddable":true,"href":"https:\/\/preservons-la-nature.fr\/blog\/index.php?rest_route=%2Fwp%2Fv2%2Ftags&post=3177"}],"curies":[{"name":"wp","href":"https:\/\/api.w.org\/{rel}","templated":true}]}}