{"id":3172,"date":"2014-04-27T00:51:16","date_gmt":"2014-04-26T23:51:16","guid":{"rendered":"https:\/\/www.preservons-la-nature.fr\/blog\/?p=3172"},"modified":"2014-03-20T13:55:16","modified_gmt":"2014-03-20T12:55:16","slug":"stellaria-alsine-grimm-stellaire-des-sources","status":"publish","type":"post","link":"https:\/\/preservons-la-nature.fr\/blog\/?p=3172","title":{"rendered":"Stellaria alsine Grimm ( Stellaire des sources )"},"content":{"rendered":"<p><STRONG>Une fiche plus r&eacute;cente existe, vous pouvez la consulter <a href=\"https:\/\/www.preservons-la-nature.fr\/flore\/taxon\/1136.html\">ICI<\/a><\/STRONG><div id=\"attachment_3174\" style=\"width: 370px\" class=\"wp-caption aligncenter\"><a href=\"https:\/\/www.preservons-la-nature.fr\/blog\/wp-content\/uploads\/2014\/03\/DSC07873.jpg\"><img loading=\"lazy\" decoding=\"async\" aria-describedby=\"caption-attachment-3174\" class=\" wp-image-3174\" title=\"Stellaria alsine Grimm ( Stellaire des sources )\" alt=\"Stellaria alsine Grimm ( Stellaire des sources )\" src=\"https:\/\/www.preservons-la-nature.fr\/blog\/wp-content\/uploads\/2014\/03\/DSC07873.jpg\" width=\"360\" height=\"540\" srcset=\"https:\/\/preservons-la-nature.fr\/blog\/wp-content\/uploads\/2014\/03\/DSC07873.jpg 400w, https:\/\/preservons-la-nature.fr\/blog\/wp-content\/uploads\/2014\/03\/DSC07873-200x300.jpg 200w\" sizes=\"auto, (max-width: 360px) 100vw, 360px\" \/><\/a><p id=\"caption-attachment-3174\" class=\"wp-caption-text\">Stellaria alsine Grimm ( Stellaire des sources )<\/p><\/div><\/p>\n<p><strong><span style=\"text-decoration: underline;\">Nom :<\/span><\/strong> <i>Stellaria alsine Grimm<\/i> ( Stellaire des sources )<\/p>\n<p><strong><span style=\"text-decoration: underline;\">Famille :<\/span><\/strong> CARYOPHYLLACEAE<\/p>\n<p><strong><span style=\"text-decoration: underline;\">Floraison :<\/span><\/strong> Juin &#8211; Septembre<\/p>\n<p><strong><span style=\"text-decoration: underline;\">Description dans la flore de Coste :<\/span><\/strong><br \/>\nPlante annuelle, bisannuelle ou vivace, glabre et glauque ; tiges de 10-40 cm, quadrangulaires, gr\u00eales, \u00e9tal\u00e9es-diffuses ; feuilles subsessiles, oblongues ou lanc\u00e9ol\u00e9es-aigu\u00ebs, un peu cili\u00e9es \u00e0 la base ; fleurs petites, en cymes la plupart lat\u00e9rales et peu fournies ; bract\u00e9es scarieuses, non cili\u00e9es ; s\u00e9pales lanc\u00e9ol\u00e9s-aigus, glabres, \u00e0 3 nervures ; p\u00e9tales plus courts que le calice, divis\u00e9s jusqu&rsquo;au del\u00e0 du milieu en 2 lobes divergents ; \u00e9tamines p\u00e9rigynes ; capsule ovo\u00efde, \u00e9galant le calice, port\u00e9e sur un carpophore.<\/p>\n<p><strong><span style=\"text-decoration: underline;\">Pr\u00e9sent dans le(s) d\u00e9partement(s) suivant(s) :<\/span><\/strong><br \/>\nAisne, Allier, Alpes-Maritimes, Ardennes, Aube, Aveyron, Bas-Rhin, Calvados, Cantal, Charente, Cher, Corr\u00e8ze, Corse-du-Sud, C\u00f4te-d&rsquo;Or, C\u00f4tes-d&rsquo;Armor, Creuse, Deux-S\u00e8vres, Dordogne, Doubs, Essonne, Eure, Eure-et-Loir, Finist\u00e8re, Haute-Corse, Haute-Garonne, Haute-Loire, Haute-Marne, Hautes-Alpes, Haute-Sa\u00f4ne, Hautes-Pyr\u00e9n\u00e9es, Haute-Vienne, Haut-Rhin, Ille-et-Vilaine, Indre, Indre-et-Loire, Is\u00e8re, Jura, Landes, Loire-Atlantique, Loiret, Loir-et-Cher, Lot, Loz\u00e8re, Maine-et-Loire, Manche, Marne, Mayenne, Meurthe-et-Moselle, Meuse, Morbihan, Moselle, Ni\u00e8vre, Nord, Oise, Orne, Pas-de-Calais, Puy-de-D\u00f4me, Pyr\u00e9n\u00e9es-Atlantiques, Sa\u00f4ne-et-Loire, Sarthe, Seine-et-Marne, Seine-Maritime, Somme, Tarn-et-Garonne, Territoire-de-Belfort, Val-de-Marne, Val-d&rsquo;Oise, Vend\u00e9e, Vienne, Vosges, Yonne, Yvelines.<\/p>\n<div id=\"attachment_3175\" style=\"width: 610px\" class=\"wp-caption aligncenter\"><a href=\"https:\/\/www.preservons-la-nature.fr\/blog\/?attachment_id=3175\" rel=\"attachment wp-att-3175\"><img loading=\"lazy\" decoding=\"async\" aria-describedby=\"caption-attachment-3175\" class=\"size-full wp-image-3175\" alt=\"R\u00e9partition de Stellaria alsine Grimm ( Stellaire des sources )\" src=\"https:\/\/www.preservons-la-nature.fr\/blog\/wp-content\/uploads\/2014\/03\/carte42.jpg\" width=\"600\" height=\"600\" srcset=\"https:\/\/preservons-la-nature.fr\/blog\/wp-content\/uploads\/2014\/03\/carte42.jpg 600w, https:\/\/preservons-la-nature.fr\/blog\/wp-content\/uploads\/2014\/03\/carte42-150x150.jpg 150w, https:\/\/preservons-la-nature.fr\/blog\/wp-content\/uploads\/2014\/03\/carte42-300x300.jpg 300w\" sizes=\"auto, (max-width: 600px) 100vw, 600px\" \/><\/a><p id=\"caption-attachment-3175\" class=\"wp-caption-text\">R\u00e9partition de Stellaria alsine Grimm ( Stellaire des sources )<\/p><\/div>\n<div id=\"attachment_3173\" style=\"width: 370px\" class=\"wp-caption aligncenter\"><a href=\"https:\/\/www.preservons-la-nature.fr\/blog\/wp-content\/uploads\/2014\/03\/DSC07859.jpg\"><img loading=\"lazy\" decoding=\"async\" aria-describedby=\"caption-attachment-3173\" class=\" wp-image-3173 \" title=\"Stellaria alsine Grimm ( Stellaire des sources )\" alt=\"Stellaria alsine Grimm ( Stellaire des sources )\" src=\"https:\/\/www.preservons-la-nature.fr\/blog\/wp-content\/uploads\/2014\/03\/DSC07859.jpg\" width=\"360\" height=\"540\" srcset=\"https:\/\/preservons-la-nature.fr\/blog\/wp-content\/uploads\/2014\/03\/DSC07859.jpg 400w, https:\/\/preservons-la-nature.fr\/blog\/wp-content\/uploads\/2014\/03\/DSC07859-200x300.jpg 200w\" sizes=\"auto, (max-width: 360px) 100vw, 360px\" \/><\/a><p id=\"caption-attachment-3173\" class=\"wp-caption-text\">Stellaria alsine Grimm ( Stellaire des sources )<\/p><\/div>\n<p><strong><span style=\"text-decoration: underline;\">Phytosociologie :<\/span><i><\/i><\/strong><\/p>\n<table>\n<tbody>\n<tr>\n<td>Alliance<\/td>\n<td>Ordre<\/td>\n<td>Classe<\/td>\n<\/tr>\n<tr>\n<td><strong>Cardamino amarae-Montion fontanae<\/strong><\/td>\n<td><strong>Montio fontanae-Cardaminetalia amarae<\/strong><\/td>\n<td><strong>Montio fontanae-Cardaminetea amarae<\/strong><\/td>\n<\/tr>\n<tr>\n<td>Communaut\u00e9s subalpines et alpines des sources oligotrophes aux eaux acides pauvres en oxyg\u00e8ne, \u00e0 dominance de Bryophytes.<\/td>\n<td>Communaut\u00e9s surtout montagnardes \u00e0 subalpines des eaux froides sur substrat essentiellement siliceux (non tourbeux) ou pauvre en calcium.<\/td>\n<td>V\u00e9g\u00e9tation herbac\u00e9e et bryophytique li\u00e9e aux sources, ruisseaux et suintements ; \u00e9ventuellement sur parois fortement humides, acides \u00e0 neutro-alcalines, de l\u2019\u00e9tage planitiaire \u00e0 l\u2019alpin.<\/td>\n<\/tr>\n<\/tbody>\n<\/table>\n<table>\n<tbody>\n<tr>\n<td>Alliance<\/td>\n<td>Ordre<\/td>\n<td>Classe<\/td>\n<\/tr>\n<tr>\n<td><strong>Epilobio nutantis-Montion fontanae<\/strong><\/td>\n<td><strong>Montio fontanae-Cardaminetalia amarae<\/strong><\/td>\n<td><strong>Montio fontanae-Cardaminetea amarae<\/strong><\/td>\n<\/tr>\n<tr>\n<td>Communaut\u00e9s collin\u00e9ennes \u00e0 montagnardes (rarement subalpines), acidiclines \u00e0 neutres et h\u00e9liophiles.<\/td>\n<td>Communaut\u00e9s surtout montagnardes \u00e0 subalpines des eaux froides sur substrat essentiellement siliceux (non tourbeux) ou pauvre en calcium.<\/td>\n<td>V\u00e9g\u00e9tation herbac\u00e9e et bryophytique li\u00e9e aux sources, ruisseaux et suintements ; \u00e9ventuellement sur parois fortement humides, acides \u00e0 neutro-alcalines, de l\u2019\u00e9tage planitiaire \u00e0 l\u2019alpin.<\/td>\n<\/tr>\n<\/tbody>\n<\/table>\n<table>\n<tbody>\n<tr>\n<td>Alliance<\/td>\n<td>Ordre<\/td>\n<td>Classe<\/td>\n<\/tr>\n<tr>\n<td><strong>Nanocyperion flavescentis<\/strong><\/td>\n<td><strong>Nanocyperetalia flavescentis<\/strong><\/td>\n<td><strong>Isoeto durieui-Juncetea bufonii<\/strong><\/td>\n<\/tr>\n<tr>\n<td>Communaut\u00e9s des sols argileux et tourbeux.<\/td>\n<td>Communaut\u00e9s m\u00e9so-hygrophiles m\u00e9diterran\u00e9o-atlantiques \u00e0 continentales des sols de niveau topographique moyen.<\/td>\n<td>V\u00e9g\u00e9tation pionni\u00e8re riche en annuelles, hygrophile \u00e0 m\u00e9sohygrophile, des sols exond\u00e9s ou humides, oligotrophes \u00e0 m\u00e9so-eutrophes.<\/td>\n<\/tr>\n<\/tbody>\n<\/table>\n<p><strong><span style=\"text-decoration: underline;\">Taxonomie :<\/span><\/strong><br \/>\n<i>Stellaria alsine Grimm<\/i> a pour synonymes (Informations issues de la BDTFX Version 2.0, <a href=\"http:\/\/www.tela-botanica.org\" target=\"_blank\">Tela Botanica<\/a>) :<i><br \/>\n&#8211; Alsine uliginosa (Murray) Britton<br \/>\n&#8211; Larbrea aquatica A.St.-Hil.<br \/>\n&#8211; Larbrea bracteata Rchb.<br \/>\n&#8211; Larbrea uliginosa (Murray) Heldmann<br \/>\n&#8211; Larbrea uliginosa Rchb.<br \/>\n&#8211; Stellaria adulterina Focke<br \/>\n&#8211; Stellaria aquatica Pollich<br \/>\n&#8211; Stellaria fontana Wulfen<br \/>\n&#8211; Stellaria glacialis Lagger<br \/>\n&#8211; Stellaria hypericifolia Weber<br \/>\n&#8211; Stellaria lateriflora Krock.<br \/>\n&#8211; Stellaria tenella Bellardi ex Colla<br \/>\n&#8211; Stellaria uliginosa Murray<br \/>\n&#8211; Stellaria uliginosa var. alpicola Beck<br \/>\n&#8211; Stellaria uliginosa var. glacialis (Lagger) Burnat<br \/>\n&#8211; Stellaria undulata Thunb.<br \/>\n<\/i><\/p>\n","protected":false},"excerpt":{"rendered":"<p>Une fiche plus r&eacute;cente existe, vous pouvez la consulter ICI Nom : Stellaria alsine Grimm ( Stellaire des sources ) Famille : CARYOPHYLLACEAE Floraison : Juin &#8211; Septembre Description dans la flore de Coste : Plante annuelle, bisannuelle ou vivace, &hellip; <a href=\"https:\/\/preservons-la-nature.fr\/blog\/?p=3172\">Continuer la lecture <span class=\"meta-nav\">&rarr;<\/span><\/a><\/p>\n","protected":false},"author":1,"featured_media":0,"comment_status":"open","ping_status":"open","sticky":false,"template":"","format":"standard","meta":{"footnotes":""},"categories":[102],"tags":[61],"class_list":["post-3172","post","type-post","status-publish","format-standard","hentry","category-fiche-partielle-de-plantes","tag-caryophyllacees"],"_links":{"self":[{"href":"https:\/\/preservons-la-nature.fr\/blog\/index.php?rest_route=\/wp\/v2\/posts\/3172","targetHints":{"allow":["GET"]}}],"collection":[{"href":"https:\/\/preservons-la-nature.fr\/blog\/index.php?rest_route=\/wp\/v2\/posts"}],"about":[{"href":"https:\/\/preservons-la-nature.fr\/blog\/index.php?rest_route=\/wp\/v2\/types\/post"}],"author":[{"embeddable":true,"href":"https:\/\/preservons-la-nature.fr\/blog\/index.php?rest_route=\/wp\/v2\/users\/1"}],"replies":[{"embeddable":true,"href":"https:\/\/preservons-la-nature.fr\/blog\/index.php?rest_route=%2Fwp%2Fv2%2Fcomments&post=3172"}],"version-history":[{"count":1,"href":"https:\/\/preservons-la-nature.fr\/blog\/index.php?rest_route=\/wp\/v2\/posts\/3172\/revisions"}],"predecessor-version":[{"id":3176,"href":"https:\/\/preservons-la-nature.fr\/blog\/index.php?rest_route=\/wp\/v2\/posts\/3172\/revisions\/3176"}],"wp:attachment":[{"href":"https:\/\/preservons-la-nature.fr\/blog\/index.php?rest_route=%2Fwp%2Fv2%2Fmedia&parent=3172"}],"wp:term":[{"taxonomy":"category","embeddable":true,"href":"https:\/\/preservons-la-nature.fr\/blog\/index.php?rest_route=%2Fwp%2Fv2%2Fcategories&post=3172"},{"taxonomy":"post_tag","embeddable":true,"href":"https:\/\/preservons-la-nature.fr\/blog\/index.php?rest_route=%2Fwp%2Fv2%2Ftags&post=3172"}],"curies":[{"name":"wp","href":"https:\/\/api.w.org\/{rel}","templated":true}]}}