{"id":3168,"date":"2014-04-26T00:47:35","date_gmt":"2014-04-25T23:47:35","guid":{"rendered":"https:\/\/www.preservons-la-nature.fr\/blog\/?p=3168"},"modified":"2014-03-20T13:51:11","modified_gmt":"2014-03-20T12:51:11","slug":"sparganium-emersum-rehmann-rubanier-emerge","status":"publish","type":"post","link":"https:\/\/preservons-la-nature.fr\/blog\/?p=3168","title":{"rendered":"Sparganium emersum Rehmann ( Rubanier \u00e9merg\u00e9 )"},"content":{"rendered":"<p><STRONG>Une fiche plus r&eacute;cente existe, vous pouvez la consulter <a href=\"https:\/\/www.preservons-la-nature.fr\/flore\/taxon\/1120.html\">ICI<\/a><\/STRONG><div id=\"attachment_3169\" style=\"width: 370px\" class=\"wp-caption aligncenter\"><a href=\"https:\/\/www.preservons-la-nature.fr\/blog\/wp-content\/uploads\/2014\/03\/DSC0971.jpg\"><img loading=\"lazy\" decoding=\"async\" aria-describedby=\"caption-attachment-3169\" class=\" wp-image-3169 \" title=\"Sparganium emersum Rehmann ( Rubanier \u00e9merg\u00e9 )\" alt=\"Sparganium emersum Rehmann ( Rubanier \u00e9merg\u00e9 )\" src=\"https:\/\/www.preservons-la-nature.fr\/blog\/wp-content\/uploads\/2014\/03\/DSC0971.jpg\" width=\"360\" height=\"540\" srcset=\"https:\/\/preservons-la-nature.fr\/blog\/wp-content\/uploads\/2014\/03\/DSC0971.jpg 400w, https:\/\/preservons-la-nature.fr\/blog\/wp-content\/uploads\/2014\/03\/DSC0971-200x300.jpg 200w\" sizes=\"auto, (max-width: 360px) 100vw, 360px\" \/><\/a><p id=\"caption-attachment-3169\" class=\"wp-caption-text\">Sparganium emersum Rehmann ( Rubanier \u00e9merg\u00e9 )<\/p><\/div><\/p>\n<p><strong><span style=\"text-decoration: underline;\">Nom :<\/span><\/strong> <i>Sparganium emersum Rehmann<\/i> ( Rubanier \u00e9merg\u00e9 )<\/p>\n<p><strong><span style=\"text-decoration: underline;\">Autre(s) nom(s) :<\/span><\/strong><br \/>\nRubanier simple.<\/p>\n<p><strong><span style=\"text-decoration: underline;\">Famille :<\/span><\/strong> TYPHACEAE<\/p>\n<p><strong><span style=\"text-decoration: underline;\">Floraison :<\/span><\/strong> Juin &#8211; Septembre<\/p>\n<p><strong><span style=\"text-decoration: underline;\">Forme biologique :<\/span><\/strong><br \/>\nH\u00e9lophyte, Hydroh\u00e9micryptophyte.<\/p>\n<p><strong><span style=\"text-decoration: underline;\">Protection :<\/span><\/strong><br \/>\n&#8211; Liste des esp\u00e8ces v\u00e9g\u00e9tales prot\u00e9g\u00e9es en r\u00e9gion Rh\u00f4ne-Alpes Article 1 (1990)<br \/>\n&#8211; Liste rouge europ\u00e9enne IUCN 2012 LC<\/p>\n<p><strong><span style=\"text-decoration: underline;\">Description dans la flore de Coste :<\/span><\/strong><br \/>\nPlante vivace de 30-80 cm, glabre, \u00e0 tige dress\u00e9e, simple ; feuilles larges de 4-6 mm, fermes, dress\u00e9es, rarement flottantes, les radicales triqu\u00e8tres \u00e0 la base, \u00e0 faces toutes planes ; capitules dispos\u00e9s en grappe simple, les m\u00e2les 3-7 sessiles, les femelles 3-4, assez gros (12-15 mm de diam.), les inf\u00e9rieurs p\u00e9doncules \u00e0 p\u00e9doncule souvent soud\u00e9 avec la tige ; \u00e9cailles florales dent\u00e9es ou \u00e9rod\u00e9es au sommet ; stigmates lin\u00e9aires ; fruits stipit\u00e9s, larges de 2 mm, oblongs en fuseau, non anguleux, att\u00e9nu\u00e9s en bec gr\u00eale \u00e9galant les trois quarts de leur longueur.<\/p>\n<p><strong><span style=\"text-decoration: underline;\">Pr\u00e9sent dans le(s) d\u00e9partement(s) suivant(s) :<\/span><\/strong><br \/>\nAin, Aisne, Allier, Ard\u00e8che, Ardennes, Aube, Aveyron, Bas-Rhin, Bouches-du-Rh\u00f4ne, Calvados, Cantal, Charente, Charente-Maritime, Cher, Corr\u00e8ze, C\u00f4te-d&rsquo;Or, C\u00f4tes-d&rsquo;Armor, Creuse, Deux-S\u00e8vres, Dordogne, Doubs, Dr\u00f4me, Essonne, Eure, Eure-et-Loir, Finist\u00e8re, Gironde, Haute-Marne, Hautes-Alpes, Haute-Sa\u00f4ne, Haute-Savoie, Haute-Vienne, Haut-Rhin, Hauts-de-Seine, Ille-et-Vilaine, Indre, Indre-et-Loire, Is\u00e8re, Jura, Loire, Loire-Atlantique, Loiret, Loir-et-Cher, Lot, Maine-et-Loire, Manche, Marne, Mayenne, Meurthe-et-Moselle, Meuse, Morbihan, Moselle, Ni\u00e8vre, Nord, Oise, Orne, Paris, Pas-de-Calais, Puy-de-D\u00f4me, Rh\u00f4ne, Sa\u00f4ne-et-Loire, Sarthe, Savoie, Seine-et-Marne, Seine-Maritime, Seine-Saint-Denis, Somme, Territoire-de-Belfort, Val-de-Marne, Val-d&rsquo;Oise, Vaucluse, Vend\u00e9e, Vienne, Vosges, Yonne, Yvelines.<\/p>\n<div id=\"attachment_3170\" style=\"width: 610px\" class=\"wp-caption aligncenter\"><a href=\"https:\/\/www.preservons-la-nature.fr\/blog\/?attachment_id=3170\" rel=\"attachment wp-att-3170\"><img loading=\"lazy\" decoding=\"async\" aria-describedby=\"caption-attachment-3170\" class=\"size-full wp-image-3170\" alt=\"R\u00e9partition de Sparganium emersum Rehmann ( Rubanier \u00e9merg\u00e9 )\" src=\"https:\/\/www.preservons-la-nature.fr\/blog\/wp-content\/uploads\/2014\/03\/carte41.jpg\" width=\"600\" height=\"600\" srcset=\"https:\/\/preservons-la-nature.fr\/blog\/wp-content\/uploads\/2014\/03\/carte41.jpg 600w, https:\/\/preservons-la-nature.fr\/blog\/wp-content\/uploads\/2014\/03\/carte41-150x150.jpg 150w, https:\/\/preservons-la-nature.fr\/blog\/wp-content\/uploads\/2014\/03\/carte41-300x300.jpg 300w\" sizes=\"auto, (max-width: 600px) 100vw, 600px\" \/><\/a><p id=\"caption-attachment-3170\" class=\"wp-caption-text\">R\u00e9partition de Sparganium emersum Rehmann ( Rubanier \u00e9merg\u00e9 )<\/p><\/div>\n<p><strong><span style=\"text-decoration: underline;\">Phytosociologie :<\/span><i><\/i><\/strong><\/p>\n<table>\n<tbody>\n<tr>\n<td>Alliance<\/td>\n<td>Ordre<\/td>\n<td>Classe<\/td>\n<\/tr>\n<tr>\n<td><strong>Batrachion fluitantis<\/strong><\/td>\n<td><strong>Potametalia pectinati<\/strong><\/td>\n<td><strong>Potametea pectinati<\/strong><\/td>\n<\/tr>\n<tr>\n<td>Communaut\u00e9s submerg\u00e9es des eaux courantes, oligotrophes et oligocalciques \u00e0 eutrophes et calciques.<\/td>\n<td><\/td>\n<td>Herbiers enracin\u00e9s, \u00e0 caract\u00e8re vivace, des eaux douces (\u00e9ventuellement subsaum\u00e2tres), m\u00e9sotrophes \u00e0 eutrophes, courantes \u00e0 stagnantes.<\/td>\n<\/tr>\n<\/tbody>\n<\/table>\n<table>\n<tbody>\n<tr>\n<td>Alliance<\/td>\n<td>Ordre<\/td>\n<td>Classe<\/td>\n<\/tr>\n<tr>\n<td><strong>Oenanthion aquaticae<\/strong><\/td>\n<td><strong>Phragmitetalia australis<\/strong><\/td>\n<td><strong>Phragmiti australis-Magnocaricetea elatae<\/strong><\/td>\n<\/tr>\n<tr>\n<td>Communaut\u00e9s eurosib\u00e9riennes, plut\u00f4t pionni\u00e8res, des bordures perturb\u00e9es des eaux calmes.<\/td>\n<td>Communaut\u00e9s \u00e0 inondation r\u00e9guli\u00e8re et prolong\u00e9e, sur sol min\u00e9ral eutrophe \u00e0 \u00e9l\u00e9ments grossiers, souvent \u00e0 matrice vaseuse.<\/td>\n<td>V\u00e9g\u00e9tation des bords d&rsquo;\u00e9tangs, lacs, rivi\u00e8res et marais sur sol m\u00e9sotrophe \u00e0 eutrophe, parfois tourbeux.<\/td>\n<\/tr>\n<\/tbody>\n<\/table>\n<table>\n<tbody>\n<tr>\n<td>Ordre<\/td>\n<td>Classe<\/td>\n<\/tr>\n<tr>\n<td><strong>Phragmitetalia australis<\/strong><\/td>\n<td><strong>Phragmiti australis-Magnocaricetea elatae<\/strong><\/td>\n<\/tr>\n<tr>\n<td>Communaut\u00e9s \u00e0 inondation r\u00e9guli\u00e8re et prolong\u00e9e, sur sol min\u00e9ral eutrophe \u00e0 \u00e9l\u00e9ments grossiers, souvent \u00e0 matrice vaseuse.<\/td>\n<td>V\u00e9g\u00e9tation des bords d&rsquo;\u00e9tangs, lacs, rivi\u00e8res et marais sur sol m\u00e9sotrophe \u00e0 eutrophe, parfois tourbeux.<\/td>\n<\/tr>\n<\/tbody>\n<\/table>\n<table>\n<tbody>\n<tr>\n<td>Classe<\/td>\n<\/tr>\n<tr>\n<td><strong>Phragmiti australis-Magnocaricetea elatae<\/strong><\/td>\n<\/tr>\n<tr>\n<td>V\u00e9g\u00e9tation des bords d&rsquo;\u00e9tangs, lacs, rivi\u00e8res et marais sur sol m\u00e9sotrophe \u00e0 eutrophe, parfois tourbeux.<\/td>\n<\/tr>\n<\/tbody>\n<\/table>\n<table>\n<tbody>\n<tr>\n<td>Alliance<\/td>\n<td>Ordre<\/td>\n<td>Classe<\/td>\n<\/tr>\n<tr>\n<td><strong>Potamion pectinati<\/strong><\/td>\n<td><strong>Potametalia pectinati<\/strong><\/td>\n<td><strong>Potametea pectinati<\/strong><\/td>\n<\/tr>\n<tr>\n<td>Communaut\u00e9s plus ou moins pionni\u00e8res des eaux calmes, stagnantes \u00e0 faiblement courantes, moyennement profondes (0,5 \u00e0 4 m), m\u00e9sotrophes \u00e0 eutrophes.<\/td>\n<td><\/td>\n<td>Herbiers enracin\u00e9s, \u00e0 caract\u00e8re vivace, des eaux douces (\u00e9ventuellement subsaum\u00e2tres), m\u00e9sotrophes \u00e0 eutrophes, courantes \u00e0 stagnantes.<\/td>\n<\/tr>\n<\/tbody>\n<\/table>\n<p><strong><span style=\"text-decoration: underline;\">Taxonomie :<\/span><\/strong><br \/>\n<i>Sparganium emersum Rehmann<\/i> a pour synonymes (Informations issues de la BDTFX Version 2.0, <a href=\"http:\/\/www.tela-botanica.org\" target=\"_blank\">Tela Botanica<\/a>) :<i><br \/>\n&#8211; Sparganium simplex Huds.<br \/>\n&#8211; Sparganium simplex subsp. emersum (Rehman) K.Richt.<br \/>\n&#8211; Sparganium simplex var. fluitans Gren. &amp; Godr.<br \/>\n&#8211; Sparganium simplex var. longissimum Fr.<br \/>\n<\/i><br \/>\n<span style=\"text-decoration: underline;\">Sous-esp\u00e8ces ou vari\u00e9t\u00e9s :<\/span><br \/>\n<i>&#8211; Sparganium emersum Rehmann subsp. emersum<br \/>\n&#8211; Sparganium emersum subsp. acaule (Beeby ex Macoun) C.D.K.Cook &amp; M.S.Nicholls<br \/>\n<\/i><\/p>\n","protected":false},"excerpt":{"rendered":"<p>Une fiche plus r&eacute;cente existe, vous pouvez la consulter ICI Nom : Sparganium emersum Rehmann ( Rubanier \u00e9merg\u00e9 ) Autre(s) nom(s) : Rubanier simple. Famille : TYPHACEAE Floraison : Juin &#8211; Septembre Forme biologique : H\u00e9lophyte, Hydroh\u00e9micryptophyte. Protection : &#8211; &hellip; <a href=\"https:\/\/preservons-la-nature.fr\/blog\/?p=3168\">Continuer la lecture <span class=\"meta-nav\">&rarr;<\/span><\/a><\/p>\n","protected":false},"author":1,"featured_media":0,"comment_status":"open","ping_status":"open","sticky":false,"template":"","format":"standard","meta":{"footnotes":""},"categories":[102],"tags":[95],"class_list":["post-3168","post","type-post","status-publish","format-standard","hentry","category-fiche-partielle-de-plantes","tag-typhacees"],"_links":{"self":[{"href":"https:\/\/preservons-la-nature.fr\/blog\/index.php?rest_route=\/wp\/v2\/posts\/3168","targetHints":{"allow":["GET"]}}],"collection":[{"href":"https:\/\/preservons-la-nature.fr\/blog\/index.php?rest_route=\/wp\/v2\/posts"}],"about":[{"href":"https:\/\/preservons-la-nature.fr\/blog\/index.php?rest_route=\/wp\/v2\/types\/post"}],"author":[{"embeddable":true,"href":"https:\/\/preservons-la-nature.fr\/blog\/index.php?rest_route=\/wp\/v2\/users\/1"}],"replies":[{"embeddable":true,"href":"https:\/\/preservons-la-nature.fr\/blog\/index.php?rest_route=%2Fwp%2Fv2%2Fcomments&post=3168"}],"version-history":[{"count":1,"href":"https:\/\/preservons-la-nature.fr\/blog\/index.php?rest_route=\/wp\/v2\/posts\/3168\/revisions"}],"predecessor-version":[{"id":3171,"href":"https:\/\/preservons-la-nature.fr\/blog\/index.php?rest_route=\/wp\/v2\/posts\/3168\/revisions\/3171"}],"wp:attachment":[{"href":"https:\/\/preservons-la-nature.fr\/blog\/index.php?rest_route=%2Fwp%2Fv2%2Fmedia&parent=3168"}],"wp:term":[{"taxonomy":"category","embeddable":true,"href":"https:\/\/preservons-la-nature.fr\/blog\/index.php?rest_route=%2Fwp%2Fv2%2Fcategories&post=3168"},{"taxonomy":"post_tag","embeddable":true,"href":"https:\/\/preservons-la-nature.fr\/blog\/index.php?rest_route=%2Fwp%2Fv2%2Ftags&post=3168"}],"curies":[{"name":"wp","href":"https:\/\/api.w.org\/{rel}","templated":true}]}}