{"id":3154,"date":"2014-04-24T00:48:11","date_gmt":"2014-04-23T23:48:11","guid":{"rendered":"https:\/\/www.preservons-la-nature.fr\/blog\/?p=3154"},"modified":"2014-03-15T07:51:51","modified_gmt":"2014-03-15T06:51:51","slug":"solanum-dulcamara-l-douce-amere","status":"publish","type":"post","link":"https:\/\/preservons-la-nature.fr\/blog\/?p=3154","title":{"rendered":"Solanum dulcamara L. ( Douce-am\u00e8re )"},"content":{"rendered":"<p><STRONG>Une fiche plus r&eacute;cente existe, vous pouvez la consulter <a href=\"https:\/\/www.preservons-la-nature.fr\/flore\/taxon\/1099.html\">ICI<\/a><\/STRONG><div id=\"attachment_3157\" style=\"width: 650px\" class=\"wp-caption aligncenter\"><a href=\"https:\/\/www.preservons-la-nature.fr\/blog\/wp-content\/uploads\/2014\/03\/DSC05754.jpg\"><img loading=\"lazy\" decoding=\"async\" aria-describedby=\"caption-attachment-3157\" class=\"size-full wp-image-3157\" title=\"Solanum dulcamara L. ( Douce-am\u00e8re )\" alt=\"Solanum dulcamara L. ( Douce-am\u00e8re )\" src=\"https:\/\/www.preservons-la-nature.fr\/blog\/wp-content\/uploads\/2014\/03\/DSC05754.jpg\" width=\"640\" height=\"426\" srcset=\"https:\/\/preservons-la-nature.fr\/blog\/wp-content\/uploads\/2014\/03\/DSC05754.jpg 800w, https:\/\/preservons-la-nature.fr\/blog\/wp-content\/uploads\/2014\/03\/DSC05754-300x199.jpg 300w\" sizes=\"auto, (max-width: 640px) 100vw, 640px\" \/><\/a><p id=\"caption-attachment-3157\" class=\"wp-caption-text\">Solanum dulcamara L. ( Douce-am\u00e8re )<\/p><\/div><\/p>\n<p><strong><span style=\"text-decoration: underline;\">Nom :<\/span><\/strong> <i>Solanum dulcamara L.<\/i> ( Douce-am\u00e8re )<\/p>\n<p><strong><span style=\"text-decoration: underline;\">Autre(s) nom(s) :<\/span><\/strong><br \/>\nBronde, Morelle Douce-am\u00e8re.<\/p>\n<p><strong><span style=\"text-decoration: underline;\">Famille :<\/span><\/strong> SOLANACEAE<\/p>\n<p><strong><span style=\"text-decoration: underline;\">Description dans la flore de Coste :<\/span><\/strong><br \/>\nSous-arbrisseau sarmenteux de 1-2 m\u00e8tres, glabre ou pubescent, \u00e0 \u00e9corce am\u00e8re et \u00e0 bois sucr\u00e9, \u00e0 rameaux herbac\u00e9s, un peu volubiles, cylindriques ; feuilles ovales-acumin\u00e9es, souvent en coeur, enti\u00e8res ou les sup\u00e9rieures tris\u00e9qu\u00e9es, les 2 segments lat\u00e9raux plus petits ; fleurs violettes, en cymes corymbiformes divariqu\u00e9es, multiflores, longuement p\u00e9doncul\u00e9es ; calice vert, petit, \u00e0 lobes courts ; corolle de 12-20 mm, \u00e0 lobes r\u00e9fl\u00e9chis, marqu\u00e9s chacun vers la base de 2 taches vertes; anth\u00e8res jaunes ; baies ovo\u00efdes, rouges.<\/p>\n<p><strong><span style=\"text-decoration: underline;\">Pr\u00e9sent dans le(s) d\u00e9partement(s) suivant(s) :<\/span><\/strong><br \/>\nAin, Aisne, Allier, Alpes-de-Haute-Provence, Alpes-Maritimes, Ardennes, Aube, Aveyron, Bas-Rhin, Bouches-du-Rh\u00f4ne, Calvados, Cantal, Charente, Charente-Maritime, Cher, Corr\u00e8ze, Corse-du-Sud, C\u00f4te-d&rsquo;Or, C\u00f4tes-d&rsquo;Armor, Creuse, Deux-S\u00e8vres, Dordogne, Doubs, Dr\u00f4me, Essonne, Eure, Eure-et-Loir, Finist\u00e8re, Gard, Gironde, Haute-Corse, Haute-Garonne, Haute-Loire, Haute-Marne, Hautes-Alpes, Haute-Sa\u00f4ne, Haute-Savoie, Haute-Vienne, Haut-Rhin, Hauts-de-Seine, Ille-et-Vilaine, Indre, Indre-et-Loire, Is\u00e8re, Jura, Landes, Loire-Atlantique, Loiret, Loir-et-Cher, Lot, Lot-et-Garonne, Loz\u00e8re, Maine-et-Loire, Manche, Marne, Mayenne, Meurthe-et-Moselle, Meuse, Morbihan, Moselle, Ni\u00e8vre, Nord, Oise, Orne, Paris, Pas-de-Calais, Puy-de-D\u00f4me, Pyr\u00e9n\u00e9es-Atlantiques, Pyr\u00e9n\u00e9es-Orientales, Sa\u00f4ne-et-Loire, Sarthe, Seine-et-Marne, Seine-Maritime, Seine-Saint-Denis, Somme, Tarn-et-Garonne, Territoire-de-Belfort, Val-de-Marne, Val-d&rsquo;Oise, Var, Vaucluse, Vend\u00e9e, Vienne, Vosges, Yonne, Yvelines.<\/p>\n<div id=\"attachment_3158\" style=\"width: 610px\" class=\"wp-caption aligncenter\"><a href=\"https:\/\/www.preservons-la-nature.fr\/blog\/?attachment_id=3158\" rel=\"attachment wp-att-3158\"><img loading=\"lazy\" decoding=\"async\" aria-describedby=\"caption-attachment-3158\" class=\"size-full wp-image-3158\" alt=\"R\u00e9partition de Solanum dulcamara L. ( Douce-am\u00e8re )\" src=\"https:\/\/www.preservons-la-nature.fr\/blog\/wp-content\/uploads\/2014\/03\/carte39.jpg\" width=\"600\" height=\"600\" srcset=\"https:\/\/preservons-la-nature.fr\/blog\/wp-content\/uploads\/2014\/03\/carte39.jpg 600w, https:\/\/preservons-la-nature.fr\/blog\/wp-content\/uploads\/2014\/03\/carte39-150x150.jpg 150w, https:\/\/preservons-la-nature.fr\/blog\/wp-content\/uploads\/2014\/03\/carte39-300x300.jpg 300w\" sizes=\"auto, (max-width: 600px) 100vw, 600px\" \/><\/a><p id=\"caption-attachment-3158\" class=\"wp-caption-text\">R\u00e9partition de Solanum dulcamara L. ( Douce-am\u00e8re )<\/p><\/div>\n<div id=\"attachment_3155\" style=\"width: 650px\" class=\"wp-caption aligncenter\"><a href=\"https:\/\/www.preservons-la-nature.fr\/blog\/wp-content\/uploads\/2014\/03\/DSC0571.jpg\"><img loading=\"lazy\" decoding=\"async\" aria-describedby=\"caption-attachment-3155\" class=\" wp-image-3155 \" title=\"Solanum dulcamara L. ( Douce-am\u00e8re )\" alt=\"Solanum dulcamara L. ( Douce-am\u00e8re )\" src=\"https:\/\/www.preservons-la-nature.fr\/blog\/wp-content\/uploads\/2014\/03\/DSC0571.jpg\" width=\"640\" height=\"426\" srcset=\"https:\/\/preservons-la-nature.fr\/blog\/wp-content\/uploads\/2014\/03\/DSC0571.jpg 800w, https:\/\/preservons-la-nature.fr\/blog\/wp-content\/uploads\/2014\/03\/DSC0571-300x199.jpg 300w\" sizes=\"auto, (max-width: 640px) 100vw, 640px\" \/><\/a><p id=\"caption-attachment-3155\" class=\"wp-caption-text\">Solanum dulcamara L. ( Douce-am\u00e8re )<\/p><\/div>\n<div id=\"attachment_3156\" style=\"width: 650px\" class=\"wp-caption aligncenter\"><a href=\"https:\/\/www.preservons-la-nature.fr\/blog\/wp-content\/uploads\/2014\/03\/DSC3627.jpg\"><img loading=\"lazy\" decoding=\"async\" aria-describedby=\"caption-attachment-3156\" class=\"size-full wp-image-3156\" title=\"Solanum dulcamara L. ( Douce-am\u00e8re )\" alt=\"Solanum dulcamara L. ( Douce-am\u00e8re )\" src=\"https:\/\/www.preservons-la-nature.fr\/blog\/wp-content\/uploads\/2014\/03\/DSC3627.jpg\" width=\"640\" height=\"426\" srcset=\"https:\/\/preservons-la-nature.fr\/blog\/wp-content\/uploads\/2014\/03\/DSC3627.jpg 800w, https:\/\/preservons-la-nature.fr\/blog\/wp-content\/uploads\/2014\/03\/DSC3627-300x199.jpg 300w\" sizes=\"auto, (max-width: 640px) 100vw, 640px\" \/><\/a><p id=\"caption-attachment-3156\" class=\"wp-caption-text\">Solanum dulcamara L. ( Douce-am\u00e8re )<\/p><\/div>\n<p><strong><span style=\"text-decoration: underline;\">Phytosociologie :<\/span><i><\/i><\/strong><\/p>\n<table>\n<tbody>\n<tr>\n<td>Alliance<\/td>\n<td>Ordre<\/td>\n<td>Classe<\/td>\n<\/tr>\n<tr>\n<td><strong>Alnion glutinosae<\/strong><\/td>\n<td><strong>Alnetalia glutinosae<\/strong><\/td>\n<td><strong>Alnetea glutinosae<\/strong><\/td>\n<\/tr>\n<tr>\n<td>Communaut\u00e9s m\u00e9so-eutrophes.<\/td>\n<td>Communaut\u00e9s domin\u00e9es par l&rsquo;aulne glutineux, parfois par le bouleau pubescent.<\/td>\n<td>For\u00eats d&rsquo;aulnes, parfois de bouleaux ou de saules des d\u00e9pressions mar\u00e9cageuses, sur sol engorg\u00e9 une grande partie de l&rsquo;ann\u00e9e ; Europe temp\u00e9r\u00e9e, aux \u00e9tages planitiaire, collin\u00e9en et montagnard.<\/td>\n<\/tr>\n<\/tbody>\n<\/table>\n<table>\n<tbody>\n<tr>\n<td>Alliance<\/td>\n<td>Sous-ordre<\/td>\n<td>Ordre<\/td>\n<td>Classe<\/td>\n<\/tr>\n<tr>\n<td><strong>Alnion incanae<\/strong><\/td>\n<td><strong>Alno glutinosae-Ulmenalia minoris<\/strong><\/td>\n<td><strong>Populetalia albae<\/strong><\/td>\n<td><strong>Querco roboris-Fagetea sylvaticae<\/strong><\/td>\n<\/tr>\n<tr>\n<td><\/td>\n<td>Communaut\u00e9s de l&rsquo;Europe temp\u00e9r\u00e9e.<\/td>\n<td>Communaut\u00e9s riveraines non mar\u00e9cageuses.<\/td>\n<td>For\u00eats temp\u00e9r\u00e9es caducifoli\u00e9es ou mixtes, collin\u00e9ennes et montagnardes (plus rarement subalpines), ainsi que supram\u00e9diterran\u00e9ennes.<\/td>\n<\/tr>\n<\/tbody>\n<\/table>\n<table>\n<tbody>\n<tr>\n<td>Alliance<\/td>\n<td>Ordre<\/td>\n<td>Classe<\/td>\n<\/tr>\n<tr>\n<td><strong>Honckenyo latifoliae-Crambion maritimae<\/strong><\/td>\n<td><strong>Honckenyo peploidis-Elymetalia arenarii<\/strong><\/td>\n<td><strong>Honckenyo peploidis-Elymetea arenarii<\/strong><\/td>\n<\/tr>\n<tr>\n<td>Communaut\u00e9s des lev\u00e9es de galets et hauts de plages graveleux enrichis de laisses de mer ; de la Baltique au Golfe cantabrique.<\/td>\n<td>Communaut\u00e9s europ\u00e9ennes, bor\u00e9oatlantiques \u00e0 atlantiques.<\/td>\n<td>V\u00e9g\u00e9tation vivace, subnitrophile, des dunes vives ou des bordures maritimes sablo-graveleuses plus ou moins enrichies en mati\u00e8re organique. Distribution circumbor\u00e9ale et sarmato-asiatique.<\/td>\n<\/tr>\n<\/tbody>\n<\/table>\n<table>\n<tbody>\n<tr>\n<td>Alliance<\/td>\n<td>Ordre<\/td>\n<td>Classe<\/td>\n<\/tr>\n<tr>\n<td><strong>Ligustro vulgaris-Hippophaion rhamnoidis<\/strong><\/td>\n<td><strong>Salicetalia arenariae<\/strong><\/td>\n<td><strong>Crataego monogynae-Prunetea spinosae<\/strong><\/td>\n<\/tr>\n<tr>\n<td>Communaut\u00e9s hautes.<\/td>\n<td>Communaut\u00e9s de manteaux dunaires nord-atlantiques.<\/td>\n<td>V\u00e9g\u00e9tation principalement europ\u00e9enne de manteaux arbustifs, frutic\u00e9es et haies. Nota : diverses communaut\u00e9s domin\u00e9es par des Rubus (spp.), non encore \u00e9tudi\u00e9es en France, ne sont pas int\u00e9gr\u00e9es \u00e0 la pr\u00e9sente classification.<\/td>\n<\/tr>\n<\/tbody>\n<\/table>\n<table>\n<tbody>\n<tr>\n<td>Alliance<\/td>\n<td>Ordre<\/td>\n<td>Classe<\/td>\n<\/tr>\n<tr>\n<td><strong>Phragmition communis<\/strong><\/td>\n<td><strong>Phragmitetalia australis<\/strong><\/td>\n<td><strong>Phragmiti australis-Magnocaricetea elatae<\/strong><\/td>\n<\/tr>\n<tr>\n<td>Communaut\u00e9s eurosib\u00e9riennes des zones \u00e0 nappe d&rsquo;eau \u00e0 faible variation de niveau.<\/td>\n<td>Communaut\u00e9s \u00e0 inondation r\u00e9guli\u00e8re et prolong\u00e9e, sur sol min\u00e9ral eutrophe \u00e0 \u00e9l\u00e9ments grossiers, souvent \u00e0 matrice vaseuse.<\/td>\n<td>V\u00e9g\u00e9tation des bords d&rsquo;\u00e9tangs, lacs, rivi\u00e8res et marais sur sol m\u00e9sotrophe \u00e0 eutrophe, parfois tourbeux.<\/td>\n<\/tr>\n<\/tbody>\n<\/table>\n<table>\n<tbody>\n<tr>\n<td>Classe<\/td>\n<\/tr>\n<tr>\n<td><strong>Salicetea purpureae<\/strong><\/td>\n<\/tr>\n<tr>\n<td>V\u00e9g\u00e9tation foresti\u00e8re et arbustive riveraine \u00e0 bois tendre.<\/td>\n<\/tr>\n<\/tbody>\n<\/table>\n<table>\n<tbody>\n<tr>\n<td>Alliance<\/td>\n<td>Ordre<\/td>\n<td>Classe<\/td>\n<\/tr>\n<tr>\n<td><strong>Salici cinereae-Rhamnion catharticae<\/strong><\/td>\n<td><strong>Prunetalia spinosae<\/strong><\/td>\n<td><strong>Crataego monogynae-Prunetea spinosae<\/strong><\/td>\n<\/tr>\n<tr>\n<td>Communaut\u00e9s de manteaux, frutic\u00e9es, haies plus ou moins m\u00e9sohygrophiles des lits majeurs inondables des rivi\u00e8res.<\/td>\n<td>Communaut\u00e9s arbustives non dunaires, des sols carbonat\u00e9s ou plus ou moins d\u00e9satur\u00e9s.<\/td>\n<td>V\u00e9g\u00e9tation principalement europ\u00e9enne de manteaux arbustifs, frutic\u00e9es et haies. Nota : diverses communaut\u00e9s domin\u00e9es par des Rubus (spp.), non encore \u00e9tudi\u00e9es en France, ne sont pas int\u00e9gr\u00e9es \u00e0 la pr\u00e9sente classification.<\/td>\n<\/tr>\n<\/tbody>\n<\/table>\n<table>\n<tbody>\n<tr>\n<td>Alliance<\/td>\n<td>Ordre<\/td>\n<td>Classe<\/td>\n<\/tr>\n<tr>\n<td><strong>Salicion cinereae<\/strong><\/td>\n<td><strong>Salicetalia auritae<\/strong><\/td>\n<td><strong>Alnetea glutinosae<\/strong><\/td>\n<\/tr>\n<tr>\n<td><\/td>\n<td>Communaut\u00e9s domin\u00e9es par des saules, pionni\u00e8res ou permanentes sur les sols les plus engorg\u00e9s.<\/td>\n<td>For\u00eats d&rsquo;aulnes, parfois de bouleaux ou de saules des d\u00e9pressions mar\u00e9cageuses, sur sol engorg\u00e9 une grande partie de l&rsquo;ann\u00e9e ; Europe temp\u00e9r\u00e9e, aux \u00e9tages planitiaire, collin\u00e9en et montagnard.<\/td>\n<\/tr>\n<\/tbody>\n<\/table>\n<table>\n<tbody>\n<tr>\n<td>Alliance<\/td>\n<td>Ordre<\/td>\n<td>Classe<\/td>\n<\/tr>\n<tr>\n<td><strong>Tamaricion africanae<\/strong><\/td>\n<td><strong>Tamaricetalia africanae<\/strong><\/td>\n<td><strong>Nerio oleandri-Tamaricetea africanae<\/strong><\/td>\n<\/tr>\n<tr>\n<td>Communaut\u00e9s des milieux saum\u00e2tres domin\u00e9s par les tamaris ; surtout en Corse.<\/td>\n<td><\/td>\n<td>V\u00e9g\u00e9tation thermom\u00e9diterran\u00e9enne d&rsquo;arbustes et de gramin\u00e9es hautes des berges et lits des cours d&rsquo;eau temporaires.<\/td>\n<\/tr>\n<\/tbody>\n<\/table>\n<p><strong><span style=\"text-decoration: underline;\">Taxonomie :<\/span><\/strong><br \/>\n<i>Solanum dulcamara L.<\/i> a pour synonymes (Informations issues de la BDTFX Version 2.0, <a href=\"http:\/\/www.tela-botanica.org\" target=\"_blank\">Tela Botanica<\/a>) :<i><br \/>\n&#8211; Dulcamara flexuosa Moench<br \/>\n&#8211; Lycopersicon dulcamara (L.) Medik.<br \/>\n&#8211; Solanum assimile Friv.<br \/>\n&#8211; Solanum dulcamara var. hirsutum Dunal<br \/>\n&#8211; Solanum dulcamara var. indivisum Boiss.<br \/>\n&#8211; Solanum dulcamara var. ovatum Dunal<br \/>\n&#8211; Solanum dulcamara var. palustre Dunal<br \/>\n&#8211; Solanum dulcamara var. pubescens N.H.F.Desp.<br \/>\n&#8211; Solanum dulcamara var. rupestre Dunal<br \/>\n&#8211; Solanum dulcamara var. tomentosum W.D.J.Koch<br \/>\n&#8211; Solanum dulcamara var. villosissimum Desv.<br \/>\n&#8211; Solanum littorale Raab<br \/>\n&#8211; Solanum lyratum Thunb.<br \/>\n&#8211; Solanum pseudopersicum Pojark.<br \/>\n&#8211; Solanum ruderale Salisb.<br \/>\n&#8211; Solanum rupestre F.W.Schmidt<br \/>\n&#8211; Solanum scandens Lam.<br \/>\n&#8211; Solanum scandens Neck.<br \/>\n&#8211; Solanum serpentini Borb\u00e1s &amp; Waisb.<br \/>\n<\/i><br \/>\n<span style=\"text-decoration: underline;\">Sous-esp\u00e8ces ou vari\u00e9t\u00e9s :<\/span><br \/>\n<i>&#8211; Solanum dulcamara L. var. dulcamara<br \/>\n&#8211; Solanum dulcamara var. marinum Bab.<br \/>\n<\/i><\/p>\n","protected":false},"excerpt":{"rendered":"<p>Une fiche plus r&eacute;cente existe, vous pouvez la consulter ICI Nom : Solanum dulcamara L. ( Douce-am\u00e8re ) Autre(s) nom(s) : Bronde, Morelle Douce-am\u00e8re. Famille : SOLANACEAE Description dans la flore de Coste : Sous-arbrisseau sarmenteux de 1-2 m\u00e8tres, glabre &hellip; <a href=\"https:\/\/preservons-la-nature.fr\/blog\/?p=3154\">Continuer la lecture <span class=\"meta-nav\">&rarr;<\/span><\/a><\/p>\n","protected":false},"author":1,"featured_media":0,"comment_status":"open","ping_status":"open","sticky":false,"template":"","format":"standard","meta":{"footnotes":""},"categories":[102],"tags":[94],"class_list":["post-3154","post","type-post","status-publish","format-standard","hentry","category-fiche-partielle-de-plantes","tag-solanacees"],"_links":{"self":[{"href":"https:\/\/preservons-la-nature.fr\/blog\/index.php?rest_route=\/wp\/v2\/posts\/3154","targetHints":{"allow":["GET"]}}],"collection":[{"href":"https:\/\/preservons-la-nature.fr\/blog\/index.php?rest_route=\/wp\/v2\/posts"}],"about":[{"href":"https:\/\/preservons-la-nature.fr\/blog\/index.php?rest_route=\/wp\/v2\/types\/post"}],"author":[{"embeddable":true,"href":"https:\/\/preservons-la-nature.fr\/blog\/index.php?rest_route=\/wp\/v2\/users\/1"}],"replies":[{"embeddable":true,"href":"https:\/\/preservons-la-nature.fr\/blog\/index.php?rest_route=%2Fwp%2Fv2%2Fcomments&post=3154"}],"version-history":[{"count":1,"href":"https:\/\/preservons-la-nature.fr\/blog\/index.php?rest_route=\/wp\/v2\/posts\/3154\/revisions"}],"predecessor-version":[{"id":3159,"href":"https:\/\/preservons-la-nature.fr\/blog\/index.php?rest_route=\/wp\/v2\/posts\/3154\/revisions\/3159"}],"wp:attachment":[{"href":"https:\/\/preservons-la-nature.fr\/blog\/index.php?rest_route=%2Fwp%2Fv2%2Fmedia&parent=3154"}],"wp:term":[{"taxonomy":"category","embeddable":true,"href":"https:\/\/preservons-la-nature.fr\/blog\/index.php?rest_route=%2Fwp%2Fv2%2Fcategories&post=3154"},{"taxonomy":"post_tag","embeddable":true,"href":"https:\/\/preservons-la-nature.fr\/blog\/index.php?rest_route=%2Fwp%2Fv2%2Ftags&post=3154"}],"curies":[{"name":"wp","href":"https:\/\/api.w.org\/{rel}","templated":true}]}}