{"id":3149,"date":"2014-04-23T00:43:25","date_gmt":"2014-04-22T23:43:25","guid":{"rendered":"https:\/\/www.preservons-la-nature.fr\/blog\/?p=3149"},"modified":"2014-03-15T07:47:29","modified_gmt":"2014-03-15T06:47:29","slug":"sinapis-arvensis-l-moutarde-des-champs","status":"publish","type":"post","link":"https:\/\/preservons-la-nature.fr\/blog\/?p=3149","title":{"rendered":"Sinapis arvensis L. ( Moutarde des champs )"},"content":{"rendered":"<p><STRONG>Une fiche plus r&eacute;cente existe, vous pouvez la consulter <a href=\"https:\/\/www.preservons-la-nature.fr\/flore\/taxon\/1375.html\">ICI<\/a><\/STRONG><div id=\"attachment_3150\" style=\"width: 370px\" class=\"wp-caption aligncenter\"><a href=\"https:\/\/www.preservons-la-nature.fr\/blog\/wp-content\/uploads\/2014\/03\/DSC05431.jpg\"><img loading=\"lazy\" decoding=\"async\" aria-describedby=\"caption-attachment-3150\" class=\" wp-image-3150 \" title=\"Sinapis arvensis L. ( Moutarde des champs )\" alt=\"Sinapis arvensis L. ( Moutarde des champs )\" src=\"https:\/\/www.preservons-la-nature.fr\/blog\/wp-content\/uploads\/2014\/03\/DSC05431.jpg\" width=\"360\" height=\"540\" srcset=\"https:\/\/preservons-la-nature.fr\/blog\/wp-content\/uploads\/2014\/03\/DSC05431.jpg 400w, https:\/\/preservons-la-nature.fr\/blog\/wp-content\/uploads\/2014\/03\/DSC05431-200x300.jpg 200w\" sizes=\"auto, (max-width: 360px) 100vw, 360px\" \/><\/a><p id=\"caption-attachment-3150\" class=\"wp-caption-text\">Sinapis arvensis L. ( Moutarde des champs )<\/p><\/div><br \/>\n<strong><span style=\"text-decoration: underline;\">Nom :<\/span><\/strong> <i>Sinapis arvensis L.<\/i> ( Moutarde des champs )<\/p>\n<p><strong><span style=\"text-decoration: underline;\">Autre(s) nom(s) :<\/span><\/strong><br \/>\nRaveluche, Ravenelle, S\u00e9nev\u00e9.<\/p>\n<p><strong><span style=\"text-decoration: underline;\">Famille :<\/span><\/strong> BRASSICACEAE<\/p>\n<p><strong><span style=\"text-decoration: underline;\">Floraison :<\/span><\/strong> Mai &#8211; Septembre<\/p>\n<p><strong><span style=\"text-decoration: underline;\">Forme biologique :<\/span><\/strong><br \/>\nTh\u00e9rophyte.<\/p>\n<p><strong><span style=\"text-decoration: underline;\">Protection :<\/span><\/strong><br \/>\n&#8211; Liste rouge europ\u00e9enne IUCN 2012 LC<\/p>\n<p><strong><span style=\"text-decoration: underline;\">Description dans la flore de Coste :<\/span><\/strong><br \/>\nPlante annuelle, velue-h\u00e9riss\u00e9e ; tige de 30-80 cm, dress\u00e9e, rameuse ; feuilles inf\u00e9rieures lyr\u00e9es, les sup\u00e9rieures sessiles, ovales ou oblongues, sinu\u00e9es-dent\u00e9es; p\u00e9dicelles fructif\u00e8res \u00e9pais, bien plus courts que les siliques ; siliques \u00e9tal\u00e9es-dress\u00e9es, oblongues, bossel\u00e9es, glabres, rarement appliqu\u00e9es ou h\u00e9riss\u00e9es ; valves \u00e0 3-5 nervures ; bec conique, en al\u00eane, un peu plus court que les valves ; graines globuleuses, brun\u00e2tres, lisses.<\/p>\n<p><strong><span style=\"text-decoration: underline;\">Pr\u00e9sent dans le(s) d\u00e9partement(s) suivant(s) :<\/span><\/strong><br \/>\nAin, Aisne, Allier, Alpes-de-Haute-Provence, Alpes-Maritimes, Ardennes, Aube, Aveyron, Bas-Rhin, Bouches-du-Rh\u00f4ne, Calvados, Cantal, Charente-Maritime, Cher, Corr\u00e8ze, Corse-du-Sud, C\u00f4te-d&rsquo;Or, C\u00f4tes-d&rsquo;Armor, Dordogne, Doubs, Essonne, Eure, Eure-et-Loir, Finist\u00e8re, Gard, Gironde, Haute-Loire, Haute-Marne, Hautes-Alpes, Haute-Sa\u00f4ne, Hauts-de-Seine, Ille-et-Vilaine, Indre, Indre-et-Loire, Is\u00e8re, Jura, Loire-Atlantique, Loiret, Loir-et-Cher, Lot, Lot-et-Garonne, Maine-et-Loire, Manche, Marne, Mayenne, Meurthe-et-Moselle, Meuse, Morbihan, Moselle, Ni\u00e8vre, Nord, Oise, Orne, Paris, Pas-de-Calais, Sa\u00f4ne-et-Loire, Sarthe, Seine-et-Marne, Seine-Maritime, Seine-Saint-Denis, Somme, Tarn-et-Garonne, Territoire-de-Belfort, Val-de-Marne, Val-d&rsquo;Oise, Var, Vaucluse, Vend\u00e9e, Vienne, Yonne, Yvelines.<br \/>\n<div id=\"attachment_3152\" style=\"width: 610px\" class=\"wp-caption aligncenter\"><a href=\"https:\/\/www.preservons-la-nature.fr\/blog\/?attachment_id=3152\" rel=\"attachment wp-att-3152\"><img loading=\"lazy\" decoding=\"async\" aria-describedby=\"caption-attachment-3152\" src=\"https:\/\/www.preservons-la-nature.fr\/blog\/wp-content\/uploads\/2014\/03\/carte38.jpg\" alt=\"R\u00e9partition de Sinapis arvensis L. ( Moutarde des champs )\" width=\"600\" height=\"600\" class=\"size-full wp-image-3152\" srcset=\"https:\/\/preservons-la-nature.fr\/blog\/wp-content\/uploads\/2014\/03\/carte38.jpg 600w, https:\/\/preservons-la-nature.fr\/blog\/wp-content\/uploads\/2014\/03\/carte38-150x150.jpg 150w, https:\/\/preservons-la-nature.fr\/blog\/wp-content\/uploads\/2014\/03\/carte38-300x300.jpg 300w\" sizes=\"auto, (max-width: 600px) 100vw, 600px\" \/><\/a><p id=\"caption-attachment-3152\" class=\"wp-caption-text\">R\u00e9partition de Sinapis arvensis L. ( Moutarde des champs )<\/p><\/div><br \/>\n<div id=\"attachment_3151\" style=\"width: 370px\" class=\"wp-caption aligncenter\"><a href=\"https:\/\/www.preservons-la-nature.fr\/blog\/wp-content\/uploads\/2014\/03\/DSC05433.jpg\"><img loading=\"lazy\" decoding=\"async\" aria-describedby=\"caption-attachment-3151\" class=\" wp-image-3151\" title=\"Sinapis arvensis L. ( Moutarde des champs )\" alt=\"Sinapis arvensis L. ( Moutarde des champs )\" src=\"https:\/\/www.preservons-la-nature.fr\/blog\/wp-content\/uploads\/2014\/03\/DSC05433.jpg\" width=\"360\" height=\"540\" srcset=\"https:\/\/preservons-la-nature.fr\/blog\/wp-content\/uploads\/2014\/03\/DSC05433.jpg 400w, https:\/\/preservons-la-nature.fr\/blog\/wp-content\/uploads\/2014\/03\/DSC05433-200x300.jpg 200w\" sizes=\"auto, (max-width: 360px) 100vw, 360px\" \/><\/a><p id=\"caption-attachment-3151\" class=\"wp-caption-text\">Sinapis arvensis L. ( Moutarde des champs )<\/p><\/div><br \/>\n<strong><span style=\"text-decoration: underline;\">Phytosociologie :<\/span><i><\/i><\/strong><\/p>\n<table>\n<tbody>\n<tr>\n<td>Ordre<\/td>\n<td>Classe<\/td>\n<\/tr>\n<tr>\n<td><strong>Chenopodietalia albi<\/strong><\/td>\n<td><strong>Stellarietea mediae<\/strong><\/td>\n<\/tr>\n<tr>\n<td>Communaut\u00e9s principalement des cultures sarcl\u00e9es, sur sol eutrophe.<\/td>\n<td>V\u00e9g\u00e9tation annuelle, nitrophile, commensale des cultures annuelles ou sarcl\u00e9es.<\/td>\n<\/tr>\n<\/tbody>\n<\/table>\n<table>\n<tbody>\n<tr>\n<td>Classe<\/td>\n<\/tr>\n<tr>\n<td><strong>Polygono arenastri-Poetea annuae<\/strong><\/td>\n<\/tr>\n<tr>\n<td>V\u00e9g\u00e9tation annuelle subnitrophile des stations hyperpi\u00e9tin\u00e9es.<\/td>\n<\/tr>\n<\/tbody>\n<\/table>\n<table>\n<tbody>\n<tr>\n<td>Classe<\/td>\n<\/tr>\n<tr>\n<td><strong>Stellarietea mediae<\/strong><\/td>\n<\/tr>\n<tr>\n<td>V\u00e9g\u00e9tation annuelle, nitrophile, commensale des cultures annuelles ou sarcl\u00e9es.<\/td>\n<\/tr>\n<\/tbody>\n<\/table>\n<p><strong><span style=\"text-decoration: underline;\">Taxonomie :<\/span><\/strong><br \/>\n<i>Sinapis arvensis L.<\/i> a pour synonymes (Informations issues de la BDTFX Version 2.0, <a href=\"http:\/\/www.tela-botanica.org\" target=\"_blank\">Tela Botanica<\/a>) :<i><br \/>\n&#8211; Agrosinapis arvensis (L.) Fourr.<br \/>\n&#8211; Brassica arvensis (L.) Rabenh.<br \/>\n&#8211; Brassica kaber (DC.) Wheeler<br \/>\n&#8211; Brassica sinapis Vis.<br \/>\n&#8211; Brassica sinapistrum Boiss.<br \/>\n&#8211; Crucifera sinapistra E.H.L.Krause<br \/>\n&#8211; Napus agrisinapis Schimp. &amp; Spenn.<br \/>\n&#8211; Raphanus arvensis (L.) Crantz<br \/>\n&#8211; Rhamphospermum arvense (L.) Besser<br \/>\n&#8211; Sinapis arvensis proles schkuhriana (Rchb.) Bonnier<br \/>\n&#8211; Sinapis arvensis subsp. dasycarpa (Neilr.) Arcang.<br \/>\n&#8211; Sinapis arvensis subsp. schkuhriana (Rchb.) B\u00e9g.<br \/>\n&#8211; Sinapis arvensis var. schkuhriana (Rchb.) Hagenb.<br \/>\n&#8211; Sinapis arvensis var. villosa (M\u00e9rat) Rouy &amp; Foucaud<br \/>\n&#8211; Sinapis atrichocarpa Borb\u00e1s<br \/>\n&#8211; Sinapis hispida Balb.<br \/>\n&#8211; Sinapis kaber DC.<br \/>\n&#8211; Sinapis polymorpha Schult.<br \/>\n&#8211; Sinapis retrohispida Boreau<br \/>\n&#8211; Sinapis schkuhriana Rchb.<br \/>\n&#8211; Sinapis taurica Steven<br \/>\n&#8211; Sinapis villosa M\u00e9rat<br \/>\n&#8211; Sinapistrum arvense (L.) Spach<br \/>\n<\/i><br \/>\n<span style=\"text-decoration: underline;\">Sous-esp\u00e8ces ou vari\u00e9t\u00e9s :<\/span><br \/>\n<i>&#8211; Sinapis arvensis L. subsp. arvensis<br \/>\n<\/i><\/p>\n","protected":false},"excerpt":{"rendered":"<p>Une fiche plus r&eacute;cente existe, vous pouvez la consulter ICI Nom : Sinapis arvensis L. ( Moutarde des champs ) Autre(s) nom(s) : Raveluche, Ravenelle, S\u00e9nev\u00e9. Famille : BRASSICACEAE Floraison : Mai &#8211; Septembre Forme biologique : Th\u00e9rophyte. Protection : &hellip; <a href=\"https:\/\/preservons-la-nature.fr\/blog\/?p=3149\">Continuer la lecture <span class=\"meta-nav\">&rarr;<\/span><\/a><\/p>\n","protected":false},"author":1,"featured_media":0,"comment_status":"open","ping_status":"open","sticky":false,"template":"","format":"standard","meta":{"footnotes":""},"categories":[102],"tags":[26],"class_list":["post-3149","post","type-post","status-publish","format-standard","hentry","category-fiche-partielle-de-plantes","tag-brassicacees"],"_links":{"self":[{"href":"https:\/\/preservons-la-nature.fr\/blog\/index.php?rest_route=\/wp\/v2\/posts\/3149","targetHints":{"allow":["GET"]}}],"collection":[{"href":"https:\/\/preservons-la-nature.fr\/blog\/index.php?rest_route=\/wp\/v2\/posts"}],"about":[{"href":"https:\/\/preservons-la-nature.fr\/blog\/index.php?rest_route=\/wp\/v2\/types\/post"}],"author":[{"embeddable":true,"href":"https:\/\/preservons-la-nature.fr\/blog\/index.php?rest_route=\/wp\/v2\/users\/1"}],"replies":[{"embeddable":true,"href":"https:\/\/preservons-la-nature.fr\/blog\/index.php?rest_route=%2Fwp%2Fv2%2Fcomments&post=3149"}],"version-history":[{"count":1,"href":"https:\/\/preservons-la-nature.fr\/blog\/index.php?rest_route=\/wp\/v2\/posts\/3149\/revisions"}],"predecessor-version":[{"id":3153,"href":"https:\/\/preservons-la-nature.fr\/blog\/index.php?rest_route=\/wp\/v2\/posts\/3149\/revisions\/3153"}],"wp:attachment":[{"href":"https:\/\/preservons-la-nature.fr\/blog\/index.php?rest_route=%2Fwp%2Fv2%2Fmedia&parent=3149"}],"wp:term":[{"taxonomy":"category","embeddable":true,"href":"https:\/\/preservons-la-nature.fr\/blog\/index.php?rest_route=%2Fwp%2Fv2%2Fcategories&post=3149"},{"taxonomy":"post_tag","embeddable":true,"href":"https:\/\/preservons-la-nature.fr\/blog\/index.php?rest_route=%2Fwp%2Fv2%2Ftags&post=3149"}],"curies":[{"name":"wp","href":"https:\/\/api.w.org\/{rel}","templated":true}]}}