{"id":3105,"date":"2014-04-17T00:08:04","date_gmt":"2014-04-16T23:08:04","guid":{"rendered":"https:\/\/www.preservons-la-nature.fr\/blog\/?p=3105"},"modified":"2014-03-13T13:10:25","modified_gmt":"2014-03-13T12:10:25","slug":"athyrium-filix-femina-l-roth-fougere-femelle","status":"publish","type":"post","link":"https:\/\/preservons-la-nature.fr\/blog\/?p=3105","title":{"rendered":"Athyrium filix-femina (L.) Roth ( Foug\u00e8re femelle )"},"content":{"rendered":"<p><STRONG>Une fiche plus r&eacute;cente existe, vous pouvez la consulter <a href=\"https:\/\/www.preservons-la-nature.fr\/flore\/taxon\/114.html\">ICI<\/a><\/STRONG><div id=\"attachment_3106\" style=\"width: 650px\" class=\"wp-caption aligncenter\"><a href=\"https:\/\/www.preservons-la-nature.fr\/blog\/wp-content\/uploads\/2014\/03\/DSC7936.jpg\"><img loading=\"lazy\" decoding=\"async\" aria-describedby=\"caption-attachment-3106\" class=\" wp-image-3106 \" title=\"Athyrium filix-femina (L.) Roth ( Foug\u00e8re femelle )\" alt=\"Athyrium filix-femina (L.) Roth ( Foug\u00e8re femelle )\" src=\"https:\/\/www.preservons-la-nature.fr\/blog\/wp-content\/uploads\/2014\/03\/DSC7936.jpg\" width=\"640\" height=\"426\" srcset=\"https:\/\/preservons-la-nature.fr\/blog\/wp-content\/uploads\/2014\/03\/DSC7936.jpg 800w, https:\/\/preservons-la-nature.fr\/blog\/wp-content\/uploads\/2014\/03\/DSC7936-300x199.jpg 300w\" sizes=\"auto, (max-width: 640px) 100vw, 640px\" \/><\/a><p id=\"caption-attachment-3106\" class=\"wp-caption-text\">Athyrium filix-femina (L.) Roth ( Foug\u00e8re femelle )<\/p><\/div><\/p>\n<p><strong><span style=\"text-decoration: underline;\">Nom :<\/span><\/strong> <i>Athyrium filix-femina (L.) Roth<\/i> ( Foug\u00e8re femelle )<\/p>\n<p><strong><span style=\"text-decoration: underline;\">Autre(s) nom(s) :<\/span><\/strong><br \/>\nPolypode femelle.<\/p>\n<p><strong><span style=\"text-decoration: underline;\">Famille :<\/span><\/strong> WOODSIACEAE<\/p>\n<p><strong><span style=\"text-decoration: underline;\">Description dans la flore de Coste :<\/span><\/strong><br \/>\nPlante vivace de 40 cm \u00e0 1 m\u00e8tre, \u00e0 souche \u00e9paisse ; feuilles grandes, h. p\u00e9tiole assez court et \u00e9cailleux, oblongues-lanc\u00e9ol\u00e9es, att\u00e9nu\u00e9es \u00e0 la base, bi-tripennatis\u00e9qu\u00e9es ; segments primaires longuement lanc\u00e9ol\u00e9s acumin\u00e9s, portant 15-30 paires de segments secondaires ; ceux-ci lanc\u00e9ol\u00e9s, pennatifides, \u00e0 lobes ovales termin\u00e9s par 3-4 dents g\u00e9n\u00e9ralement aigu\u00ebs ; sores bri\u00e8vement oblongs ou ovales, obliques, presque contigus \u00e0 la nervure m\u00e9diane ; indusie oblongue, frang\u00e9e au bord, persistante.<\/p>\n<p><strong><span style=\"text-decoration: underline;\">Pr\u00e9sent dans le(s) d\u00e9partement(s) suivant(s) :<\/span><\/strong><br \/>\nAin, Aisne, Allier, Alpes-de-Haute-Provence, Alpes-Maritimes, Ardennes, Aube, Aveyron, Bas-Rhin, Calvados, Cantal, Charente, Charente-Maritime, Cher, Corr\u00e8ze, Corse-du-Sud, C\u00f4te-d&rsquo;Or, C\u00f4tes-d&rsquo;Armor, Creuse, Deux-S\u00e8vres, Dordogne, Doubs, Essonne, Eure, Eure-et-Loir, Finist\u00e8re, Gard, Gironde, Haute-Corse, Haute-Garonne, Haute-Loire, Haute-Marne, Hautes-Alpes, Haute-Sa\u00f4ne, Haute-Savoie, Hautes-Pyr\u00e9n\u00e9es, Haute-Vienne, Haut-Rhin, Hauts-de-Seine, Ille-et-Vilaine, Indre, Indre-et-Loire, Is\u00e8re, Jura, Landes, Loire-Atlantique, Loiret, Loir-et-Cher, Lot, Lot-et-Garonne, Loz\u00e8re, Maine-et-Loire, Manche, Marne, Mayenne, Meurthe-et-Moselle, Meuse, Morbihan, Moselle, Ni\u00e8vre, Nord, Oise, Orne, Paris, Pas-de-Calais, Puy-de-D\u00f4me, Pyr\u00e9n\u00e9es-Atlantiques, Sa\u00f4ne-et-Loire, Sarthe, Seine-et-Marne, Seine-Maritime, Seine-Saint-Denis, Somme, Tarn-et-Garonne, Territoire-de-Belfort, Val-de-Marne, Val-d&rsquo;Oise, Var, Vaucluse, Vend\u00e9e, Vienne, Vosges, Yonne, Yvelines.<\/p>\n<div id=\"attachment_3107\" style=\"width: 610px\" class=\"wp-caption aligncenter\"><a href=\"https:\/\/www.preservons-la-nature.fr\/blog\/?attachment_id=3107\" rel=\"attachment wp-att-3107\"><img loading=\"lazy\" decoding=\"async\" aria-describedby=\"caption-attachment-3107\" class=\"size-full wp-image-3107\" alt=\"R\u00e9partition de Athyrium filix-femina (L.) Roth ( Foug\u00e8re femelle )\" src=\"https:\/\/www.preservons-la-nature.fr\/blog\/wp-content\/uploads\/2014\/03\/carte36.jpg\" width=\"600\" height=\"600\" srcset=\"https:\/\/preservons-la-nature.fr\/blog\/wp-content\/uploads\/2014\/03\/carte36.jpg 600w, https:\/\/preservons-la-nature.fr\/blog\/wp-content\/uploads\/2014\/03\/carte36-150x150.jpg 150w, https:\/\/preservons-la-nature.fr\/blog\/wp-content\/uploads\/2014\/03\/carte36-300x300.jpg 300w\" sizes=\"auto, (max-width: 600px) 100vw, 600px\" \/><\/a><p id=\"caption-attachment-3107\" class=\"wp-caption-text\">R\u00e9partition de Athyrium filix-femina (L.) Roth ( Foug\u00e8re femelle )<\/p><\/div>\n<p><strong><span style=\"text-decoration: underline;\">Phytosociologie :<\/span><i><\/i><\/strong><\/p>\n<table>\n<tbody>\n<tr>\n<td>Sous-alliance<\/td>\n<td>Alliance<\/td>\n<td>Sous-ordre<\/td>\n<td>Ordre<\/td>\n<td>Classe<\/td>\n<\/tr>\n<tr>\n<td><strong>Alnenion glutinoso-incanae<\/strong><\/td>\n<td><strong>Alnion incanae<\/strong><\/td>\n<td><strong>Alno glutinosae-Ulmenalia minoris<\/strong><\/td>\n<td><strong>Populetalia albae<\/strong><\/td>\n<td><strong>Querco roboris-Fagetea sylvaticae<\/strong><\/td>\n<\/tr>\n<tr>\n<td>Communaut\u00e9s des bords de ruisseaux et torrents, jusqu&rsquo;\u00e0 ceux des rivi\u00e8res \u00e0 eaux lentes.<\/td>\n<td><\/td>\n<td>Communaut\u00e9s de l&rsquo;Europe temp\u00e9r\u00e9e.<\/td>\n<td>Communaut\u00e9s riveraines non mar\u00e9cageuses.<\/td>\n<td>For\u00eats temp\u00e9r\u00e9es caducifoli\u00e9es ou mixtes, collin\u00e9ennes et montagnardes (plus rarement subalpines), ainsi que supram\u00e9diterran\u00e9ennes.<\/td>\n<\/tr>\n<\/tbody>\n<\/table>\n<table>\n<tbody>\n<tr>\n<td>Classe<\/td>\n<\/tr>\n<tr>\n<td><strong>Alnetea glutinosae<\/strong><\/td>\n<\/tr>\n<tr>\n<td>For\u00eats d&rsquo;aulnes, parfois de bouleaux ou de saules des d\u00e9pressions mar\u00e9cageuses, sur sol engorg\u00e9 une grande partie de l&rsquo;ann\u00e9e ; Europe temp\u00e9r\u00e9e, aux \u00e9tages planitiaire, collin\u00e9en et montagnard.<\/td>\n<\/tr>\n<\/tbody>\n<\/table>\n<table>\n<tbody>\n<tr>\n<td>Alliance<\/td>\n<td>Sous-ordre<\/td>\n<td>Ordre<\/td>\n<td>Classe<\/td>\n<\/tr>\n<tr>\n<td><strong>Alnion incanae<\/strong><\/td>\n<td><strong>Alno glutinosae-Ulmenalia minoris<\/strong><\/td>\n<td><strong>Populetalia albae<\/strong><\/td>\n<td><strong>Querco roboris-Fagetea sylvaticae<\/strong><\/td>\n<\/tr>\n<tr>\n<td><\/td>\n<td>Communaut\u00e9s de l&rsquo;Europe temp\u00e9r\u00e9e.<\/td>\n<td>Communaut\u00e9s riveraines non mar\u00e9cageuses.<\/td>\n<td>For\u00eats temp\u00e9r\u00e9es caducifoli\u00e9es ou mixtes, collin\u00e9ennes et montagnardes (plus rarement subalpines), ainsi que supram\u00e9diterran\u00e9ennes.<\/td>\n<\/tr>\n<\/tbody>\n<\/table>\n<table>\n<tbody>\n<tr>\n<td>Alliance<\/td>\n<td>Ordre<\/td>\n<td>Classe<\/td>\n<\/tr>\n<tr>\n<td><strong>Holco mollis-Pteridion aquilini<\/strong><\/td>\n<td><strong>Melampyro pratensis-Holcetalia mollis<\/strong><\/td>\n<td><strong>Melampyro pratensis-Holcetea mollis<\/strong><\/td>\n<\/tr>\n<tr>\n<td>Communaut\u00e9s de lisi\u00e8re, domin\u00e9es par Pteridium aquilinum.<\/td>\n<td><\/td>\n<td>Pelouses pr\u00e9foresti\u00e8res et ourlets, sur sols acides oligotrophes.<\/td>\n<\/tr>\n<\/tbody>\n<\/table>\n<table>\n<tbody>\n<tr>\n<td>Alliance<\/td>\n<td>Ordre<\/td>\n<td>Classe<\/td>\n<\/tr>\n<tr>\n<td><strong>Impatienti noli-tangere-Stachyion sylvaticae<\/strong><\/td>\n<td><strong>Impatienti noli-tangere-Stachyetalia sylvaticae<\/strong><\/td>\n<td><strong>Galio aparines-Urticetea dioicae<\/strong><\/td>\n<\/tr>\n<tr>\n<td><\/td>\n<td>Communaut\u00e9s de lisi\u00e8res et laies foresti\u00e8res, des sols frais \u00e0 humides.<\/td>\n<td>V\u00e9g\u00e9tation d&rsquo;ourlets nitrophiles des sols plus ou moins humides.<\/td>\n<\/tr>\n<\/tbody>\n<\/table>\n<table>\n<tbody>\n<tr>\n<td>Alliance<\/td>\n<td>Ordre<\/td>\n<td>Classe<\/td>\n<\/tr>\n<tr>\n<td><strong>Sphagno-Alnion glutinosae<\/strong><\/td>\n<td><strong>Alnetalia glutinosae<\/strong><\/td>\n<td><strong>Alnetea glutinosae<\/strong><\/td>\n<\/tr>\n<tr>\n<td>Communaut\u00e9s oligotrophes acidiphiles.<\/td>\n<td>Communaut\u00e9s domin\u00e9es par l&rsquo;aulne glutineux, parfois par le bouleau pubescent.<\/td>\n<td>For\u00eats d&rsquo;aulnes, parfois de bouleaux ou de saules des d\u00e9pressions mar\u00e9cageuses, sur sol engorg\u00e9 une grande partie de l&rsquo;ann\u00e9e ; Europe temp\u00e9r\u00e9e, aux \u00e9tages planitiaire, collin\u00e9en et montagnard.<\/td>\n<\/tr>\n<\/tbody>\n<\/table>\n<table>\n<tbody>\n<tr>\n<td>Alliance<\/td>\n<td>Ordre<\/td>\n<td>Classe<\/td>\n<\/tr>\n<tr>\n<td><strong>Thalictro flavi-Filipendulion ulmariae<\/strong><\/td>\n<td><strong>Filipenduletalia ulmariae<\/strong><\/td>\n<td><strong>Filipendulo ulmariae-Convolvuletea sepium<\/strong><\/td>\n<\/tr>\n<tr>\n<td>Communaut\u00e9s planitiaires.<\/td>\n<td>Communaut\u00e9s m\u00e9sotrophes des d\u00e9pressions sujettes \u00e0 inondation phr\u00e9atique, sur sol riche en mati\u00e8re organique.<\/td>\n<td>M\u00e9gaphorbiaies planitiaires \u00e0 montagnardes, m\u00e9so-eutrophes, des stations plus ou moins inondables \u00e0 humides.<\/td>\n<\/tr>\n<\/tbody>\n<\/table>\n<p><strong><span style=\"text-decoration: underline;\">Taxonomie :<\/span><\/strong><br \/>\n<i>Athyrium filix-femina (L.) Roth<\/i> a pour synonymes (Informations issues de la BDTFX Version 2.0, <a href=\"http:\/\/www.tela-botanica.org\" target=\"_blank\">Tela Botanica<\/a>) :<i><br \/>\n&#8211; Acrostichum thelypteris L. [1754]<br \/>\n&#8211; Aspidium cyclosorum Rupr.<br \/>\n&#8211; Aspidium filix-femina (L.) Sw.<br \/>\n&#8211; Aspidium filix-femina var. fissidens (D\u00f6ll) D\u00f6ll<br \/>\n&#8211; Aspidium irriguum Sm.<br \/>\n&#8211; Aspidium sitchense Rupr.<br \/>\n&#8211; Asplenium filix-femina (L.) Bernh.<br \/>\n&#8211; Asplenium filix-femina var. fissidens D\u00f6ll<br \/>\n&#8211; Athyrium acrostichoideum Bory ex M\u00e9rat<br \/>\n&#8211; Athyrium alpestre Clairv.<br \/>\n&#8211; Athyrium convexum (Bab.) Newman<br \/>\n&#8211; Athyrium filix-femina proles acrostichoideum (Bory ex M\u00e9rat) Rouy<br \/>\n&#8211; Athyrium filix-femina subsp. rhaeticum (L.) T.Moore<br \/>\n&#8211; Athyrium filix-femina var. bidentatum Briq.<br \/>\n&#8211; Athyrium filix-femina var. convexum Bab.<br \/>\n&#8211; Athyrium filix-femina var. dentatum Milde<br \/>\n&#8211; Athyrium filix-femina var. fissidens (Doll) Milde<br \/>\n&#8211; Athyrium filix-femina var. incisum Newman<br \/>\n&#8211; Athyrium filix-femina var. irriguum (Sm.) Balf., Bab. &amp; W.H.Campb.<br \/>\n&#8211; Athyrium filix-femina var. latipes T.Moore<br \/>\n&#8211; Athyrium filix-femina var. minor Payot<br \/>\n&#8211; Athyrium filix-femina var. molle (Schreb.) Briq.<br \/>\n&#8211; Athyrium filix-femina var. multidentatum Milde<br \/>\n&#8211; Athyrium fimbriatum Dulac<br \/>\n&#8211; Athyrium incisum (Hoffm.) Newman<br \/>\n&#8211; Athyrium irriguum (Sm.) Gray<br \/>\n&#8211; Athyrium laetum Gray<br \/>\n&#8211; Athyrium molle (Schreb.) Roth<br \/>\n&#8211; Athyrium ovatum Roth<br \/>\n&#8211; Athyrium rhaeticum (L.) Gremli<br \/>\n&#8211; Athyrium rhaeticum (L.) Roth<br \/>\n&#8211; Athyrium x cassum Chiov.<br \/>\n&#8211; Cyathea filix-femina (L.) Bertol.<br \/>\n&#8211; Lastrea filix-femina (L.) Colomb<br \/>\n&#8211; Phegopteris plumosa J.Sm.<br \/>\n&#8211; Polypodium axillare Aiton<br \/>\n&#8211; Polypodium filix-femina L.<br \/>\n&#8211; Polypodium filix-femina var. nanum Gren.<br \/>\n&#8211; Polypodium incisum Hoffm.<br \/>\n&#8211; Polypodium laetum Salisb.<br \/>\n&#8211; Polypodium molle Schreb.<br \/>\n&#8211; Polypodium rhaeticum L.<br \/>\n&#8211; Polypodium umbrosum Aiton<br \/>\n<\/i><\/p>\n","protected":false},"excerpt":{"rendered":"<p>Une fiche plus r&eacute;cente existe, vous pouvez la consulter ICI Nom : Athyrium filix-femina (L.) Roth ( Foug\u00e8re femelle ) Autre(s) nom(s) : Polypode femelle. Famille : WOODSIACEAE Description dans la flore de Coste : Plante vivace de 40 cm &hellip; <a href=\"https:\/\/preservons-la-nature.fr\/blog\/?p=3105\">Continuer la lecture <span class=\"meta-nav\">&rarr;<\/span><\/a><\/p>\n","protected":false},"author":1,"featured_media":0,"comment_status":"open","ping_status":"open","sticky":false,"template":"","format":"standard","meta":{"footnotes":""},"categories":[102],"tags":[117],"class_list":["post-3105","post","type-post","status-publish","format-standard","hentry","category-fiche-partielle-de-plantes","tag-woodsiaceae"],"_links":{"self":[{"href":"https:\/\/preservons-la-nature.fr\/blog\/index.php?rest_route=\/wp\/v2\/posts\/3105","targetHints":{"allow":["GET"]}}],"collection":[{"href":"https:\/\/preservons-la-nature.fr\/blog\/index.php?rest_route=\/wp\/v2\/posts"}],"about":[{"href":"https:\/\/preservons-la-nature.fr\/blog\/index.php?rest_route=\/wp\/v2\/types\/post"}],"author":[{"embeddable":true,"href":"https:\/\/preservons-la-nature.fr\/blog\/index.php?rest_route=\/wp\/v2\/users\/1"}],"replies":[{"embeddable":true,"href":"https:\/\/preservons-la-nature.fr\/blog\/index.php?rest_route=%2Fwp%2Fv2%2Fcomments&post=3105"}],"version-history":[{"count":2,"href":"https:\/\/preservons-la-nature.fr\/blog\/index.php?rest_route=\/wp\/v2\/posts\/3105\/revisions"}],"predecessor-version":[{"id":3109,"href":"https:\/\/preservons-la-nature.fr\/blog\/index.php?rest_route=\/wp\/v2\/posts\/3105\/revisions\/3109"}],"wp:attachment":[{"href":"https:\/\/preservons-la-nature.fr\/blog\/index.php?rest_route=%2Fwp%2Fv2%2Fmedia&parent=3105"}],"wp:term":[{"taxonomy":"category","embeddable":true,"href":"https:\/\/preservons-la-nature.fr\/blog\/index.php?rest_route=%2Fwp%2Fv2%2Fcategories&post=3105"},{"taxonomy":"post_tag","embeddable":true,"href":"https:\/\/preservons-la-nature.fr\/blog\/index.php?rest_route=%2Fwp%2Fv2%2Ftags&post=3105"}],"curies":[{"name":"wp","href":"https:\/\/api.w.org\/{rel}","templated":true}]}}