{"id":310,"date":"2011-04-18T05:44:25","date_gmt":"2011-04-18T05:44:25","guid":{"rendered":"https:\/\/www.preservons-la-nature.fr\/blog\/?p=310"},"modified":"2013-06-21T09:54:10","modified_gmt":"2013-06-21T09:54:10","slug":"la-cardamine-des-pres-cardamine-pratensis","status":"publish","type":"post","link":"https:\/\/preservons-la-nature.fr\/blog\/?p=310","title":{"rendered":"Cardamine pratensis (La cardamine des pr\u00e9s)"},"content":{"rendered":"<p style=\"text-align: left;\"><strong>La cardamine des pr\u00e9s ou encore cresson des pr\u00e9s (<em>Cardamine pratensis<\/em>)<\/strong> fait partie de <strong>la famille des Brassicac\u00e9es<\/strong>. Sa p\u00e9riode de floraison s&rsquo;\u00e9tale d&rsquo;avril \u00e0 juin.<br \/>\nCette esp\u00e8ce est bien repr\u00e9sent\u00e9e sur une grande partie du territoire fran\u00e7ais. On la retrouve dans les zones bois\u00e9es autour des cours d&rsquo;eau mais aussi dans les prairies. Elle aime les zones humides.<br \/>\nLa plante mesure de 20 \u00e0 40 cm de hauteur. Les feuilles \u00e0 la base sont en rosette. Les feuilles sur la tige sont lanc\u00e9ol\u00e9es \u00e0 lin\u00e9aires. Sa fleur est constitu\u00e9e de 4 p\u00e9tales roses parfois blanches. On peut distinguer 4 s\u00e9pales. Les fleurs se retrouvent group\u00e9es en petites grappes.<br \/>\nLes feuilles peuvent se manger en salade. Son go\u00fbt se rapproche de celui du cresson.<\/p>\n<div id=\"attachment_311\" style=\"width: 337px\" class=\"wp-caption aligncenter\"><a href=\"https:\/\/www.preservons-la-nature.fr\/blog\/wp-content\/uploads\/2011\/04\/DSC07418.jpg\"><img loading=\"lazy\" decoding=\"async\" aria-describedby=\"caption-attachment-311\" class=\"size-full wp-image-311 \" title=\"La cardamine des pr\u00e9s (Cardamine pratensis)\" alt=\"La cardamine des pr\u00e9s (Cardamine pratensis)\" src=\"https:\/\/www.preservons-la-nature.fr\/blog\/wp-content\/uploads\/2011\/04\/DSC07418.jpg\" width=\"327\" height=\"490\" srcset=\"https:\/\/preservons-la-nature.fr\/blog\/wp-content\/uploads\/2011\/04\/DSC07418.jpg 467w, https:\/\/preservons-la-nature.fr\/blog\/wp-content\/uploads\/2011\/04\/DSC07418-200x300.jpg 200w\" sizes=\"auto, (max-width: 327px) 100vw, 327px\" \/><\/a><p id=\"caption-attachment-311\" class=\"wp-caption-text\">La cardamine des pr\u00e9s (Cardamine pratensis)<\/p><\/div>\n","protected":false},"excerpt":{"rendered":"<p>La cardamine des pr\u00e9s ou encore cresson des pr\u00e9s (Cardamine pratensis) fait partie de la famille des Brassicac\u00e9es. Sa p\u00e9riode de floraison s&rsquo;\u00e9tale d&rsquo;avril \u00e0 juin. Cette esp\u00e8ce est bien repr\u00e9sent\u00e9e sur une grande partie du territoire fran\u00e7ais. On la &hellip; <a href=\"https:\/\/preservons-la-nature.fr\/blog\/?p=310\">Continuer la lecture <span class=\"meta-nav\">&rarr;<\/span><\/a><\/p>\n","protected":false},"author":1,"featured_media":0,"comment_status":"open","ping_status":"open","sticky":false,"template":"","format":"standard","meta":{"footnotes":""},"categories":[3],"tags":[26],"class_list":["post-310","post","type-post","status-publish","format-standard","hentry","category-laloire","tag-brassicacees"],"_links":{"self":[{"href":"https:\/\/preservons-la-nature.fr\/blog\/index.php?rest_route=\/wp\/v2\/posts\/310","targetHints":{"allow":["GET"]}}],"collection":[{"href":"https:\/\/preservons-la-nature.fr\/blog\/index.php?rest_route=\/wp\/v2\/posts"}],"about":[{"href":"https:\/\/preservons-la-nature.fr\/blog\/index.php?rest_route=\/wp\/v2\/types\/post"}],"author":[{"embeddable":true,"href":"https:\/\/preservons-la-nature.fr\/blog\/index.php?rest_route=\/wp\/v2\/users\/1"}],"replies":[{"embeddable":true,"href":"https:\/\/preservons-la-nature.fr\/blog\/index.php?rest_route=%2Fwp%2Fv2%2Fcomments&post=310"}],"version-history":[{"count":8,"href":"https:\/\/preservons-la-nature.fr\/blog\/index.php?rest_route=\/wp\/v2\/posts\/310\/revisions"}],"predecessor-version":[{"id":314,"href":"https:\/\/preservons-la-nature.fr\/blog\/index.php?rest_route=\/wp\/v2\/posts\/310\/revisions\/314"}],"wp:attachment":[{"href":"https:\/\/preservons-la-nature.fr\/blog\/index.php?rest_route=%2Fwp%2Fv2%2Fmedia&parent=310"}],"wp:term":[{"taxonomy":"category","embeddable":true,"href":"https:\/\/preservons-la-nature.fr\/blog\/index.php?rest_route=%2Fwp%2Fv2%2Fcategories&post=310"},{"taxonomy":"post_tag","embeddable":true,"href":"https:\/\/preservons-la-nature.fr\/blog\/index.php?rest_route=%2Fwp%2Fv2%2Ftags&post=310"}],"curies":[{"name":"wp","href":"https:\/\/api.w.org\/{rel}","templated":true}]}}