{"id":3099,"date":"2014-04-16T00:54:07","date_gmt":"2014-04-15T23:54:07","guid":{"rendered":"https:\/\/www.preservons-la-nature.fr\/blog\/?p=3099"},"modified":"2014-03-13T13:07:15","modified_gmt":"2014-03-13T12:07:15","slug":"asphodelus-albus-mill-asphodele-blanc","status":"publish","type":"post","link":"https:\/\/preservons-la-nature.fr\/blog\/?p=3099","title":{"rendered":"Asphodelus albus Mill. ( Asphod\u00e8le blanc )"},"content":{"rendered":"<p><STRONG>Une fiche plus r&eacute;cente existe, vous pouvez la consulter <a href=\"https:\/\/www.preservons-la-nature.fr\/flore\/taxon\/109.html\">ICI<\/a><\/STRONG><div id=\"attachment_3100\" style=\"width: 370px\" class=\"wp-caption aligncenter\"><a href=\"https:\/\/www.preservons-la-nature.fr\/blog\/wp-content\/uploads\/2014\/03\/DSC5545.jpg\"><img loading=\"lazy\" decoding=\"async\" aria-describedby=\"caption-attachment-3100\" class=\" wp-image-3100 \" title=\"Asphodelus albus Mill. ( Asphod\u00e8le blanc )\" alt=\"Asphodelus albus Mill. ( Asphod\u00e8le blanc )\" src=\"https:\/\/www.preservons-la-nature.fr\/blog\/wp-content\/uploads\/2014\/03\/DSC5545.jpg\" width=\"360\" height=\"540\" srcset=\"https:\/\/preservons-la-nature.fr\/blog\/wp-content\/uploads\/2014\/03\/DSC5545.jpg 400w, https:\/\/preservons-la-nature.fr\/blog\/wp-content\/uploads\/2014\/03\/DSC5545-200x300.jpg 200w\" sizes=\"auto, (max-width: 360px) 100vw, 360px\" \/><\/a><p id=\"caption-attachment-3100\" class=\"wp-caption-text\">Asphodelus albus Mill. ( Asphod\u00e8le blanc )<\/p><\/div><\/p>\n<p><strong><span style=\"text-decoration: underline;\">Nom :<\/span><\/strong> <i>Asphodelus albus Mill.<\/i> ( Asphod\u00e8le blanc )<\/p>\n<p><strong><span style=\"text-decoration: underline;\">Autre(s) nom(s) :<\/span><\/strong><br \/>\nB\u00e2ton-royal.<\/p>\n<p><strong><span style=\"text-decoration: underline;\">Famille :<\/span><\/strong> XANTHORRHOEACEAE<\/p>\n<p><strong><span style=\"text-decoration: underline;\">Floraison :<\/span><\/strong> Avril &#8211; Juin<\/p>\n<p><strong><span style=\"text-decoration: underline;\">Description dans la flore de Coste :<\/span><\/strong><br \/>\nPlante vivace d&rsquo;environ 1 m., glabre, \u00e0 racine fascicul\u00e9e-tuberculeuse ; tige pleine, simple ou peu rameuse ; feuilles largement triqu\u00e8tres en goutti\u00e8re, raides, vertes, noir\u00e2tres \u00e0 la pointe, ins\u00e9r\u00e9es en spirale ; fleurs blanches ou lav\u00e9es de rose, m\u00e9diocres, en grappe serr\u00e9e ou un peu l\u00e2che ; bract\u00e9es brunes ; p\u00e9rianthe long de 15-18 mm, \u00e0 car\u00e8nes vertes ; filets lanc\u00e9ol\u00e9s \u00e0 la base ; fruit m\u00e9diocre (8-11 mm), globuleux ou ovale, vert sombre terne ; capsule \u00e0 valves brun noir\u00e2tre, minces, \u00e0 bords r\u00e9fl\u00e9chis en dehors, \u00e0 4-6 nervures transversales.<\/p>\n<p><strong><span style=\"text-decoration: underline;\">Pr\u00e9sent dans le(s) d\u00e9partement(s) suivant(s) :<\/span><\/strong><br \/>\nAin, Allier, Alpes-de-Haute-Provence, Alpes-Maritimes, Cantal, Charente, Charente-Maritime, Cher, Corr\u00e8ze, C\u00f4tes-d&rsquo;Armor, Creuse, Deux-S\u00e8vres, Dordogne, Finist\u00e8re, Gers, Gironde, Hautes-Alpes, Hautes-Pyr\u00e9n\u00e9es, Haute-Vienne, Ille-et-Vilaine, Indre, Indre-et-Loire, Is\u00e8re, Landes, Loire-Atlantique, Loiret, Loir-et-Cher, Lot, Lot-et-Garonne, Maine-et-Loire, Morbihan, Pyr\u00e9n\u00e9es-Atlantiques, Sa\u00f4ne-et-Loire, Sarthe, Tarn-et-Garonne, Vend\u00e9e, Vienne.<\/p>\n<div id=\"attachment_3102\" style=\"width: 610px\" class=\"wp-caption aligncenter\"><a href=\"https:\/\/www.preservons-la-nature.fr\/blog\/?attachment_id=3102\" rel=\"attachment wp-att-3102\"><img loading=\"lazy\" decoding=\"async\" aria-describedby=\"caption-attachment-3102\" class=\"size-full wp-image-3102\" alt=\"R\u00e9partition de Asphodelus albus Mill. ( Asphod\u00e8le blanc )\" src=\"https:\/\/www.preservons-la-nature.fr\/blog\/wp-content\/uploads\/2014\/03\/carte35.jpg\" width=\"600\" height=\"600\" srcset=\"https:\/\/preservons-la-nature.fr\/blog\/wp-content\/uploads\/2014\/03\/carte35.jpg 600w, https:\/\/preservons-la-nature.fr\/blog\/wp-content\/uploads\/2014\/03\/carte35-150x150.jpg 150w, https:\/\/preservons-la-nature.fr\/blog\/wp-content\/uploads\/2014\/03\/carte35-300x300.jpg 300w\" sizes=\"auto, (max-width: 600px) 100vw, 600px\" \/><\/a><p id=\"caption-attachment-3102\" class=\"wp-caption-text\">R\u00e9partition de Asphodelus albus Mill. ( Asphod\u00e8le blanc )<\/p><\/div>\n<div id=\"attachment_3101\" style=\"width: 370px\" class=\"wp-caption aligncenter\"><a href=\"https:\/\/www.preservons-la-nature.fr\/blog\/wp-content\/uploads\/2014\/03\/DSC5549.jpg\"><img loading=\"lazy\" decoding=\"async\" aria-describedby=\"caption-attachment-3101\" class=\" wp-image-3101\" title=\"Asphodelus albus Mill. ( Asphod\u00e8le blanc )\" alt=\"Asphodelus albus Mill. ( Asphod\u00e8le blanc )\" src=\"https:\/\/www.preservons-la-nature.fr\/blog\/wp-content\/uploads\/2014\/03\/DSC5549.jpg\" width=\"360\" height=\"540\" srcset=\"https:\/\/preservons-la-nature.fr\/blog\/wp-content\/uploads\/2014\/03\/DSC5549.jpg 400w, https:\/\/preservons-la-nature.fr\/blog\/wp-content\/uploads\/2014\/03\/DSC5549-200x300.jpg 200w\" sizes=\"auto, (max-width: 360px) 100vw, 360px\" \/><\/a><p id=\"caption-attachment-3101\" class=\"wp-caption-text\">Asphodelus albus Mill. ( Asphod\u00e8le blanc )<\/p><\/div>\n<p><strong><span style=\"text-decoration: underline;\">Phytosociologie :<\/span><i><\/i><\/strong><\/p>\n<table>\n<tbody>\n<tr>\n<td>Alliance<\/td>\n<td>Ordre<\/td>\n<td>Classe<\/td>\n<\/tr>\n<tr>\n<td><strong>Conopodio majoris-Teucrion scorodoniae<\/strong><\/td>\n<td><strong>Melampyro pratensis-Holcetalia mollis<\/strong><\/td>\n<td><strong>Melampyro pratensis-Holcetea mollis<\/strong><\/td>\n<\/tr>\n<tr>\n<td>Communaut\u00e9s atlantiques et subatlantiques avec irradiations m\u00e9ridionales, du collin\u00e9en et de la base du montagnard.<\/td>\n<td><\/td>\n<td>Pelouses pr\u00e9foresti\u00e8res et ourlets, sur sols acides oligotrophes.<\/td>\n<\/tr>\n<\/tbody>\n<\/table>\n<table>\n<tbody>\n<tr>\n<td>Alliance<\/td>\n<td>Ordre<\/td>\n<td>Classe<\/td>\n<\/tr>\n<tr>\n<td><strong>Quercion robori-pyrenaicae<\/strong><\/td>\n<td><strong>Quercetalia roboris<\/strong><\/td>\n<td><strong>Querco roboris-Fagetea sylvaticae<\/strong><\/td>\n<\/tr>\n<tr>\n<td>Communaut\u00e9s ib\u00e9riques, ib\u00e9ro-atlantiques, aquitaniennes et lig\u00e9riennes.<\/td>\n<td>Communaut\u00e9s acidiphiles collin\u00e9ennes atlantiques et continentales (y compris supram\u00e9diterran\u00e9ennes).<\/td>\n<td>For\u00eats temp\u00e9r\u00e9es caducifoli\u00e9es ou mixtes, collin\u00e9ennes et montagnardes (plus rarement subalpines), ainsi que supram\u00e9diterran\u00e9ennes.<\/td>\n<\/tr>\n<\/tbody>\n<\/table>\n<table>\n<tbody>\n<tr>\n<td>Ordre<\/td>\n<td>Classe<\/td>\n<\/tr>\n<tr>\n<td><strong>Sedo albi-Scleranthetalia biennis<\/strong><\/td>\n<td><strong>Sedo albi-Scleranthetea biennis<\/strong><\/td>\n<\/tr>\n<tr>\n<td>Communaut\u00e9s silicicoles.<\/td>\n<td>V\u00e9g\u00e9tation pionni\u00e8re \u00e0 dominance de vivaces (souvent crassulescentes) de dalles rocheuses plus ou moins horizontales, atlantique \u00e0 m\u00e9dioeurop\u00e9enne, souvent montagnarde.<\/td>\n<\/tr>\n<\/tbody>\n<\/table>\n<table>\n<tbody>\n<tr>\n<td>Alliance<\/td>\n<td>Ordre<\/td>\n<td>Classe<\/td>\n<\/tr>\n<tr>\n<td><strong>Ulicion minoris<\/strong><\/td>\n<td><strong>Ulicetalia minoris<\/strong><\/td>\n<td><strong>Calluno vulgaris-Ulicetea minoris<\/strong><\/td>\n<\/tr>\n<tr>\n<td>Communaut\u00e9s atlantiques non maritimes, g\u00e9n\u00e9ralement secondaires.<\/td>\n<td>Landes cantabro- et m\u00e9diterran\u00e9o-atlantiques.<\/td>\n<td>V\u00e9g\u00e9tation de lande, \u00e0 dominance de cham\u00e9phytes et nanophan\u00e9rophytes, appartenant principalement aux Ericac\u00e9es et Fabac\u00e9es.<\/td>\n<\/tr>\n<\/tbody>\n<\/table>\n<p><span style=\"text-decoration: underline;\">Sous-esp\u00e8ces ou vari\u00e9t\u00e9s :<\/span><br \/>\n<i>&#8211; Asphodelus albus Mill. subsp. albus<br \/>\n&#8211; Asphodelus albus subsp. delphinensis (Gren. &amp; Godr.) Z.Diaz &amp; Vald\u00e9s<br \/>\n&#8211; Asphodelus albus subsp. occidentalis (Jord.) Z.Diaz &amp; Vald\u00e9s<br \/>\n<\/i><\/p>\n","protected":false},"excerpt":{"rendered":"<p>Une fiche plus r&eacute;cente existe, vous pouvez la consulter ICI Nom : Asphodelus albus Mill. ( Asphod\u00e8le blanc ) Autre(s) nom(s) : B\u00e2ton-royal. Famille : XANTHORRHOEACEAE Floraison : Avril &#8211; Juin Description dans la flore de Coste : Plante vivace &hellip; <a href=\"https:\/\/preservons-la-nature.fr\/blog\/?p=3099\">Continuer la lecture <span class=\"meta-nav\">&rarr;<\/span><\/a><\/p>\n","protected":false},"author":1,"featured_media":0,"comment_status":"open","ping_status":"open","sticky":false,"template":"","format":"standard","meta":{"footnotes":""},"categories":[102],"tags":[116],"class_list":["post-3099","post","type-post","status-publish","format-standard","hentry","category-fiche-partielle-de-plantes","tag-xanthorrhoeaceae"],"_links":{"self":[{"href":"https:\/\/preservons-la-nature.fr\/blog\/index.php?rest_route=\/wp\/v2\/posts\/3099","targetHints":{"allow":["GET"]}}],"collection":[{"href":"https:\/\/preservons-la-nature.fr\/blog\/index.php?rest_route=\/wp\/v2\/posts"}],"about":[{"href":"https:\/\/preservons-la-nature.fr\/blog\/index.php?rest_route=\/wp\/v2\/types\/post"}],"author":[{"embeddable":true,"href":"https:\/\/preservons-la-nature.fr\/blog\/index.php?rest_route=\/wp\/v2\/users\/1"}],"replies":[{"embeddable":true,"href":"https:\/\/preservons-la-nature.fr\/blog\/index.php?rest_route=%2Fwp%2Fv2%2Fcomments&post=3099"}],"version-history":[{"count":2,"href":"https:\/\/preservons-la-nature.fr\/blog\/index.php?rest_route=\/wp\/v2\/posts\/3099\/revisions"}],"predecessor-version":[{"id":3104,"href":"https:\/\/preservons-la-nature.fr\/blog\/index.php?rest_route=\/wp\/v2\/posts\/3099\/revisions\/3104"}],"wp:attachment":[{"href":"https:\/\/preservons-la-nature.fr\/blog\/index.php?rest_route=%2Fwp%2Fv2%2Fmedia&parent=3099"}],"wp:term":[{"taxonomy":"category","embeddable":true,"href":"https:\/\/preservons-la-nature.fr\/blog\/index.php?rest_route=%2Fwp%2Fv2%2Fcategories&post=3099"},{"taxonomy":"post_tag","embeddable":true,"href":"https:\/\/preservons-la-nature.fr\/blog\/index.php?rest_route=%2Fwp%2Fv2%2Ftags&post=3099"}],"curies":[{"name":"wp","href":"https:\/\/api.w.org\/{rel}","templated":true}]}}