{"id":3064,"date":"2014-04-11T00:11:17","date_gmt":"2014-04-10T23:11:17","guid":{"rendered":"https:\/\/www.preservons-la-nature.fr\/blog\/?p=3064"},"modified":"2014-03-12T13:16:17","modified_gmt":"2014-03-12T12:16:17","slug":"jasione-montana-l-jasione-des-montagnes","status":"publish","type":"post","link":"https:\/\/preservons-la-nature.fr\/blog\/?p=3064","title":{"rendered":"Jasione montana L. ( Jasione des montagnes )"},"content":{"rendered":"<p><STRONG>Une fiche plus r&eacute;cente existe, vous pouvez la consulter <a href=\"https:\/\/www.preservons-la-nature.fr\/flore\/taxon\/596.html\">ICI<\/a><\/STRONG><div id=\"attachment_3065\" style=\"width: 370px\" class=\"wp-caption aligncenter\"><a href=\"https:\/\/www.preservons-la-nature.fr\/blog\/wp-content\/uploads\/2014\/03\/DSC0958.jpg\"><img loading=\"lazy\" decoding=\"async\" aria-describedby=\"caption-attachment-3065\" class=\" wp-image-3065 \" title=\"Jasione montana L. ( Jasione des montagnes )\" alt=\"Jasione montana L. ( Jasione des montagnes )\" src=\"https:\/\/www.preservons-la-nature.fr\/blog\/wp-content\/uploads\/2014\/03\/DSC0958.jpg\" width=\"360\" height=\"540\" srcset=\"https:\/\/preservons-la-nature.fr\/blog\/wp-content\/uploads\/2014\/03\/DSC0958.jpg 400w, https:\/\/preservons-la-nature.fr\/blog\/wp-content\/uploads\/2014\/03\/DSC0958-200x300.jpg 200w\" sizes=\"auto, (max-width: 360px) 100vw, 360px\" \/><\/a><p id=\"caption-attachment-3065\" class=\"wp-caption-text\">Jasione montana L. ( Jasione des montagnes )<\/p><\/div><\/p>\n<p><strong><span style=\"text-decoration: underline;\">Nom :<\/span><\/strong> <i>Jasione montana L.<\/i> ( Jasione des montagnes )<\/p>\n<p><strong><span style=\"text-decoration: underline;\">Autre(s) nom(s) :<\/span><\/strong><br \/>\nJasione ondul\u00e9e.<\/p>\n<p><strong><span style=\"text-decoration: underline;\">Famille :<\/span><\/strong> CAMPANULACEAE<\/p>\n<p><strong><span style=\"text-decoration: underline;\">Floraison :<\/span><\/strong> Juin &#8211; Septembre<\/p>\n<p><strong><span style=\"text-decoration: underline;\">Protection :<\/span><\/strong><br \/>\n&#8211; Liste des esp\u00e8ces v\u00e9g\u00e9tales prot\u00e9g\u00e9es en r\u00e9gion Nord-Pas-de-Calais Article 1 (1991)<\/p>\n<p><strong><span style=\"text-decoration: underline;\">Description dans la flore de Coste :<\/span><\/strong><br \/>\nPlante annuelle ou bisannuelle de 10-50 cm, \u00e0 racine longue, pivotante, d\u00e9pourvue de stolons ; tiges simples ou rameuses, diffuses, nues dans la moiti\u00e9 sup\u00e9rieure, feuill\u00e9es et hispides dans le bas ; feuilles hispides, ondul\u00e9es, enti\u00e8res ou cr\u00e9nel\u00e9es, lin\u00e9aires-lanc\u00e9ol\u00e9es, \u00e9paissies aux bords, ainsi que les folioles de l&rsquo;involucre ; celles-ci ovales-lanc\u00e9ol\u00e9es, enti\u00e8res ou dent\u00e9es, glabres ou un peu cili\u00e9es ; fleurs bleues, p\u00e9dicell\u00e9es, en t\u00eates larges de 12-20 mm ; calice glabre, \u00e0 lobes lin\u00e9aires 1 \u00e0 2 fois plus longs que le tube.<\/p>\n<p><strong><span style=\"text-decoration: underline;\">Pr\u00e9sent dans le(s) d\u00e9partement(s) suivant(s) :<\/span><\/strong><br \/>\nAin, Aisne, Allier, Alpes-de-Haute-Provence, Alpes-Maritimes, Ardennes, Aube, Aveyron, Bas-Rhin, Bouches-du-Rh\u00f4ne, Cantal, Charente, Charente-Maritime, Cher, Corr\u00e8ze, Corse-du-Sud, C\u00f4te-d&rsquo;Or, Creuse, Deux-S\u00e8vres, Dordogne, Essonne, Eure, Eure-et-Loir, Gironde, Haute-Corse, Haute-Loire, Hautes-Alpes, Haute-Sa\u00f4ne, Haute-Savoie, Hautes-Pyr\u00e9n\u00e9es, Haute-Vienne, Indre, Indre-et-Loire, Is\u00e8re, Jura, Loiret, Loir-et-Cher, Lot, Lot-et-Garonne, Loz\u00e8re, Marne, Meurthe-et-Moselle, Moselle, Ni\u00e8vre, Nord, Oise, Pas-de-Calais, Puy-de-D\u00f4me, Sa\u00f4ne-et-Loire, Sarthe, Seine-et-Marne, Seine-Maritime, Somme, Tarn-et-Garonne, Territoire-de-Belfort, Val-d&rsquo;Oise, Var, Vaucluse, Vienne, Vosges, Yonne, Yvelines.<\/p>\n<div id=\"attachment_3067\" style=\"width: 610px\" class=\"wp-caption aligncenter\"><a href=\"https:\/\/www.preservons-la-nature.fr\/blog\/?attachment_id=3067\" rel=\"attachment wp-att-3067\"><img loading=\"lazy\" decoding=\"async\" aria-describedby=\"caption-attachment-3067\" class=\"size-full wp-image-3067\" alt=\"R\u00e9partition de Jasione montana L. ( Jasione des montagnes )\" src=\"https:\/\/www.preservons-la-nature.fr\/blog\/wp-content\/uploads\/2014\/03\/carte31.jpg\" width=\"600\" height=\"600\" srcset=\"https:\/\/preservons-la-nature.fr\/blog\/wp-content\/uploads\/2014\/03\/carte31.jpg 600w, https:\/\/preservons-la-nature.fr\/blog\/wp-content\/uploads\/2014\/03\/carte31-150x150.jpg 150w, https:\/\/preservons-la-nature.fr\/blog\/wp-content\/uploads\/2014\/03\/carte31-300x300.jpg 300w\" sizes=\"auto, (max-width: 600px) 100vw, 600px\" \/><\/a><p id=\"caption-attachment-3067\" class=\"wp-caption-text\">R\u00e9partition de Jasione montana L. ( Jasione des montagnes )<\/p><\/div>\n<div id=\"attachment_3066\" style=\"width: 370px\" class=\"wp-caption aligncenter\"><a href=\"https:\/\/www.preservons-la-nature.fr\/blog\/wp-content\/uploads\/2014\/03\/DSC0966.jpg\"><img loading=\"lazy\" decoding=\"async\" aria-describedby=\"caption-attachment-3066\" class=\" wp-image-3066\" title=\"Jasione montana L. ( Jasione des montagnes )\" alt=\"Jasione montana L. ( Jasione des montagnes )\" src=\"https:\/\/www.preservons-la-nature.fr\/blog\/wp-content\/uploads\/2014\/03\/DSC0966.jpg\" width=\"360\" height=\"540\" srcset=\"https:\/\/preservons-la-nature.fr\/blog\/wp-content\/uploads\/2014\/03\/DSC0966.jpg 400w, https:\/\/preservons-la-nature.fr\/blog\/wp-content\/uploads\/2014\/03\/DSC0966-200x300.jpg 200w\" sizes=\"auto, (max-width: 360px) 100vw, 360px\" \/><\/a><p id=\"caption-attachment-3066\" class=\"wp-caption-text\">Jasione montana L. ( Jasione des montagnes )<\/p><\/div>\n<p><strong><span style=\"text-decoration: underline;\">Phytosociologie :<\/span><i><\/i><\/strong><\/p>\n<table>\n<tbody>\n<tr>\n<td>Alliance<\/td>\n<td>Ordre<\/td>\n<td>Classe<\/td>\n<\/tr>\n<tr>\n<td><strong>Agrostion curtisii<\/strong><\/td>\n<td><strong>Nardetalia strictae<\/strong><\/td>\n<td><strong>Nardetea strictae<\/strong><\/td>\n<\/tr>\n<tr>\n<td>Communaut\u00e9s thermo- \u00e0 eu-atlantiques.<\/td>\n<td><\/td>\n<td>Pelouses oligotrophes, acidiphiles, planitiaires \u00e0 montagnardes, essentiellement atlantiques \u00e0 subatlantiques.<\/td>\n<\/tr>\n<\/tbody>\n<\/table>\n<table>\n<tbody>\n<tr>\n<td>Alliance<\/td>\n<td>Ordre<\/td>\n<td>Classe<\/td>\n<\/tr>\n<tr>\n<td><strong>Euphorbio portandlicae-Helichrysion staechadis<\/strong><\/td>\n<td><strong>Artemisio lloydii-Koelerietalia albescentis<\/strong><\/td>\n<td><strong>Koelerio glaucae-Corynephoretea canescentis<\/strong><\/td>\n<\/tr>\n<tr>\n<td>Communaut\u00e9s cantabro-atlantiques \u00e0 m\u00e9so-m\u00e9diterran\u00e9ennes occidentales, parsem\u00e9es de cham\u00e9phytes et souvent riches en Bryophytes.<\/td>\n<td>Communaut\u00e9s des arri\u00e8re-dunes atlantiques fix\u00e9es, sur sables plus ou moins calcaires et sans saupoudrage important d&rsquo;ar\u00e8nes.<\/td>\n<td>Pelouses pionni\u00e8res, \u00e0 dominance d\u2019h\u00e9micryptophytes (plus ou moins riches en annuelles), atlantiques \u00e0 m\u00e9dioeurop\u00e9ennes, sur sables plus ou moins stabilis\u00e9s.<\/td>\n<\/tr>\n<\/tbody>\n<\/table>\n<table>\n<tbody>\n<tr>\n<td>Alliance<\/td>\n<td>Ordre<\/td>\n<td>Classe<\/td>\n<\/tr>\n<tr>\n<td><strong>Galeopsion segetum<\/strong><\/td>\n<td><strong>Galeopsietalia segetum<\/strong><\/td>\n<td><strong>Thlaspietea rotundifolii<\/strong><\/td>\n<\/tr>\n<tr>\n<td>Communaut\u00e9s d&rsquo;une grande partie de la France (Pyr\u00e9n\u00e9es except\u00e9es).<\/td>\n<td>Communaut\u00e9s collin\u00e9ennes et montagnardes des \u00e9boulis siliceux secs.<\/td>\n<td>V\u00e9g\u00e9tations des \u00e9boulis plus ou moins mobiles.<\/td>\n<\/tr>\n<\/tbody>\n<\/table>\n<table>\n<tbody>\n<tr>\n<td>Alliance<\/td>\n<td>Ordre<\/td>\n<td>Classe<\/td>\n<\/tr>\n<tr>\n<td><strong>Koelerio macranthae-Phleion phleoidis<\/strong><\/td>\n<td><strong>Brometalia erecti<\/strong><\/td>\n<td><strong>Festuco valesiacae-Brometea erecti<\/strong><\/td>\n<\/tr>\n<tr>\n<td>Communaut\u00e9s subatlantiques, plus ou moins x\u00e9rophiles, acidiclines \u00e0 acidiphiles, surtout montagnardes.<\/td>\n<td>Communaut\u00e9s atlantiques \u00e0 subatlantiques.<\/td>\n<td>Pelouses \u00e0 dominance d\u2019h\u00e9micryptophytes, parfois landines et garrigues sous climat subm\u00e9diterran\u00e9en, x\u00e9rophiles \u00e0 m\u00e9sox\u00e9rophiles, collin\u00e9ennes \u00e0 montagnardes, europ\u00e9ennes et ouest-sib\u00e9riennes, surtout sur substrats carbonat\u00e9s ou basiques.<\/td>\n<\/tr>\n<\/tbody>\n<\/table>\n<table>\n<tbody>\n<tr>\n<td>Alliance<\/td>\n<td>Ordre<\/td>\n<td>Classe<\/td>\n<\/tr>\n<tr>\n<td><strong>Sedion anglici<\/strong><\/td>\n<td><strong>Sedo albi-Scleranthetalia biennis<\/strong><\/td>\n<td><strong>Sedo albi-Scleranthetea biennis<\/strong><\/td>\n<\/tr>\n<tr>\n<td>Communaut\u00e9s atlantiques (surtout Massif armoricain).<\/td>\n<td>Communaut\u00e9s silicicoles.<\/td>\n<td>V\u00e9g\u00e9tation pionni\u00e8re \u00e0 dominance de vivaces (souvent crassulescentes) de dalles rocheuses plus ou moins horizontales, atlantique \u00e0 m\u00e9dioeurop\u00e9enne, souvent montagnarde.<\/td>\n<\/tr>\n<\/tbody>\n<\/table>\n<table>\n<tbody>\n<tr>\n<td>Ordre<\/td>\n<td>Classe<\/td>\n<\/tr>\n<tr>\n<td><strong>Sedo albi-Scleranthetalia biennis<\/strong><\/td>\n<td><strong>Sedo albi-Scleranthetea biennis<\/strong><\/td>\n<\/tr>\n<tr>\n<td>Communaut\u00e9s silicicoles.<\/td>\n<td>V\u00e9g\u00e9tation pionni\u00e8re \u00e0 dominance de vivaces (souvent crassulescentes) de dalles rocheuses plus ou moins horizontales, atlantique \u00e0 m\u00e9dioeurop\u00e9enne, souvent montagnarde.<\/td>\n<\/tr>\n<\/tbody>\n<\/table>\n<table>\n<tbody>\n<tr>\n<td>Alliance<\/td>\n<td>Ordre<\/td>\n<td>Classe<\/td>\n<\/tr>\n<tr>\n<td><strong>Thero-Airion<\/strong><\/td>\n<td><strong>Helianthemetalia guttati<\/strong><\/td>\n<td><strong>Helianthemetea guttati<\/strong><\/td>\n<\/tr>\n<tr>\n<td>Communaut\u00e9s vernales \u00e0 estivales des sols x\u00e9riques, atlantiques \u00e0 m\u00e9dioeurop\u00e9ennes, sur sables, ar\u00e8nes et dalles siliceuses.<\/td>\n<td>Communaut\u00e9s non littorales.<\/td>\n<td>V\u00e9g\u00e9tations annuelles acidiphiles des sols souvent sableux, oligotrophes, et des lithosols.<\/td>\n<\/tr>\n<\/tbody>\n<\/table>\n<table>\n<tbody>\n<tr>\n<td>Alliance<\/td>\n<td>Ordre<\/td>\n<td>Classe<\/td>\n<\/tr>\n<tr>\n<td><strong>Ulicion minoris<\/strong><\/td>\n<td><strong>Ulicetalia minoris<\/strong><\/td>\n<td><strong>Calluno vulgaris-Ulicetea minoris<\/strong><\/td>\n<\/tr>\n<tr>\n<td>Communaut\u00e9s atlantiques non maritimes, g\u00e9n\u00e9ralement secondaires.<\/td>\n<td>Landes cantabro- et m\u00e9diterran\u00e9o-atlantiques.<\/td>\n<td>V\u00e9g\u00e9tation de lande, \u00e0 dominance de cham\u00e9phytes et nanophan\u00e9rophytes, appartenant principalement aux Ericac\u00e9es et Fabac\u00e9es.<\/td>\n<\/tr>\n<\/tbody>\n<\/table>\n<p><span style=\"text-decoration: underline;\">Sous-esp\u00e8ces ou vari\u00e9t\u00e9s :<\/span><br \/>\n<i>&#8211; Jasione montana L. subsp. montana<br \/>\n<\/i><\/p>\n","protected":false},"excerpt":{"rendered":"<p>Une fiche plus r&eacute;cente existe, vous pouvez la consulter ICI Nom : Jasione montana L. ( Jasione des montagnes ) Autre(s) nom(s) : Jasione ondul\u00e9e. Famille : CAMPANULACEAE Floraison : Juin &#8211; Septembre Protection : &#8211; Liste des esp\u00e8ces v\u00e9g\u00e9tales &hellip; <a href=\"https:\/\/preservons-la-nature.fr\/blog\/?p=3064\">Continuer la lecture <span class=\"meta-nav\">&rarr;<\/span><\/a><\/p>\n","protected":false},"author":1,"featured_media":0,"comment_status":"open","ping_status":"open","sticky":false,"template":"","format":"standard","meta":{"footnotes":""},"categories":[102],"tags":[56],"class_list":["post-3064","post","type-post","status-publish","format-standard","hentry","category-fiche-partielle-de-plantes","tag-campanulacees"],"_links":{"self":[{"href":"https:\/\/preservons-la-nature.fr\/blog\/index.php?rest_route=\/wp\/v2\/posts\/3064","targetHints":{"allow":["GET"]}}],"collection":[{"href":"https:\/\/preservons-la-nature.fr\/blog\/index.php?rest_route=\/wp\/v2\/posts"}],"about":[{"href":"https:\/\/preservons-la-nature.fr\/blog\/index.php?rest_route=\/wp\/v2\/types\/post"}],"author":[{"embeddable":true,"href":"https:\/\/preservons-la-nature.fr\/blog\/index.php?rest_route=\/wp\/v2\/users\/1"}],"replies":[{"embeddable":true,"href":"https:\/\/preservons-la-nature.fr\/blog\/index.php?rest_route=%2Fwp%2Fv2%2Fcomments&post=3064"}],"version-history":[{"count":3,"href":"https:\/\/preservons-la-nature.fr\/blog\/index.php?rest_route=\/wp\/v2\/posts\/3064\/revisions"}],"predecessor-version":[{"id":3070,"href":"https:\/\/preservons-la-nature.fr\/blog\/index.php?rest_route=\/wp\/v2\/posts\/3064\/revisions\/3070"}],"wp:attachment":[{"href":"https:\/\/preservons-la-nature.fr\/blog\/index.php?rest_route=%2Fwp%2Fv2%2Fmedia&parent=3064"}],"wp:term":[{"taxonomy":"category","embeddable":true,"href":"https:\/\/preservons-la-nature.fr\/blog\/index.php?rest_route=%2Fwp%2Fv2%2Fcategories&post=3064"},{"taxonomy":"post_tag","embeddable":true,"href":"https:\/\/preservons-la-nature.fr\/blog\/index.php?rest_route=%2Fwp%2Fv2%2Ftags&post=3064"}],"curies":[{"name":"wp","href":"https:\/\/api.w.org\/{rel}","templated":true}]}}