{"id":302,"date":"2011-04-17T05:28:19","date_gmt":"2011-04-17T05:28:19","guid":{"rendered":"https:\/\/www.preservons-la-nature.fr\/blog\/?p=302"},"modified":"2013-11-10T18:26:39","modified_gmt":"2013-11-10T17:26:39","slug":"le-gouet-ditalie-arum-italicum","status":"publish","type":"post","link":"https:\/\/preservons-la-nature.fr\/blog\/?p=302","title":{"rendered":"Arum italicum ( Gouet d&rsquo;Italie )"},"content":{"rendered":"<p style=\"text-align: left;\"><strong>Le Gouet d&rsquo;Italie (<em>Arum italicum<\/em>)<\/strong>, aussi appel\u00e9 Pied-de-Veau\u00a0fait partie de <strong>la famille des Arac\u00e9es<\/strong>. Sa p\u00e9riode de floraison s&rsquo;\u00e9tale d&rsquo;avril \u00e0 mai. Cette esp\u00e8ce se retrouve surtout \u00e0 l&rsquo;Ouest du territoire fran\u00e7ais. On peut la trouver dans les for\u00eats alluviales, dans les milieux calcaires. C&rsquo;est une esp\u00e8ce qui se d\u00e9veloppe dans les zones d&rsquo;ombre ou semi-ombre. Elle est absente des milieux secs ou acides.<br \/>\nLa plante mesure de 15 \u00e0 30 cm de hauteur. Ses feuilles sont de forme triangulaire, vein\u00e9es de blanc. <strong>Le spadice<\/strong> est blanc jaun\u00e2tre. Les insectes sont attir\u00e9s par l&rsquo;odeur du spadice et se trouvent entra\u00een\u00e9s vers les fleurs. Les fleurs st\u00e9riles emp\u00eachent les insectes de s&rsquo;\u00e9chapper. Les fleurs m\u00e2les sont jaunes. Les insectes assurent la pollinisation gr\u00e2ce \u00e0 leur agitation dans <strong>la spathe<\/strong>, ces derniers ayant visit\u00e9 un autre arum la nuit pr\u00e9c\u00e9dente. Les baies sont rouges.<br \/>\nLe suc est extr\u00eamement irritant en cas de contact avec les yeux. Soyez vigilant avec vos enfants, l&rsquo;ingestion peut provoquer un gonflement suffisant dans la gorge pour \u00e9touffer.<\/p>\n<div id=\"attachment_303\" style=\"width: 570px\" class=\"wp-caption aligncenter\"><a href=\"https:\/\/www.preservons-la-nature.fr\/blog\/wp-content\/uploads\/2011\/04\/DSC06261.jpg\"><img loading=\"lazy\" decoding=\"async\" aria-describedby=\"caption-attachment-303\" class=\"size-full wp-image-303 \" title=\"Le Gouet d'Italie (Arum italicum)\" alt=\"Le Gouet d'Italie (Arum italicum)\" src=\"https:\/\/www.preservons-la-nature.fr\/blog\/wp-content\/uploads\/2011\/04\/DSC06261.jpg\" width=\"560\" height=\"374\" srcset=\"https:\/\/preservons-la-nature.fr\/blog\/wp-content\/uploads\/2011\/04\/DSC06261.jpg 700w, https:\/\/preservons-la-nature.fr\/blog\/wp-content\/uploads\/2011\/04\/DSC06261-300x200.jpg 300w\" sizes=\"auto, (max-width: 560px) 100vw, 560px\" \/><\/a><p id=\"caption-attachment-303\" class=\"wp-caption-text\">Le Gouet d&rsquo;Italie (Arum italicum)<\/p><\/div>\n<div><\/div>\n<p>&nbsp;<\/p>\n<p><a href=\"https:\/\/www.preservons-la-nature.fr\/blog\/wp-content\/uploads\/2011\/04\/DSC3659.jpg\"><img loading=\"lazy\" decoding=\"async\" class=\"size-full wp-image-304 \" title=\"Le Gouet d'Italie (Arum italicum)\" alt=\"Le Gouet d'Italie (Arum italicum)\" src=\"https:\/\/www.preservons-la-nature.fr\/blog\/wp-content\/uploads\/2011\/04\/DSC3659.jpg\" width=\"327\" height=\"490\" srcset=\"https:\/\/preservons-la-nature.fr\/blog\/wp-content\/uploads\/2011\/04\/DSC3659.jpg 467w, https:\/\/preservons-la-nature.fr\/blog\/wp-content\/uploads\/2011\/04\/DSC3659-200x300.jpg 200w\" sizes=\"auto, (max-width: 327px) 100vw, 327px\" \/><\/a><\/p>\n<p>&nbsp;<\/p>\n<p>&nbsp;<\/p>\n","protected":false},"excerpt":{"rendered":"<p>Le Gouet d&rsquo;Italie (Arum italicum), aussi appel\u00e9 Pied-de-Veau\u00a0fait partie de la famille des Arac\u00e9es. Sa p\u00e9riode de floraison s&rsquo;\u00e9tale d&rsquo;avril \u00e0 mai. Cette esp\u00e8ce se retrouve surtout \u00e0 l&rsquo;Ouest du territoire fran\u00e7ais. On peut la trouver dans les for\u00eats alluviales, &hellip; <a href=\"https:\/\/preservons-la-nature.fr\/blog\/?p=302\">Continuer la lecture <span class=\"meta-nav\">&rarr;<\/span><\/a><\/p>\n","protected":false},"author":1,"featured_media":0,"comment_status":"open","ping_status":"open","sticky":false,"template":"","format":"standard","meta":{"footnotes":""},"categories":[87,3],"tags":[33],"class_list":["post-302","post","type-post","status-publish","format-standard","hentry","category-ficheplante","category-laloire","tag-aracees"],"_links":{"self":[{"href":"https:\/\/preservons-la-nature.fr\/blog\/index.php?rest_route=\/wp\/v2\/posts\/302","targetHints":{"allow":["GET"]}}],"collection":[{"href":"https:\/\/preservons-la-nature.fr\/blog\/index.php?rest_route=\/wp\/v2\/posts"}],"about":[{"href":"https:\/\/preservons-la-nature.fr\/blog\/index.php?rest_route=\/wp\/v2\/types\/post"}],"author":[{"embeddable":true,"href":"https:\/\/preservons-la-nature.fr\/blog\/index.php?rest_route=\/wp\/v2\/users\/1"}],"replies":[{"embeddable":true,"href":"https:\/\/preservons-la-nature.fr\/blog\/index.php?rest_route=%2Fwp%2Fv2%2Fcomments&post=302"}],"version-history":[{"count":8,"href":"https:\/\/preservons-la-nature.fr\/blog\/index.php?rest_route=\/wp\/v2\/posts\/302\/revisions"}],"predecessor-version":[{"id":1970,"href":"https:\/\/preservons-la-nature.fr\/blog\/index.php?rest_route=\/wp\/v2\/posts\/302\/revisions\/1970"}],"wp:attachment":[{"href":"https:\/\/preservons-la-nature.fr\/blog\/index.php?rest_route=%2Fwp%2Fv2%2Fmedia&parent=302"}],"wp:term":[{"taxonomy":"category","embeddable":true,"href":"https:\/\/preservons-la-nature.fr\/blog\/index.php?rest_route=%2Fwp%2Fv2%2Fcategories&post=302"},{"taxonomy":"post_tag","embeddable":true,"href":"https:\/\/preservons-la-nature.fr\/blog\/index.php?rest_route=%2Fwp%2Fv2%2Ftags&post=302"}],"curies":[{"name":"wp","href":"https:\/\/api.w.org\/{rel}","templated":true}]}}