{"id":3015,"date":"2014-03-13T00:25:32","date_gmt":"2014-03-12T23:25:32","guid":{"rendered":"https:\/\/www.preservons-la-nature.fr\/blog\/?p=3015"},"modified":"2014-03-08T07:30:55","modified_gmt":"2014-03-08T06:30:55","slug":"campanula-rapunculoides-l-campanule-fausse-raiponce","status":"publish","type":"post","link":"https:\/\/preservons-la-nature.fr\/blog\/?p=3015","title":{"rendered":"Campanula rapunculoides L. ( Campanule fausse-raiponce )"},"content":{"rendered":"<p><STRONG>Une fiche plus r&eacute;cente existe, vous pouvez la consulter <a href=\"https:\/\/www.preservons-la-nature.fr\/flore\/taxon\/4034.html\">ICI<\/a><\/STRONG><div id=\"attachment_3018\" style=\"width: 370px\" class=\"wp-caption aligncenter\"><a href=\"https:\/\/www.preservons-la-nature.fr\/blog\/wp-content\/uploads\/2014\/03\/DSC06168.jpg\"><img loading=\"lazy\" decoding=\"async\" aria-describedby=\"caption-attachment-3018\" class=\" wp-image-3018\" title=\"Campanula rapunculoides L. ( Campanule fausse-raiponce )\" alt=\"Campanula rapunculoides L. ( Campanule fausse-raiponce )\" src=\"https:\/\/www.preservons-la-nature.fr\/blog\/wp-content\/uploads\/2014\/03\/DSC06168.jpg\" width=\"360\" height=\"540\" srcset=\"https:\/\/preservons-la-nature.fr\/blog\/wp-content\/uploads\/2014\/03\/DSC06168.jpg 400w, https:\/\/preservons-la-nature.fr\/blog\/wp-content\/uploads\/2014\/03\/DSC06168-200x300.jpg 200w\" sizes=\"auto, (max-width: 360px) 100vw, 360px\" \/><\/a><p id=\"caption-attachment-3018\" class=\"wp-caption-text\">Campanula rapunculoides L. ( Campanule fausse-raiponce )<\/p><\/div><br \/>\n<strong><span style=\"text-decoration: underline;\">Nom :<\/span><\/strong> <i>Campanula rapunculoides L.<\/i> ( Campanule fausse-raiponce )<\/p>\n<p><strong><span style=\"text-decoration: underline;\">Famille :<\/span><\/strong> CAMPANULACEAE<\/p>\n<p><strong><span style=\"text-decoration: underline;\">Floraison :<\/span><\/strong> Juin &#8211; Ao\u00fbt<\/p>\n<p><strong><span style=\"text-decoration: underline;\">Forme biologique :<\/span><\/strong><br \/>\nH\u00e9micryptophyte.<\/p>\n<p><strong><span style=\"text-decoration: underline;\">Description dans la flore de Coste :<\/span><\/strong><br \/>\nPlante vivace de 30 \u00e0 80 cm, pubescente, \u00e0 souche longuement rampante-stolonif\u00e8re; tiges assez robustes, pleines, arrondies, rudes, feuill\u00e9es, simples; feuilles grandes, ovales-lanc\u00e9ol\u00e9es, un peu en coeur, p\u00e9tiol\u00e9es, dent\u00e9es, vertes et pubescentes, \u00e0 peine rudes; fleurs bleues, pench\u00e9es, en grappes spiciformes unilat\u00e9rales, l\u00e2ches, non feuill\u00e9es, solitaires sur les p\u00e9doncules; calice glabrescent, \u00e0 lobes lanc\u00e9ol\u00e9s, r\u00e9fl\u00e9chis apr\u00e8s la floraison, \u00e9galant \u00e0 peine le tiers de la corolle; celle-ci moyenne (2 \u00e0 3 cm), divis\u00e9e jusqu&rsquo;au tiers, \u00e0 lobes lanc\u00e9ol\u00e9s et barbus ; capsule pench\u00e9e.<\/p>\n<p><strong><span style=\"text-decoration: underline;\">Pr\u00e9sent dans le(s) d\u00e9partement(s) suivant(s) :<\/span><\/strong><br \/>\nAin, Aisne, Alpes-de-Haute-Provence, Alpes-Maritimes, Ardennes, Aube, Bas-Rhin, Bouches-du-Rh\u00f4ne, Calvados, Cantal, Cher, C\u00f4te-d&rsquo;Or, Doubs, Eure-et-Loir, Haute-Marne, Hautes-Alpes, Haute-Sa\u00f4ne, Haute-Savoie, Indre, Indre-et-Loire, Is\u00e8re, Jura, Loir-et-Cher, Maine-et-Loire, Manche, Marne, Meurthe-et-Moselle, Meuse, Moselle, Ni\u00e8vre, Nord, Oise, Orne, Paris, Pas-de-Calais, Sa\u00f4ne-et-Loire, Savoie, Seine-Maritime, Somme, Territoire-de-Belfort, Var, Vaucluse, Vosges, Yonne, Yvelines.<br \/>\n<div id=\"attachment_3019\" style=\"width: 610px\" class=\"wp-caption aligncenter\"><a href=\"https:\/\/www.preservons-la-nature.fr\/blog\/?attachment_id=3019\" rel=\"attachment wp-att-3019\"><img loading=\"lazy\" decoding=\"async\" aria-describedby=\"caption-attachment-3019\" src=\"https:\/\/www.preservons-la-nature.fr\/blog\/wp-content\/uploads\/2014\/03\/carte24.jpg\" alt=\"R\u00e9partition de Campanula rapunculoides L. ( Campanule fausse-raiponce )\" width=\"600\" height=\"600\" class=\"size-full wp-image-3019\" srcset=\"https:\/\/preservons-la-nature.fr\/blog\/wp-content\/uploads\/2014\/03\/carte24.jpg 600w, https:\/\/preservons-la-nature.fr\/blog\/wp-content\/uploads\/2014\/03\/carte24-150x150.jpg 150w, https:\/\/preservons-la-nature.fr\/blog\/wp-content\/uploads\/2014\/03\/carte24-300x300.jpg 300w\" sizes=\"auto, (max-width: 600px) 100vw, 600px\" \/><\/a><p id=\"caption-attachment-3019\" class=\"wp-caption-text\">R\u00e9partition de Campanula rapunculoides L. ( Campanule fausse-raiponce )<\/p><\/div><br \/>\n<div id=\"attachment_3017\" style=\"width: 370px\" class=\"wp-caption aligncenter\"><a href=\"https:\/\/www.preservons-la-nature.fr\/blog\/wp-content\/uploads\/2014\/03\/DSC2543.jpg\"><img loading=\"lazy\" decoding=\"async\" aria-describedby=\"caption-attachment-3017\" class=\" wp-image-3017 \" title=\"Campanula rapunculoides L. ( Campanule fausse-raiponce )\" alt=\"Campanula rapunculoides L. ( Campanule fausse-raiponce )\" src=\"https:\/\/www.preservons-la-nature.fr\/blog\/wp-content\/uploads\/2014\/03\/DSC2543.jpg\" width=\"360\" height=\"540\" srcset=\"https:\/\/preservons-la-nature.fr\/blog\/wp-content\/uploads\/2014\/03\/DSC2543.jpg 400w, https:\/\/preservons-la-nature.fr\/blog\/wp-content\/uploads\/2014\/03\/DSC2543-200x300.jpg 200w\" sizes=\"auto, (max-width: 360px) 100vw, 360px\" \/><\/a><p id=\"caption-attachment-3017\" class=\"wp-caption-text\">Campanula rapunculoides L. ( Campanule fausse-raiponce )<\/p><\/div><br \/>\n<strong><span style=\"text-decoration: underline;\">Phytosociologie :<\/span><i><\/i><\/strong><\/p>\n<table>\n<tbody>\n<tr>\n<td>Alliance<\/td>\n<td>Ordre<\/td>\n<td>Classe<\/td>\n<\/tr>\n<tr>\n<td><strong>Berberidion vulgaris<\/strong><\/td>\n<td><strong>Prunetalia spinosae<\/strong><\/td>\n<td><strong>Crataego monogynae-Prunetea spinosae<\/strong><\/td>\n<\/tr>\n<tr>\n<td>Communaut\u00e9s nord-atlantiques, subatlantiques, m\u00e9dioeurop\u00e9ennes et supram\u00e9diterran\u00e9ennes, calcicoles, x\u00e9rophiles \u00e0 m\u00e9so-x\u00e9rophiles.<\/td>\n<td>Communaut\u00e9s arbustives non dunaires, des sols carbonat\u00e9s ou plus ou moins d\u00e9satur\u00e9s.<\/td>\n<td>V\u00e9g\u00e9tation principalement europ\u00e9enne de manteaux arbustifs, frutic\u00e9es et haies. Nota : diverses communaut\u00e9s domin\u00e9es par des Rubus (spp.), non encore \u00e9tudi\u00e9es en France, ne sont pas int\u00e9gr\u00e9es \u00e0 la pr\u00e9sente classification.<\/td>\n<\/tr>\n<\/tbody>\n<\/table>\n<table>\n<tbody>\n<tr>\n<td>Alliance<\/td>\n<td>Sous-ordre<\/td>\n<td>Ordre<\/td>\n<td>Classe<\/td>\n<\/tr>\n<tr>\n<td><strong>Cephalanthero rubrae-Fagion sylvaticae<\/strong><\/td>\n<td><strong>Cephalanthero rubrae-Fagenalia sylvaticae<\/strong><\/td>\n<td><strong>Fagetalia sylvaticae<\/strong><\/td>\n<td><strong>Querco roboris-Fagetea sylvaticae<\/strong><\/td>\n<\/tr>\n<tr>\n<td>Communaut\u00e9s m\u00e9sox\u00e9rophiles \u00e0 x\u00e9roclines.<\/td>\n<td>Communaut\u00e9s collin\u00e9ennes et montagnardes, (thermo) x\u00e9ro-, m\u00e9sox\u00e9rophiles, calcaricoles \u00e0 calcicoles.<\/td>\n<td>Communaut\u00e9s collin\u00e9ennes et montagnardes, acidiclines \u00e0 calcicoles, non thermophiles.<\/td>\n<td>For\u00eats temp\u00e9r\u00e9es caducifoli\u00e9es ou mixtes, collin\u00e9ennes et montagnardes (plus rarement subalpines), ainsi que supram\u00e9diterran\u00e9ennes.<\/td>\n<\/tr>\n<\/tbody>\n<\/table>\n<table>\n<tbody>\n<tr>\n<td>Alliance<\/td>\n<td>Sous-ordre<\/td>\n<td>Ordre<\/td>\n<td>Classe<\/td>\n<\/tr>\n<tr>\n<td><strong>Fagion sylvaticae<\/strong><\/td>\n<td><strong>Fagenalia sylvaticae<\/strong><\/td>\n<td><strong>Fagetalia sylvaticae<\/strong><\/td>\n<td><strong>Querco roboris-Fagetea sylvaticae<\/strong><\/td>\n<\/tr>\n<tr>\n<td>Communaut\u00e9s surtout montagnardes, acidiclines \u00e0 calcicoles.<\/td>\n<td>Communaut\u00e9s le plus souvent mixtes, montagnardes, plus rarement collin\u00e9ennes ou subalpines.<\/td>\n<td>Communaut\u00e9s collin\u00e9ennes et montagnardes, acidiclines \u00e0 calcicoles, non thermophiles.<\/td>\n<td>For\u00eats temp\u00e9r\u00e9es caducifoli\u00e9es ou mixtes, collin\u00e9ennes et montagnardes (plus rarement subalpines), ainsi que supram\u00e9diterran\u00e9ennes.<\/td>\n<\/tr>\n<\/tbody>\n<\/table>\n<table>\n<tbody>\n<tr>\n<td>Alliance<\/td>\n<td>Ordre<\/td>\n<td>Classe<\/td>\n<\/tr>\n<tr>\n<td><strong>Geranion sanguinei<\/strong><\/td>\n<td><strong>Origanetalia vulgaris<\/strong><\/td>\n<td><strong>Trifolio medii-Geranietea sanguinei<\/strong><\/td>\n<\/tr>\n<tr>\n<td>Communaut\u00e9s thermophiles, plus ou moins x\u00e9rophiles.<\/td>\n<td><\/td>\n<td>Pelouses pr\u00e9foresti\u00e8res h\u00e9liophiles et ourlets parfois h\u00e9misciaphiles, calcicoles \u00e0 acidiclines.<\/td>\n<\/tr>\n<\/tbody>\n<\/table>\n<table>\n<tbody>\n<tr>\n<td>Alliance<\/td>\n<td>Ordre<\/td>\n<td>Classe<\/td>\n<\/tr>\n<tr>\n<td><strong>Potentillo albae-Quercion petraeae<\/strong><\/td>\n<td><strong>Quercetalia pubescenti-sessiliflorae<\/strong><\/td>\n<td><strong>Querco roboris-Fagetea sylvaticae<\/strong><\/td>\n<\/tr>\n<tr>\n<td>Communaut\u00e9s m\u00e9dio-europ\u00e9ennes (Alsace).<\/td>\n<td>Communaut\u00e9s thermophiles sous influence m\u00e9diterran\u00e9enne \u00e0 thermo-continentale.<\/td>\n<td>For\u00eats temp\u00e9r\u00e9es caducifoli\u00e9es ou mixtes, collin\u00e9ennes et montagnardes (plus rarement subalpines), ainsi que supram\u00e9diterran\u00e9ennes.<\/td>\n<\/tr>\n<\/tbody>\n<\/table>\n<p><div id=\"attachment_3016\" style=\"width: 650px\" class=\"wp-caption aligncenter\"><a href=\"https:\/\/www.preservons-la-nature.fr\/blog\/wp-content\/uploads\/2014\/03\/DSC2539.jpg\"><img loading=\"lazy\" decoding=\"async\" aria-describedby=\"caption-attachment-3016\" class=\" wp-image-3016 \" title=\"Campanula rapunculoides L. ( Campanule fausse-raiponce )\" alt=\"Campanula rapunculoides L. ( Campanule fausse-raiponce )\" src=\"https:\/\/www.preservons-la-nature.fr\/blog\/wp-content\/uploads\/2014\/03\/DSC2539.jpg\" width=\"640\" height=\"426\" srcset=\"https:\/\/preservons-la-nature.fr\/blog\/wp-content\/uploads\/2014\/03\/DSC2539.jpg 800w, https:\/\/preservons-la-nature.fr\/blog\/wp-content\/uploads\/2014\/03\/DSC2539-300x199.jpg 300w\" sizes=\"auto, (max-width: 640px) 100vw, 640px\" \/><\/a><p id=\"caption-attachment-3016\" class=\"wp-caption-text\">Campanula rapunculoides L. ( Campanule fausse-raiponce )<\/p><\/div><br \/>\n<strong><span style=\"text-decoration: underline;\">Taxonomie :<\/span><\/strong><br \/>\n<i>Campanula rapunculoides L.<\/i> a pour synonymes (Informations issues de la BDTFX Version 2.0, <a href=\"http:\/\/www.tela-botanica.org\" target=\"_blank\">Tela Botanica<\/a>) :<i><br \/>\n&#8211; Campanula contracta Mutel<br \/>\n&#8211; Campanula crenata Link<br \/>\n&#8211; Campanula lunariifolia Rchb.<br \/>\n&#8211; Campanula morifolia Salisb.<br \/>\n&#8211; Campanula neglecta Besser<br \/>\n&#8211; Campanula nutans Lam.<br \/>\n&#8211; Campanula rapunculiformis St.-Lag.<br \/>\n&#8211; Campanula rapunculoides L. subsp. rapunculoides<br \/>\n&#8211; Campanula rapunculoides var. elatior Mutel<br \/>\n&#8211; Campanula rhomboidea Falk<br \/>\n&#8211; Campanula rigida Gilib.<br \/>\n&#8211; Campanula rigida Stokes<br \/>\n&#8211; Campanula ruthenica M.Bieb.<br \/>\n&#8211; Campanula trachelioides M.Bieb.<br \/>\n&#8211; Campanula ucranica Besser<br \/>\n&#8211; Cenekia rapunculoides (L.) Opiz<br \/>\n&#8211; Drymocodon rapunculoides (L.) Fourr.<br \/>\n&#8211; Trachelioides vulgaris Opiz<br \/>\n<\/i><\/p>\n","protected":false},"excerpt":{"rendered":"<p>Une fiche plus r&eacute;cente existe, vous pouvez la consulter ICI Nom : Campanula rapunculoides L. ( Campanule fausse-raiponce ) Famille : CAMPANULACEAE Floraison : Juin &#8211; Ao\u00fbt Forme biologique : H\u00e9micryptophyte. Description dans la flore de Coste : Plante vivace &hellip; <a href=\"https:\/\/preservons-la-nature.fr\/blog\/?p=3015\">Continuer la lecture <span class=\"meta-nav\">&rarr;<\/span><\/a><\/p>\n","protected":false},"author":1,"featured_media":0,"comment_status":"open","ping_status":"open","sticky":false,"template":"","format":"standard","meta":{"footnotes":""},"categories":[102],"tags":[56],"class_list":["post-3015","post","type-post","status-publish","format-standard","hentry","category-fiche-partielle-de-plantes","tag-campanulacees"],"_links":{"self":[{"href":"https:\/\/preservons-la-nature.fr\/blog\/index.php?rest_route=\/wp\/v2\/posts\/3015","targetHints":{"allow":["GET"]}}],"collection":[{"href":"https:\/\/preservons-la-nature.fr\/blog\/index.php?rest_route=\/wp\/v2\/posts"}],"about":[{"href":"https:\/\/preservons-la-nature.fr\/blog\/index.php?rest_route=\/wp\/v2\/types\/post"}],"author":[{"embeddable":true,"href":"https:\/\/preservons-la-nature.fr\/blog\/index.php?rest_route=\/wp\/v2\/users\/1"}],"replies":[{"embeddable":true,"href":"https:\/\/preservons-la-nature.fr\/blog\/index.php?rest_route=%2Fwp%2Fv2%2Fcomments&post=3015"}],"version-history":[{"count":2,"href":"https:\/\/preservons-la-nature.fr\/blog\/index.php?rest_route=\/wp\/v2\/posts\/3015\/revisions"}],"predecessor-version":[{"id":3021,"href":"https:\/\/preservons-la-nature.fr\/blog\/index.php?rest_route=\/wp\/v2\/posts\/3015\/revisions\/3021"}],"wp:attachment":[{"href":"https:\/\/preservons-la-nature.fr\/blog\/index.php?rest_route=%2Fwp%2Fv2%2Fmedia&parent=3015"}],"wp:term":[{"taxonomy":"category","embeddable":true,"href":"https:\/\/preservons-la-nature.fr\/blog\/index.php?rest_route=%2Fwp%2Fv2%2Fcategories&post=3015"},{"taxonomy":"post_tag","embeddable":true,"href":"https:\/\/preservons-la-nature.fr\/blog\/index.php?rest_route=%2Fwp%2Fv2%2Ftags&post=3015"}],"curies":[{"name":"wp","href":"https:\/\/api.w.org\/{rel}","templated":true}]}}