{"id":2984,"date":"2014-03-08T00:29:15","date_gmt":"2014-03-07T23:29:15","guid":{"rendered":"https:\/\/www.preservons-la-nature.fr\/blog\/?p=2984"},"modified":"2014-03-07T22:34:31","modified_gmt":"2014-03-07T21:34:31","slug":"arenaria-grandiflora-l-sabline-a-grandes-fleurs","status":"publish","type":"post","link":"https:\/\/preservons-la-nature.fr\/blog\/?p=2984","title":{"rendered":"Arenaria grandiflora L. ( Sabline \u00e0 grandes fleurs )"},"content":{"rendered":"<p><STRONG>Une fiche plus r&eacute;cente existe, vous pouvez la consulter <a href=\"https:\/\/www.preservons-la-nature.fr\/flore\/taxon\/4008.html\">ICI<\/a><\/STRONG><div id=\"attachment_2985\" style=\"width: 658px\" class=\"wp-caption aligncenter\"><a href=\"https:\/\/www.preservons-la-nature.fr\/blog\/wp-content\/uploads\/2014\/03\/DSC03814.jpg\"><img loading=\"lazy\" decoding=\"async\" aria-describedby=\"caption-attachment-2985\" class=\" wp-image-2985  \" title=\"Arenaria grandiflora L. ( Sabline \u00e0 grandes fleurs )\" alt=\"Arenaria grandiflora L. ( Sabline \u00e0 grandes fleurs )\" src=\"https:\/\/www.preservons-la-nature.fr\/blog\/wp-content\/uploads\/2014\/03\/DSC03814.jpg\" width=\"648\" height=\"432\" srcset=\"https:\/\/preservons-la-nature.fr\/blog\/wp-content\/uploads\/2014\/03\/DSC03814.jpg 800w, https:\/\/preservons-la-nature.fr\/blog\/wp-content\/uploads\/2014\/03\/DSC03814-300x199.jpg 300w\" sizes=\"auto, (max-width: 648px) 100vw, 648px\" \/><\/a><p id=\"caption-attachment-2985\" class=\"wp-caption-text\">Arenaria grandiflora L. ( Sabline \u00e0 grandes fleurs )<\/p><\/div><\/p>\n<p><strong><span style=\"text-decoration: underline;\">Nom :<\/span><\/strong> <i>Arenaria grandiflora L.<\/i> ( Sabline \u00e0 grandes fleurs )<\/p>\n<p><strong><span style=\"text-decoration: underline;\">Famille :<\/span><\/strong> CARYOPHYLLACEAE<\/p>\n<p><strong><span style=\"text-decoration: underline;\">Floraison :<\/span><\/strong> Mai &#8211; Septembre<\/p>\n<p><strong><span style=\"text-decoration: underline;\">Forme biologique :<\/span><\/strong><br \/>\nH\u00e9micryptophyte.<\/p>\n<p><strong><span style=\"text-decoration: underline;\">Protection :<\/span><\/strong><br \/>\n&#8211; Liste des esp\u00e8ces v\u00e9g\u00e9tales prot\u00e9g\u00e9es en r\u00e9gion Centre Article 1 (1993)<br \/>\n&#8211; Liste des esp\u00e8ces v\u00e9g\u00e9tales prot\u00e9g\u00e9es en r\u00e9gion \u00cele-de-France Article 1 (1991)<\/p>\n<p><strong><span style=\"text-decoration: underline;\">Description dans la flore de Coste :<\/span><\/strong><br \/>\nPlante vivace, \u00e0 souche ligneuse ; tiges de 5 \u00e0 15 cm, gazonnante, ascendantes ; feuilles glabres, coriaces, \u00e9paissies \u00e0 la marge, lin\u00e9aires-lanc\u00e9ol\u00e9es, arist\u00e9es, \u00e0 1 forte nervure ; fleurs 1 \u00e0 6 sur chaque tige ; p\u00e9dicelles 3 \u00e0 6 fois plus longs que le calice, pubescents-glanduleux ; s\u00e9pales membraneux, pubescents, ovales-lanc\u00e9ol\u00e9s, arist\u00e9s, \u00e0 une nervure saillante ; p\u00e9tales oblongs, 1 \u00e0 2 fois plus longs que les s\u00e9pales ; capsule ovo\u00efde, d\u00e9passant peu le calice.<\/p>\n<p><strong><span style=\"text-decoration: underline;\">R\u00e9partition fran\u00e7aise :<\/span><\/strong><br \/>\nL&rsquo;esp\u00e8ce est tr\u00e8s pr\u00e9sentes dans les Alpes, les Hautes-Corbi\u00e8res, les Pyr\u00e9n\u00e9es. On note \u00e9galement l&rsquo;esp\u00e8ce dans les d\u00e9partement du Lot, de l&rsquo;Indre-et-Loire et la Seine-et-Marne.<\/p>\n<p><strong><span style=\"text-decoration: underline;\">Pr\u00e9sent dans le(s) d\u00e9partement(s) suivant(s) :<\/span><\/strong><br \/>\nAin, Alpes-de-Haute-Provence, Alpes-Maritimes, Ari\u00e8ge, Bouches-du-Rh\u00f4ne, Dordogne, Dr\u00f4me, Haute-Garonne, Hautes-Alpes, Haute-Savoie, Hautes-Pyr\u00e9n\u00e9es, Indre-et-Loire, Is\u00e8re, Pyr\u00e9n\u00e9es-Atlantiques, Savoie, Seine-et-Marne, Var, Vaucluse.<\/p>\n<div id=\"attachment_2987\" style=\"width: 610px\" class=\"wp-caption aligncenter\"><a href=\"https:\/\/www.preservons-la-nature.fr\/blog\/?attachment_id=2987\" rel=\"attachment wp-att-2987\"><img loading=\"lazy\" decoding=\"async\" aria-describedby=\"caption-attachment-2987\" class=\"size-full wp-image-2987\" alt=\"R\u00e9partition de Arenaria grandiflora L. ( Sabline \u00e0 grandes fleurs )\" src=\"https:\/\/www.preservons-la-nature.fr\/blog\/wp-content\/uploads\/2014\/03\/carte19.jpg\" width=\"600\" height=\"600\" srcset=\"https:\/\/preservons-la-nature.fr\/blog\/wp-content\/uploads\/2014\/03\/carte19.jpg 600w, https:\/\/preservons-la-nature.fr\/blog\/wp-content\/uploads\/2014\/03\/carte19-150x150.jpg 150w, https:\/\/preservons-la-nature.fr\/blog\/wp-content\/uploads\/2014\/03\/carte19-300x300.jpg 300w\" sizes=\"auto, (max-width: 600px) 100vw, 600px\" \/><\/a><p id=\"caption-attachment-2987\" class=\"wp-caption-text\">R\u00e9partition de Arenaria grandiflora L. ( Sabline \u00e0 grandes fleurs )<\/p><\/div>\n<div id=\"attachment_2986\" style=\"width: 658px\" class=\"wp-caption aligncenter\"><a href=\"https:\/\/www.preservons-la-nature.fr\/blog\/wp-content\/uploads\/2014\/03\/DSC03857.jpg\"><img loading=\"lazy\" decoding=\"async\" aria-describedby=\"caption-attachment-2986\" class=\" wp-image-2986 \" title=\"Arenaria grandiflora L. ( Sabline \u00e0 grandes fleurs )\" alt=\"Arenaria grandiflora L. ( Sabline \u00e0 grandes fleurs )\" src=\"https:\/\/www.preservons-la-nature.fr\/blog\/wp-content\/uploads\/2014\/03\/DSC03857.jpg\" width=\"648\" height=\"432\" srcset=\"https:\/\/preservons-la-nature.fr\/blog\/wp-content\/uploads\/2014\/03\/DSC03857.jpg 800w, https:\/\/preservons-la-nature.fr\/blog\/wp-content\/uploads\/2014\/03\/DSC03857-300x199.jpg 300w\" sizes=\"auto, (max-width: 648px) 100vw, 648px\" \/><\/a><p id=\"caption-attachment-2986\" class=\"wp-caption-text\">Arenaria grandiflora L. ( Sabline \u00e0 grandes fleurs )<\/p><\/div>\n<p><strong><span style=\"text-decoration: underline;\">Ecologie :<\/span><\/strong><br \/>\nOn la retrouve g\u00e9n\u00e9ralement dans les \u00e9boulis de montagne, mais aussi sur les pelouses sur des sols calcaires.<\/p>\n<p><strong><span style=\"text-decoration: underline;\">Phytosociologie :<\/span><i><\/i><\/strong><\/p>\n<table>\n<tbody>\n<tr>\n<td>Ordre<\/td>\n<td>Classe<\/td>\n<\/tr>\n<tr>\n<td><strong>Ononidetalia striatae<\/strong><\/td>\n<td><strong>Festuco valesiacae-Brometea erecti<\/strong><\/td>\n<\/tr>\n<tr>\n<td>Communaut\u00e9s x\u00e9rophiles \u00e0 m\u00e9sox\u00e9rophiles, subm\u00e9diterran\u00e9ennes, et supra- \u00e0 orom\u00e9diterran\u00e9ennes.<\/td>\n<td>Pelouses \u00e0 dominance d\u2019h\u00e9micryptophytes, parfois landines et garrigues sous climat subm\u00e9diterran\u00e9en, x\u00e9rophiles \u00e0 m\u00e9sox\u00e9rophiles, collin\u00e9ennes \u00e0 montagnardes, europ\u00e9ennes et ouest-sib\u00e9riennes, surtout sur substrats carbonat\u00e9s ou basiques.<\/td>\n<\/tr>\n<\/tbody>\n<\/table>\n<table>\n<tbody>\n<tr>\n<td>Alliance<\/td>\n<td>Ordre<\/td>\n<td>Classe<\/td>\n<\/tr>\n<tr>\n<td><strong>Seslerion caeruleae<\/strong><\/td>\n<td><strong>Seslerietalia caeruleae<\/strong><\/td>\n<td><strong>Festuco-Seslerietea caeruleae<\/strong><\/td>\n<\/tr>\n<tr>\n<td>Communaut\u00e9s m\u00e9so-x\u00e9rophiles du Jura et des Alpes.<\/td>\n<td>Communaut\u00e9s montagnardes, subalpines et alpines des massifs europ\u00e9ens.<\/td>\n<td>Pelouses calcicoles nordiques et orophiles.<\/td>\n<\/tr>\n<\/tbody>\n<\/table>\n<table>\n<tbody>\n<tr>\n<td>Alliance<\/td>\n<td>Ordre<\/td>\n<td>Classe<\/td>\n<\/tr>\n<tr>\n<td><strong>Thlaspion rotundifolii<\/strong><\/td>\n<td><strong>Thlaspietalia rotundifolii<\/strong><\/td>\n<td><strong>Thlaspietea rotundifolii<\/strong><\/td>\n<\/tr>\n<tr>\n<td>Communaut\u00e9s subalpines \u00e0 nivales des Alpes.<\/td>\n<td>Communaut\u00e9s surtout calcaricoles du montagnard \u00e0 l&rsquo;alpin, en stations plut\u00f4t fra\u00eeches.<\/td>\n<td>V\u00e9g\u00e9tations des \u00e9boulis plus ou moins mobiles.<\/td>\n<\/tr>\n<\/tbody>\n<\/table>\n<table>\n<tbody>\n<tr>\n<td>Alliance<\/td>\n<td>Ordre<\/td>\n<td>Classe<\/td>\n<\/tr>\n<tr>\n<td><strong>Xerobromion erecti<\/strong><\/td>\n<td><strong>Brometalia erecti<\/strong><\/td>\n<td><strong>Festuco valesiacae-Brometea erecti<\/strong><\/td>\n<\/tr>\n<tr>\n<td>Communaut\u00e9s x\u00e9rophiles plus ou moins ouvertes, de caract\u00e8re subm\u00e9diterran\u00e9en.<\/td>\n<td>Communaut\u00e9s atlantiques \u00e0 subatlantiques.<\/td>\n<td>Pelouses \u00e0 dominance d\u2019h\u00e9micryptophytes, parfois landines et garrigues sous climat subm\u00e9diterran\u00e9en, x\u00e9rophiles \u00e0 m\u00e9sox\u00e9rophiles, collin\u00e9ennes \u00e0 montagnardes, europ\u00e9ennes et ouest-sib\u00e9riennes, surtout sur substrats carbonat\u00e9s ou basiques.<\/td>\n<\/tr>\n<\/tbody>\n<\/table>\n<p><span style=\"text-decoration: underline;\">Sous-esp\u00e8ces ou vari\u00e9t\u00e9s :<\/span><br \/>\n<i>&#8211; Arenaria grandiflora L. subsp. grandiflora<br \/>\n<\/i><\/p>\n","protected":false},"excerpt":{"rendered":"<p>Une fiche plus r&eacute;cente existe, vous pouvez la consulter ICI Nom : Arenaria grandiflora L. ( Sabline \u00e0 grandes fleurs ) Famille : CARYOPHYLLACEAE Floraison : Mai &#8211; Septembre Forme biologique : H\u00e9micryptophyte. Protection : &#8211; Liste des esp\u00e8ces v\u00e9g\u00e9tales &hellip; <a href=\"https:\/\/preservons-la-nature.fr\/blog\/?p=2984\">Continuer la lecture <span class=\"meta-nav\">&rarr;<\/span><\/a><\/p>\n","protected":false},"author":1,"featured_media":0,"comment_status":"open","ping_status":"open","sticky":false,"template":"","format":"standard","meta":{"footnotes":""},"categories":[102],"tags":[61],"class_list":["post-2984","post","type-post","status-publish","format-standard","hentry","category-fiche-partielle-de-plantes","tag-caryophyllacees"],"_links":{"self":[{"href":"https:\/\/preservons-la-nature.fr\/blog\/index.php?rest_route=\/wp\/v2\/posts\/2984","targetHints":{"allow":["GET"]}}],"collection":[{"href":"https:\/\/preservons-la-nature.fr\/blog\/index.php?rest_route=\/wp\/v2\/posts"}],"about":[{"href":"https:\/\/preservons-la-nature.fr\/blog\/index.php?rest_route=\/wp\/v2\/types\/post"}],"author":[{"embeddable":true,"href":"https:\/\/preservons-la-nature.fr\/blog\/index.php?rest_route=\/wp\/v2\/users\/1"}],"replies":[{"embeddable":true,"href":"https:\/\/preservons-la-nature.fr\/blog\/index.php?rest_route=%2Fwp%2Fv2%2Fcomments&post=2984"}],"version-history":[{"count":1,"href":"https:\/\/preservons-la-nature.fr\/blog\/index.php?rest_route=\/wp\/v2\/posts\/2984\/revisions"}],"predecessor-version":[{"id":2988,"href":"https:\/\/preservons-la-nature.fr\/blog\/index.php?rest_route=\/wp\/v2\/posts\/2984\/revisions\/2988"}],"wp:attachment":[{"href":"https:\/\/preservons-la-nature.fr\/blog\/index.php?rest_route=%2Fwp%2Fv2%2Fmedia&parent=2984"}],"wp:term":[{"taxonomy":"category","embeddable":true,"href":"https:\/\/preservons-la-nature.fr\/blog\/index.php?rest_route=%2Fwp%2Fv2%2Fcategories&post=2984"},{"taxonomy":"post_tag","embeddable":true,"href":"https:\/\/preservons-la-nature.fr\/blog\/index.php?rest_route=%2Fwp%2Fv2%2Ftags&post=2984"}],"curies":[{"name":"wp","href":"https:\/\/api.w.org\/{rel}","templated":true}]}}