{"id":2973,"date":"2014-03-06T13:48:59","date_gmt":"2014-03-06T12:48:59","guid":{"rendered":"https:\/\/www.preservons-la-nature.fr\/blog\/?p=2973"},"modified":"2014-03-06T13:48:59","modified_gmt":"2014-03-06T12:48:59","slug":"epilobium-parviflorum-schreb-epilobe-a-petites-fleurs","status":"publish","type":"post","link":"https:\/\/preservons-la-nature.fr\/blog\/?p=2973","title":{"rendered":"Epilobium parviflorum Schreb. ( \u00c9pilobe \u00e0 petites fleurs )"},"content":{"rendered":"<p><STRONG>Une fiche plus r&eacute;cente existe, vous pouvez la consulter <a href=\"https:\/\/www.preservons-la-nature.fr\/flore\/taxon\/397.html\">ICI<\/a><\/STRONG><div id=\"attachment_2974\" style=\"width: 370px\" class=\"wp-caption aligncenter\"><a href=\"https:\/\/www.preservons-la-nature.fr\/blog\/wp-content\/uploads\/2014\/03\/DSC1009.jpg\"><img loading=\"lazy\" decoding=\"async\" aria-describedby=\"caption-attachment-2974\" class=\" wp-image-2974 \" title=\"Epilobium parviflorum Schreb. ( \u00c9pilobe \u00e0 petites fleurs )\" alt=\"Epilobium parviflorum Schreb. ( \u00c9pilobe \u00e0 petites fleurs )\" src=\"https:\/\/www.preservons-la-nature.fr\/blog\/wp-content\/uploads\/2014\/03\/DSC1009.jpg\" width=\"360\" height=\"540\" srcset=\"https:\/\/preservons-la-nature.fr\/blog\/wp-content\/uploads\/2014\/03\/DSC1009.jpg 400w, https:\/\/preservons-la-nature.fr\/blog\/wp-content\/uploads\/2014\/03\/DSC1009-200x300.jpg 200w\" sizes=\"auto, (max-width: 360px) 100vw, 360px\" \/><\/a><p id=\"caption-attachment-2974\" class=\"wp-caption-text\">Epilobium parviflorum Schreb. ( \u00c9pilobe \u00e0 petites fleurs )<\/p><\/div><\/p>\n<p><strong><span style=\"text-decoration: underline;\">Nom :<\/span><\/strong> <i>Epilobium parviflorum Schreb.<\/i> ( \u00c9pilobe \u00e0 petites fleurs )<\/p>\n<p><strong><span style=\"text-decoration: underline;\">Autre(s) nom(s) :<\/span><\/strong><br \/>\n\u00c9pilobe-mollet.<\/p>\n<p><strong><span style=\"text-decoration: underline;\">Famille :<\/span><\/strong> ONAGRACEAE<\/p>\n<p><strong><span style=\"text-decoration: underline;\">Floraison :<\/span><\/strong> Juin &#8211; Septembre<\/p>\n<p><strong><span style=\"text-decoration: underline;\">Description dans la flore de Coste :<\/span><\/strong><br \/>\nPlante de 30-80 cm, dress\u00e9e, mollement poilue, \u00e0 souche tronqu\u00e9e, \u00e9mettant de courtes rosettes de feuilles ; tige sans lignes saillantes ; feuilles inf\u00e9rieures et moyennes oppos\u00e9es, oblongues-lanc\u00e9ol\u00e9es, \u00e0 peine denticul\u00e9es, sessiles, non embrassantes ; fleurs d&rsquo;un rose p\u00e2le, petites (6-7 mm de diam.), toujours dress\u00e9es, en grappes feuill\u00e9es ; bouton floral obtus, \u00e0 s\u00e9pales mutiques; p\u00e9tales bilob\u00e9s ; d\u00e9passant \u00e0 peine le calice ; 4 stigmates, \u00e9tal\u00e9s en croix ; capsule pub\u00e9rulente.<\/p>\n<p><strong><span style=\"text-decoration: underline;\">Pr\u00e9sent dans le(s) d\u00e9partement(s) suivant(s) :<\/span><\/strong><br \/>\nAin, Aisne, Allier, Alpes-de-Haute-Provence, Alpes-Maritimes, Ardennes, Aube, Bas-Rhin, Bouches-du-Rh\u00f4ne, Calvados, Cantal, Charente, Charente-Maritime, Cher, Corr\u00e8ze, C\u00f4te-d&rsquo;Or, C\u00f4tes-d&rsquo;Armor, Creuse, Deux-S\u00e8vres, Dordogne, Doubs, Essonne, Eure, Eure-et-Loir, Finist\u00e8re, Haute-Corse, Haute-Loire, Haute-Marne, Hautes-Alpes, Haute-Sa\u00f4ne, Haute-Savoie, Haute-Vienne, Haut-Rhin, Hauts-de-Seine, Ille-et-Vilaine, Indre, Indre-et-Loire, Is\u00e8re, Jura, Loire-Atlantique, Loiret, Loir-et-Cher, Lot, Lot-et-Garonne, Maine-et-Loire, Manche, Marne, Mayenne, Meurthe-et-Moselle, Meuse, Morbihan, Moselle, Ni\u00e8vre, Nord, Oise, Orne, Paris, Pas-de-Calais, Puy-de-D\u00f4me, Pyr\u00e9n\u00e9es-Atlantiques, Sa\u00f4ne-et-Loire, Sarthe, Seine-et-Marne, Seine-Maritime, Seine-Saint-Denis, Somme, Tarn-et-Garonne, Territoire-de-Belfort, Val-de-Marne, Val-d&rsquo;Oise, Var, Vaucluse, Vend\u00e9e, Vienne, Vosges, Yonne, Yvelines.<br \/>\n<div id=\"attachment_2975\" style=\"width: 610px\" class=\"wp-caption aligncenter\"><a href=\"https:\/\/www.preservons-la-nature.fr\/blog\/?attachment_id=2975\" rel=\"attachment wp-att-2975\"><img loading=\"lazy\" decoding=\"async\" aria-describedby=\"caption-attachment-2975\" src=\"https:\/\/www.preservons-la-nature.fr\/blog\/wp-content\/uploads\/2014\/03\/carte17.jpg\" alt=\"R\u00e9partition de Epilobium parviflorum Schreb. ( \u00c9pilobe \u00e0 petites fleurs )\" width=\"600\" height=\"600\" class=\"size-full wp-image-2975\" srcset=\"https:\/\/preservons-la-nature.fr\/blog\/wp-content\/uploads\/2014\/03\/carte17.jpg 600w, https:\/\/preservons-la-nature.fr\/blog\/wp-content\/uploads\/2014\/03\/carte17-150x150.jpg 150w, https:\/\/preservons-la-nature.fr\/blog\/wp-content\/uploads\/2014\/03\/carte17-300x300.jpg 300w\" sizes=\"auto, (max-width: 600px) 100vw, 600px\" \/><\/a><p id=\"caption-attachment-2975\" class=\"wp-caption-text\">R\u00e9partition de Epilobium parviflorum Schreb. ( \u00c9pilobe \u00e0 petites fleurs )<\/p><\/div><br \/>\n<strong><span style=\"text-decoration: underline;\">Phytosociologie :<\/span><i><\/i><\/strong><\/p>\n<table>\n<tbody>\n<tr>\n<td>Alliance<\/td>\n<td>Ordre<\/td>\n<td>Classe<\/td>\n<\/tr>\n<tr>\n<td><strong>Convolvulion sepium<\/strong><\/td>\n<td><strong>Convolvuletalia sepium<\/strong><\/td>\n<td><strong>Filipendulo ulmariae-Convolvuletea sepium<\/strong><\/td>\n<\/tr>\n<tr>\n<td>Communaut\u00e9s de la partie moyenne et sup\u00e9rieure des cours d&rsquo;eau et des bordures de lac.<\/td>\n<td><\/td>\n<td>M\u00e9gaphorbiaies planitiaires \u00e0 montagnardes, m\u00e9so-eutrophes, des stations plus ou moins inondables \u00e0 humides.<\/td>\n<\/tr>\n<\/tbody>\n<\/table>\n<table>\n<tbody>\n<tr>\n<td>Alliance<\/td>\n<td>Ordre<\/td>\n<td>Classe<\/td>\n<\/tr>\n<tr>\n<td><strong>Hydrocotylo vulgaris-Schoenion nigricantis<\/strong><\/td>\n<td><strong>Caricetalia davallianae<\/strong><\/td>\n<td><strong>Scheuchzerio palustris-Caricetea fuscae<\/strong><\/td>\n<\/tr>\n<tr>\n<td>Communaut\u00e9s atlantiques planitiaires des sols tourbeux oligotrophes.<\/td>\n<td>Communaut\u00e9s de bas-marais alcalins \u00e0 m\u00e9sotrophes, sur sol neutro-basique, tourbeux \u00e0 min\u00e9ral.<\/td>\n<td>V\u00e9g\u00e9tation hygrophile de bas-marais, \u00e0 dominance d\u2019h\u00e9micryptophytes, collin\u00e9enne \u00e0 alpine, sur sol tourbeux, paratourbeux ou min\u00e9ral, oligotrophe \u00e0 m\u00e9sotrophe.<\/td>\n<\/tr>\n<\/tbody>\n<\/table>\n<table>\n<tbody>\n<tr>\n<td>Alliance<\/td>\n<td>Ordre<\/td>\n<td>Classe<\/td>\n<\/tr>\n<tr>\n<td><strong>Mentho longifoliae-Juncion inflexi<\/strong><\/td>\n<td><strong>Potentillo anserinae-Polygonetalia avicularis<\/strong><\/td>\n<td><strong>Agrostietea stoloniferae<\/strong><\/td>\n<\/tr>\n<tr>\n<td>Communaut\u00e9s p\u00e2tur\u00e9es neutroclines.<\/td>\n<td>Prairies eurosib\u00e9riennes subissant des inondations de courte dur\u00e9e.<\/td>\n<td>V\u00e9g\u00e9tation prairiale des sols engorg\u00e9s ou inondables, essentiellement min\u00e9raux, m\u00e9sotrophes \u00e0 eutrophes.<\/td>\n<\/tr>\n<\/tbody>\n<\/table>\n<table>\n<tbody>\n<tr>\n<td>Alliance<\/td>\n<td>Ordre<\/td>\n<td>Classe<\/td>\n<\/tr>\n<tr>\n<td><strong>Molinio arundinaceae-Holoschoenion vulgaris<\/strong><\/td>\n<td><strong>Holoschoenetalia vulgaris<\/strong><\/td>\n<td><strong>Molinio caeruleae-Juncetea acutiflori<\/strong><\/td>\n<\/tr>\n<tr>\n<td>Communaut\u00e9s \u00e9lev\u00e9es m\u00e9sohygrophiles m\u00e9ridionales.<\/td>\n<td>Communaut\u00e9s m\u00e9diterran\u00e9ennes.<\/td>\n<td>Prairies hygrophiles \u00e0 m\u00e9sohygrophiles, sur sol oligotrophe \u00e0 m\u00e9sotrophe.<\/td>\n<\/tr>\n<\/tbody>\n<\/table>\n<p><strong><span style=\"text-decoration: underline;\">Taxonomie :<\/span><\/strong><br \/>\n<i>Epilobium parviflorum Schreb.<\/i> a pour synonymes (Informations issues de la BDTFX Version 2.0, <a href=\"http:\/\/www.tela-botanica.org\" target=\"_blank\">Tela Botanica<\/a>) :<i><br \/>\n&#8211; Chamaenerion parviflorum Schreb.<br \/>\n&#8211; Chamaenerion pubescens Moench<br \/>\n&#8211; Epilobium cordatum Biv.<br \/>\n&#8211; Epilobium costeanum Sennen<br \/>\n&#8211; Epilobium intermedium M\u00e9rat<br \/>\n&#8211; Epilobium menthoides Boiss. &amp; Heldr.<br \/>\n&#8211; Epilobium molle f. maritimum H.L\u00e9v.<br \/>\n&#8211; Epilobium molle Lam.<br \/>\n&#8211; Epilobium mollissimum Hausskn.<br \/>\n&#8211; Epilobium mutabile Boiss &amp; Reut.<br \/>\n&#8211; Epilobium parviflorum subvar. verticillatum Coss. &amp; Germ.<br \/>\n&#8211; Epilobium parviflorum var. intermedium (M\u00e9rat) Cariot &amp; St.-Lag.<br \/>\n&#8211; Epilobium parviflorum var. intermedium Rouy &amp; E.G.Camus<br \/>\n&#8211; Epilobium parviflorum var. maritimum (H.L\u00e9v.) Rouy &amp; E.G.Camus<br \/>\n&#8211; Epilobium parviflorum var. verticillatum (Coss. &amp; Germ.) Rouy &amp; E.G.Camus<br \/>\n&#8211; Epilobium pubescens Roth<br \/>\n&#8211; Epilobium rivulare Hegetschw.<br \/>\n&#8211; Epilobium salcedoi Vicioso<br \/>\n&#8211; Epilobium stenophyllum Borb\u00e1s<br \/>\n&#8211; Epilobium umbrosum Dumort.<br \/>\n&#8211; Epilobium vestitum Benth.<br \/>\n&#8211; Epilobium villosum Leyss.<br \/>\n<\/i><\/p>\n","protected":false},"excerpt":{"rendered":"<p>Une fiche plus r&eacute;cente existe, vous pouvez la consulter ICI Nom : Epilobium parviflorum Schreb. ( \u00c9pilobe \u00e0 petites fleurs ) Autre(s) nom(s) : \u00c9pilobe-mollet. Famille : ONAGRACEAE Floraison : Juin &#8211; Septembre Description dans la flore de Coste : &hellip; <a href=\"https:\/\/preservons-la-nature.fr\/blog\/?p=2973\">Continuer la lecture <span class=\"meta-nav\">&rarr;<\/span><\/a><\/p>\n","protected":false},"author":1,"featured_media":0,"comment_status":"open","ping_status":"open","sticky":false,"template":"","format":"standard","meta":{"footnotes":""},"categories":[102],"tags":[74],"class_list":["post-2973","post","type-post","status-publish","format-standard","hentry","category-fiche-partielle-de-plantes","tag-onagracees"],"_links":{"self":[{"href":"https:\/\/preservons-la-nature.fr\/blog\/index.php?rest_route=\/wp\/v2\/posts\/2973","targetHints":{"allow":["GET"]}}],"collection":[{"href":"https:\/\/preservons-la-nature.fr\/blog\/index.php?rest_route=\/wp\/v2\/posts"}],"about":[{"href":"https:\/\/preservons-la-nature.fr\/blog\/index.php?rest_route=\/wp\/v2\/types\/post"}],"author":[{"embeddable":true,"href":"https:\/\/preservons-la-nature.fr\/blog\/index.php?rest_route=\/wp\/v2\/users\/1"}],"replies":[{"embeddable":true,"href":"https:\/\/preservons-la-nature.fr\/blog\/index.php?rest_route=%2Fwp%2Fv2%2Fcomments&post=2973"}],"version-history":[{"count":2,"href":"https:\/\/preservons-la-nature.fr\/blog\/index.php?rest_route=\/wp\/v2\/posts\/2973\/revisions"}],"predecessor-version":[{"id":2977,"href":"https:\/\/preservons-la-nature.fr\/blog\/index.php?rest_route=\/wp\/v2\/posts\/2973\/revisions\/2977"}],"wp:attachment":[{"href":"https:\/\/preservons-la-nature.fr\/blog\/index.php?rest_route=%2Fwp%2Fv2%2Fmedia&parent=2973"}],"wp:term":[{"taxonomy":"category","embeddable":true,"href":"https:\/\/preservons-la-nature.fr\/blog\/index.php?rest_route=%2Fwp%2Fv2%2Fcategories&post=2973"},{"taxonomy":"post_tag","embeddable":true,"href":"https:\/\/preservons-la-nature.fr\/blog\/index.php?rest_route=%2Fwp%2Fv2%2Ftags&post=2973"}],"curies":[{"name":"wp","href":"https:\/\/api.w.org\/{rel}","templated":true}]}}