{"id":2967,"date":"2014-04-07T00:39:37","date_gmt":"2014-04-06T23:39:37","guid":{"rendered":"https:\/\/www.preservons-la-nature.fr\/blog\/?p=2967"},"modified":"2014-03-06T13:46:09","modified_gmt":"2014-03-06T12:46:09","slug":"epilobium-hirsutum-l-epilobe-hirsute","status":"publish","type":"post","link":"https:\/\/preservons-la-nature.fr\/blog\/?p=2967","title":{"rendered":"Epilobium hirsutum L. ( Epilobe hirsute )"},"content":{"rendered":"<p><STRONG>Une fiche plus r&eacute;cente existe, vous pouvez la consulter <a href=\"https:\/\/www.preservons-la-nature.fr\/flore\/taxon\/395.html\">ICI<\/a><\/STRONG><div id=\"attachment_2968\" style=\"width: 370px\" class=\"wp-caption aligncenter\"><a href=\"https:\/\/www.preservons-la-nature.fr\/blog\/wp-content\/uploads\/2014\/03\/DSC0896.jpg\"><img loading=\"lazy\" decoding=\"async\" aria-describedby=\"caption-attachment-2968\" class=\" wp-image-2968 \" title=\"Epilobium hirsutum L. ( Epilobe hirsute )\" alt=\"Epilobium hirsutum L. ( Epilobe hirsute )\" src=\"https:\/\/www.preservons-la-nature.fr\/blog\/wp-content\/uploads\/2014\/03\/DSC0896.jpg\" width=\"360\" height=\"540\" srcset=\"https:\/\/preservons-la-nature.fr\/blog\/wp-content\/uploads\/2014\/03\/DSC0896.jpg 400w, https:\/\/preservons-la-nature.fr\/blog\/wp-content\/uploads\/2014\/03\/DSC0896-200x300.jpg 200w\" sizes=\"auto, (max-width: 360px) 100vw, 360px\" \/><\/a><p id=\"caption-attachment-2968\" class=\"wp-caption-text\">Epilobium hirsutum L. ( Epilobe hirsute )<\/p><\/div><\/p>\n<p><strong><span style=\"text-decoration: underline;\">Nom :<\/span><\/strong> <i>Epilobium hirsutum L.<\/i> ( Epilobe hirsute )<\/p>\n<p><strong><span style=\"text-decoration: underline;\">Autre(s) nom(s) :<\/span><\/strong><br \/>\n\u00c9pilobe h\u00e9riss\u00e9, \u00c9pilobe velu.<\/p>\n<p><strong><span style=\"text-decoration: underline;\">Famille :<\/span><\/strong> ONAGRACEAE<\/p>\n<p><strong><span style=\"text-decoration: underline;\">Floraison :<\/span><\/strong> Juin &#8211; Septembre<\/p>\n<p><strong><span style=\"text-decoration: underline;\">Forme biologique :<\/span><\/strong><br \/>\nH\u00e9micryptophyte.<\/p>\n<p><strong><span style=\"text-decoration: underline;\">Description dans la flore de Coste :<\/span><\/strong><br \/>\nPlante d\u00e9passant souvent 1 m, dress\u00e9e, velue-h\u00e9riss\u00e9e, \u00e0 souche longuement stolonif\u00e8re, tige sans lignes saillantes ; feuilles oblongues-lanc\u00e9ol\u00e9es, denticul\u00e9es, demi-embrassantes, un peu d\u00e9currentes ; fleurs d&rsquo;un rose pourpre, grandes (environ 2 cm), en entonnoir, toujours dress\u00e9es, en grappes feuill\u00e9es ; bouton floral apicul\u00e9 par les s\u00e9pales mucron\u00e9es ; p\u00e9tales \u00e9gaux, bilob\u00e9s, une ou deux fois plus longs que le calice ; \u00e9tamines et styles dress\u00e9s ; quatre stigmates \u00e9tal\u00e9s en croix ; capsule pubescente.<\/p>\n<p><strong><span style=\"text-decoration: underline;\">Usages \/ particularit\u00e9s :<\/span><\/strong><br \/>\nElle peut \u00eatre confondue \u00e0 l&rsquo;\u00e9tat v\u00e9g\u00e9tatif avec Epilobium parviflorum dont la pilosit\u00e9 rase et gris\u00e2tre la diff\u00e9rencie.<\/p>\n<div id=\"attachment_2969\" style=\"width: 650px\" class=\"wp-caption aligncenter\"><a href=\"https:\/\/www.preservons-la-nature.fr\/blog\/wp-content\/uploads\/2014\/03\/DSC0933.jpg\"><img loading=\"lazy\" decoding=\"async\" aria-describedby=\"caption-attachment-2969\" class=\"size-full wp-image-2969\" title=\"Epilobium hirsutum L. ( Epilobe hirsute )\" alt=\"Epilobium hirsutum L. ( Epilobe hirsute )\" src=\"https:\/\/www.preservons-la-nature.fr\/blog\/wp-content\/uploads\/2014\/03\/DSC0933.jpg\" width=\"640\" height=\"426\" srcset=\"https:\/\/preservons-la-nature.fr\/blog\/wp-content\/uploads\/2014\/03\/DSC0933.jpg 800w, https:\/\/preservons-la-nature.fr\/blog\/wp-content\/uploads\/2014\/03\/DSC0933-300x199.jpg 300w\" sizes=\"auto, (max-width: 640px) 100vw, 640px\" \/><\/a><p id=\"caption-attachment-2969\" class=\"wp-caption-text\">Epilobium hirsutum L. ( Epilobe hirsute )<\/p><\/div>\n<p><strong><span style=\"text-decoration: underline;\">Pr\u00e9sent dans le(s) d\u00e9partement(s) suivant(s) :<\/span><\/strong><br \/>\nAin, Aisne, Allier, Alpes-de-Haute-Provence, Alpes-Maritimes, Ardennes, Aube, Aveyron, Bas-Rhin, Bouches-du-Rh\u00f4ne, Calvados, Cantal, Charente, Charente-Maritime, Cher, Corr\u00e8ze, Corse-du-Sud, C\u00f4te-d&rsquo;Or, C\u00f4tes-d&rsquo;Armor, Creuse, Deux-S\u00e8vres, Dordogne, Doubs, Dr\u00f4me, Essonne, Eure, Eure-et-Loir, Finist\u00e8re, Gironde, Haute-Corse, Haute-Loire, Haute-Marne, Hautes-Alpes, Haute-Sa\u00f4ne, Haute-Vienne, Haut-Rhin, Hauts-de-Seine, Ille-et-Vilaine, Indre, Indre-et-Loire, Is\u00e8re, Jura, Loire-Atlantique, Loiret, Loir-et-Cher, Lot, Lot-et-Garonne, Loz\u00e8re, Maine-et-Loire, Manche, Marne, Mayenne, Meurthe-et-Moselle, Meuse, Morbihan, Moselle, Ni\u00e8vre, Nord, Oise, Orne, Paris, Pas-de-Calais, Puy-de-D\u00f4me, Pyr\u00e9n\u00e9es-Orientales, Sa\u00f4ne-et-Loire, Sarthe, Seine-et-Marne, Seine-Maritime, Seine-Saint-Denis, Somme, Tarn-et-Garonne, Territoire-de-Belfort, Val-de-Marne, Val-d&rsquo;Oise, Var, Vaucluse, Vend\u00e9e, Vienne, Vosges, Yonne, Yvelines.<\/p>\n<div id=\"attachment_2971\" style=\"width: 610px\" class=\"wp-caption aligncenter\"><a href=\"https:\/\/www.preservons-la-nature.fr\/blog\/?attachment_id=2971\" rel=\"attachment wp-att-2971\"><img loading=\"lazy\" decoding=\"async\" aria-describedby=\"caption-attachment-2971\" class=\"size-full wp-image-2971\" alt=\"R\u00e9partition de Epilobium hirsutum L. ( Epilobe hirsute )\" src=\"https:\/\/www.preservons-la-nature.fr\/blog\/wp-content\/uploads\/2014\/03\/carte16.jpg\" width=\"600\" height=\"600\" srcset=\"https:\/\/preservons-la-nature.fr\/blog\/wp-content\/uploads\/2014\/03\/carte16.jpg 600w, https:\/\/preservons-la-nature.fr\/blog\/wp-content\/uploads\/2014\/03\/carte16-150x150.jpg 150w, https:\/\/preservons-la-nature.fr\/blog\/wp-content\/uploads\/2014\/03\/carte16-300x300.jpg 300w\" sizes=\"auto, (max-width: 600px) 100vw, 600px\" \/><\/a><p id=\"caption-attachment-2971\" class=\"wp-caption-text\">R\u00e9partition de Epilobium hirsutum L. ( Epilobe hirsute )<\/p><\/div>\n<div id=\"attachment_2970\" style=\"width: 370px\" class=\"wp-caption aligncenter\"><a href=\"https:\/\/www.preservons-la-nature.fr\/blog\/wp-content\/uploads\/2014\/03\/DSC1053.jpg\"><img loading=\"lazy\" decoding=\"async\" aria-describedby=\"caption-attachment-2970\" class=\" wp-image-2970\" title=\"Epilobium hirsutum L. ( Epilobe hirsute )\" alt=\"Epilobium hirsutum L. ( Epilobe hirsute )\" src=\"https:\/\/www.preservons-la-nature.fr\/blog\/wp-content\/uploads\/2014\/03\/DSC1053.jpg\" width=\"360\" height=\"540\" srcset=\"https:\/\/preservons-la-nature.fr\/blog\/wp-content\/uploads\/2014\/03\/DSC1053.jpg 400w, https:\/\/preservons-la-nature.fr\/blog\/wp-content\/uploads\/2014\/03\/DSC1053-200x300.jpg 200w\" sizes=\"auto, (max-width: 360px) 100vw, 360px\" \/><\/a><p id=\"caption-attachment-2970\" class=\"wp-caption-text\">Epilobium hirsutum L. ( Epilobe hirsute )<\/p><\/div>\n<p><strong><span style=\"text-decoration: underline;\">Ecologie :<\/span><\/strong><br \/>\nOn la trouve aux bords des cours d&rsquo;eaux, dans les foss\u00e9s sur sols riches en bases et en \u00e9l\u00e9ments nutritifs. Elle colonise \u00e9galement les roseli\u00e8res et les bois mar\u00e9cageux,.<\/p>\n<p><strong><span style=\"text-decoration: underline;\">Phytosociologie :<\/span><i><\/i><\/strong><\/p>\n<table>\n<tbody>\n<tr>\n<td>Alliance<\/td>\n<td>Ordre<\/td>\n<td>Classe<\/td>\n<\/tr>\n<tr>\n<td><strong>Alnion glutinosae<\/strong><\/td>\n<td><strong>Alnetalia glutinosae<\/strong><\/td>\n<td><strong>Alnetea glutinosae<\/strong><\/td>\n<\/tr>\n<tr>\n<td>Communaut\u00e9s m\u00e9so-eutrophes.<\/td>\n<td>Communaut\u00e9s domin\u00e9es par l&rsquo;aulne glutineux, parfois par le bouleau pubescent.<\/td>\n<td>For\u00eats d&rsquo;aulnes, parfois de bouleaux ou de saules des d\u00e9pressions mar\u00e9cageuses, sur sol engorg\u00e9 une grande partie de l&rsquo;ann\u00e9e ; Europe temp\u00e9r\u00e9e, aux \u00e9tages planitiaire, collin\u00e9en et montagnard.<\/td>\n<\/tr>\n<\/tbody>\n<\/table>\n<table>\n<tbody>\n<tr>\n<td>Alliance<\/td>\n<td>Ordre<\/td>\n<td>Classe<\/td>\n<\/tr>\n<tr>\n<td><strong>Convolvulion sepium<\/strong><\/td>\n<td><strong>Convolvuletalia sepium<\/strong><\/td>\n<td><strong>Filipendulo ulmariae-Convolvuletea sepium<\/strong><\/td>\n<\/tr>\n<tr>\n<td>Communaut\u00e9s de la partie moyenne et sup\u00e9rieure des cours d&rsquo;eau et des bordures de lac.<\/td>\n<td><\/td>\n<td>M\u00e9gaphorbiaies planitiaires \u00e0 montagnardes, m\u00e9so-eutrophes, des stations plus ou moins inondables \u00e0 humides.<\/td>\n<\/tr>\n<\/tbody>\n<\/table>\n<table>\n<tbody>\n<tr>\n<td>Alliance<\/td>\n<td>Ordre<\/td>\n<td>Classe<\/td>\n<\/tr>\n<tr>\n<td><strong>Phragmition communis<\/strong><\/td>\n<td><strong>Phragmitetalia australis<\/strong><\/td>\n<td><strong>Phragmiti australis-Magnocaricetea elatae<\/strong><\/td>\n<\/tr>\n<tr>\n<td>Communaut\u00e9s eurosib\u00e9riennes des zones \u00e0 nappe d&rsquo;eau \u00e0 faible variation de niveau.<\/td>\n<td>Communaut\u00e9s \u00e0 inondation r\u00e9guli\u00e8re et prolong\u00e9e, sur sol min\u00e9ral eutrophe \u00e0 \u00e9l\u00e9ments grossiers, souvent \u00e0 matrice vaseuse.<\/td>\n<td>V\u00e9g\u00e9tation des bords d&rsquo;\u00e9tangs, lacs, rivi\u00e8res et marais sur sol m\u00e9sotrophe \u00e0 eutrophe, parfois tourbeux.<\/td>\n<\/tr>\n<\/tbody>\n<\/table>\n<table>\n<tbody>\n<tr>\n<td>Alliance<\/td>\n<td>Ordre<\/td>\n<td>Classe<\/td>\n<\/tr>\n<tr>\n<td><strong>Salicion albae<\/strong><\/td>\n<td><strong>Salicetalia albae<\/strong><\/td>\n<td><strong>Salicetea purpureae<\/strong><\/td>\n<\/tr>\n<tr>\n<td>Communaut\u00e9s pionni\u00e8res ou matures.<\/td>\n<td>Communaut\u00e9s arborescentes.<\/td>\n<td>V\u00e9g\u00e9tation foresti\u00e8re et arbustive riveraine \u00e0 bois tendre.<\/td>\n<\/tr>\n<\/tbody>\n<\/table>\n<table>\n<tbody>\n<tr>\n<td>Alliance<\/td>\n<td>Ordre<\/td>\n<td>Classe<\/td>\n<\/tr>\n<tr>\n<td><strong>Thalictro flavi-Filipendulion ulmariae<\/strong><\/td>\n<td><strong>Filipenduletalia ulmariae<\/strong><\/td>\n<td><strong>Filipendulo ulmariae-Convolvuletea sepium<\/strong><\/td>\n<\/tr>\n<tr>\n<td>Communaut\u00e9s planitiaires.<\/td>\n<td>Communaut\u00e9s m\u00e9sotrophes des d\u00e9pressions sujettes \u00e0 inondation phr\u00e9atique, sur sol riche en mati\u00e8re organique.<\/td>\n<td>M\u00e9gaphorbiaies planitiaires \u00e0 montagnardes, m\u00e9so-eutrophes, des stations plus ou moins inondables \u00e0 humides.<\/td>\n<\/tr>\n<\/tbody>\n<\/table>\n<p><strong><span style=\"text-decoration: underline;\">Taxonomie :<\/span><\/strong><br \/>\n<i>Epilobium hirsutum L.<\/i> a pour synonymes (Informations issues de la BDTFX Version 2.0, <a href=\"http:\/\/www.tela-botanica.org\" target=\"_blank\">Tela Botanica<\/a>) :<i><br \/>\n&#8211; Chamaenerion grandiflorum Moench<br \/>\n&#8211; Chamaenerion hirsutum (L.) Scop.<br \/>\n&#8211; Epilobium amplexicaule Lam.<br \/>\n&#8211; Epilobium aquaticum Thuill.<br \/>\n&#8211; Epilobium grandiflorum Weber<br \/>\n&#8211; Epilobium himalense Royle<br \/>\n&#8211; Epilobium hirsutum subsp. parviflorum Ehrh.<br \/>\n&#8211; Epilobium hirsutum var. subglabrum W.D.J.Koch<br \/>\n&#8211; Epilobium hirsutum var. villosissimum W.D.J.Koch<br \/>\n&#8211; Epilobium incanum Pers.<br \/>\n&#8211; Epilobium laetum Wall.<br \/>\n&#8211; Epilobium mirei Qu\u00e9zel<br \/>\n&#8211; Epilobium nassirelinulcii Stapf<br \/>\n&#8211; Epilobium peradnatum Borb\u00e1s<br \/>\n&#8211; Epilobium ramosum Huds.<br \/>\n&#8211; Epilobium sericeum Benth.<br \/>\n&#8211; Epilobium serratum Jacquem. ex C.B.Clarke<br \/>\n&#8211; Epilobium tomentosum Vent.<br \/>\n&#8211; Epilobium velutinum Nevski<br \/>\n&#8211; Epilobium villosum Thunb.<br \/>\n<\/i><\/p>\n","protected":false},"excerpt":{"rendered":"<p>Une fiche plus r&eacute;cente existe, vous pouvez la consulter ICI Nom : Epilobium hirsutum L. ( Epilobe hirsute ) Autre(s) nom(s) : \u00c9pilobe h\u00e9riss\u00e9, \u00c9pilobe velu. Famille : ONAGRACEAE Floraison : Juin &#8211; Septembre Forme biologique : H\u00e9micryptophyte. Description dans &hellip; <a href=\"https:\/\/preservons-la-nature.fr\/blog\/?p=2967\">Continuer la lecture <span class=\"meta-nav\">&rarr;<\/span><\/a><\/p>\n","protected":false},"author":1,"featured_media":0,"comment_status":"open","ping_status":"open","sticky":false,"template":"","format":"standard","meta":{"footnotes":""},"categories":[102],"tags":[74],"class_list":["post-2967","post","type-post","status-publish","format-standard","hentry","category-fiche-partielle-de-plantes","tag-onagracees"],"_links":{"self":[{"href":"https:\/\/preservons-la-nature.fr\/blog\/index.php?rest_route=\/wp\/v2\/posts\/2967","targetHints":{"allow":["GET"]}}],"collection":[{"href":"https:\/\/preservons-la-nature.fr\/blog\/index.php?rest_route=\/wp\/v2\/posts"}],"about":[{"href":"https:\/\/preservons-la-nature.fr\/blog\/index.php?rest_route=\/wp\/v2\/types\/post"}],"author":[{"embeddable":true,"href":"https:\/\/preservons-la-nature.fr\/blog\/index.php?rest_route=\/wp\/v2\/users\/1"}],"replies":[{"embeddable":true,"href":"https:\/\/preservons-la-nature.fr\/blog\/index.php?rest_route=%2Fwp%2Fv2%2Fcomments&post=2967"}],"version-history":[{"count":1,"href":"https:\/\/preservons-la-nature.fr\/blog\/index.php?rest_route=\/wp\/v2\/posts\/2967\/revisions"}],"predecessor-version":[{"id":2972,"href":"https:\/\/preservons-la-nature.fr\/blog\/index.php?rest_route=\/wp\/v2\/posts\/2967\/revisions\/2972"}],"wp:attachment":[{"href":"https:\/\/preservons-la-nature.fr\/blog\/index.php?rest_route=%2Fwp%2Fv2%2Fmedia&parent=2967"}],"wp:term":[{"taxonomy":"category","embeddable":true,"href":"https:\/\/preservons-la-nature.fr\/blog\/index.php?rest_route=%2Fwp%2Fv2%2Fcategories&post=2967"},{"taxonomy":"post_tag","embeddable":true,"href":"https:\/\/preservons-la-nature.fr\/blog\/index.php?rest_route=%2Fwp%2Fv2%2Ftags&post=2967"}],"curies":[{"name":"wp","href":"https:\/\/api.w.org\/{rel}","templated":true}]}}