{"id":2956,"date":"2014-04-05T00:54:16","date_gmt":"2014-04-04T23:54:16","guid":{"rendered":"https:\/\/www.preservons-la-nature.fr\/blog\/?p=2956"},"modified":"2014-03-05T12:57:36","modified_gmt":"2014-03-05T11:57:36","slug":"digitalis-purpurea-l-digitale-pourpre","status":"publish","type":"post","link":"https:\/\/preservons-la-nature.fr\/blog\/?p=2956","title":{"rendered":"Digitalis purpurea L. ( Digitale pourpre )"},"content":{"rendered":"<p><STRONG>Une fiche plus r&eacute;cente existe, vous pouvez la consulter <a href=\"https:\/\/www.preservons-la-nature.fr\/flore\/taxon\/355.html\">ICI<\/a><\/STRONG><div id=\"attachment_2958\" style=\"width: 370px\" class=\"wp-caption aligncenter\"><a href=\"https:\/\/www.preservons-la-nature.fr\/blog\/wp-content\/uploads\/2014\/04\/DSC0230.jpg\"><img loading=\"lazy\" decoding=\"async\" aria-describedby=\"caption-attachment-2958\" class=\" wp-image-2958 \" title=\"Digitalis purpurea L. ( Digitale pourpre )\" alt=\"Digitalis purpurea L. ( Digitale pourpre )\" src=\"https:\/\/www.preservons-la-nature.fr\/blog\/wp-content\/uploads\/2014\/04\/DSC0230.jpg\" width=\"360\" height=\"540\" srcset=\"https:\/\/preservons-la-nature.fr\/blog\/wp-content\/uploads\/2014\/04\/DSC0230.jpg 400w, https:\/\/preservons-la-nature.fr\/blog\/wp-content\/uploads\/2014\/04\/DSC0230-200x300.jpg 200w\" sizes=\"auto, (max-width: 360px) 100vw, 360px\" \/><\/a><p id=\"caption-attachment-2958\" class=\"wp-caption-text\">Digitalis purpurea L. ( Digitale pourpre )<\/p><\/div><\/p>\n<p><strong><span style=\"text-decoration: underline;\">Nom :<\/span><\/strong> <i>Digitalis purpurea L.<\/i> ( Digitale pourpre )<\/p>\n<p><strong><span style=\"text-decoration: underline;\">Autre(s) nom(s) :<\/span><\/strong><br \/>\nDigitale pourpr\u00e9e, Gantel\u00e9e, Grande Digitale.<\/p>\n<p><strong><span style=\"text-decoration: underline;\">Famille :<\/span><\/strong> PLANTAGINACEAE<\/p>\n<p><strong><span style=\"text-decoration: underline;\">Floraison :<\/span><\/strong> Mai &#8211; Septembre<\/p>\n<p><strong><span style=\"text-decoration: underline;\">Description dans la flore de Coste :<\/span><\/strong><br \/>\nPlante bisannuelle ou vivace de 50 cm \u00e0 1 m. 50, tomenteuse-blanch\u00e2tre, \u00e0 tige robuste, creuse, l\u00e2chement feuill\u00e9e ; feuilles ovales-oblongues, cr\u00e9nel\u00e9es-dent\u00e9es, mollement pubescentes, blanch\u00e2tres-tomenteuses et rid\u00e9es en r\u00e9seau en dessous, les inf\u00e9rieurs et les moyennes r\u00e9tr\u00e9cies en long p\u00e9tiole, les sup\u00e9rieurs subsessiles ; fleurs purpurines avec taches plus fonc\u00e9es en dedans, tr\u00e8s grandes, pendantes, en grappes allong\u00e9es ; calice pubescent, \u00e0 lobes ovales-oblongs, mucron\u00e9s ; corolle de 4-5 cm de long sur 2 de large, ventrue, glabre en dehors ; capsule ovale, tomenteuse, d\u00e9passant peu le calice.<\/p>\n<p><strong><span style=\"text-decoration: underline;\">R\u00e9partition fran\u00e7aise :<\/span><\/strong><br \/>\nElle est absente de la r\u00e9gion m\u00e9diterran\u00e9enne.<\/p>\n<p><strong><span style=\"text-decoration: underline;\">Pr\u00e9sent dans le(s) d\u00e9partement(s) suivant(s) :<\/span><\/strong><br \/>\nAisne, Allier, Ard\u00e8che, Ardennes, Ari\u00e8ge, Aube, Aveyron, Bas-Rhin, Calvados, Cantal, Charente, Charente-Maritime, Cher, Corr\u00e8ze, Corse-du-Sud, C\u00f4te-d&rsquo;Or, C\u00f4tes-d&rsquo;Armor, Creuse, Deux-S\u00e8vres, Dordogne, Doubs, Dr\u00f4me, Essonne, Eure, Eure-et-Loir, Finist\u00e8re, Haute-Corse, Haute-Garonne, Haute-Loire, Haute-Marne, Haute-Sa\u00f4ne, Haute-Savoie, Hautes-Pyr\u00e9n\u00e9es, Haute-Vienne, Haut-Rhin, Hauts-de-Seine, Ille-et-Vilaine, Indre, Indre-et-Loire, Is\u00e8re, Jura, Loire-Atlantique, Loiret, Loir-et-Cher, Lot, Loz\u00e8re, Maine-et-Loire, Manche, Marne, Mayenne, Meurthe-et-Moselle, Meuse, Morbihan, Moselle, Ni\u00e8vre, Nord, Oise, Orne, Paris, Pas-de-Calais, Puy-de-D\u00f4me, Pyr\u00e9n\u00e9es-Atlantiques, Sa\u00f4ne-et-Loire, Sarthe, Seine-et-Marne, Seine-Maritime, Seine-Saint-Denis, Somme, Tarn, Tarn-et-Garonne, Territoire-de-Belfort, Val-de-Marne, Val-d&rsquo;Oise, Vend\u00e9e, Vienne, Vosges, Yonne, Yvelines.<\/p>\n<div id=\"attachment_2961\" style=\"width: 610px\" class=\"wp-caption aligncenter\"><a href=\"https:\/\/www.preservons-la-nature.fr\/blog\/?attachment_id=2961\" rel=\"attachment wp-att-2961\"><img loading=\"lazy\" decoding=\"async\" aria-describedby=\"caption-attachment-2961\" class=\"size-full wp-image-2961\" alt=\"R\u00e9partition de Digitalis purpurea L. ( Digitale pourpre )\" src=\"https:\/\/www.preservons-la-nature.fr\/blog\/wp-content\/uploads\/2014\/04\/carte1.jpg\" width=\"600\" height=\"600\" srcset=\"https:\/\/preservons-la-nature.fr\/blog\/wp-content\/uploads\/2014\/04\/carte1.jpg 600w, https:\/\/preservons-la-nature.fr\/blog\/wp-content\/uploads\/2014\/04\/carte1-150x150.jpg 150w, https:\/\/preservons-la-nature.fr\/blog\/wp-content\/uploads\/2014\/04\/carte1-300x300.jpg 300w\" sizes=\"auto, (max-width: 600px) 100vw, 600px\" \/><\/a><p id=\"caption-attachment-2961\" class=\"wp-caption-text\">R\u00e9partition de Digitalis purpurea L. ( Digitale pourpre )<\/p><\/div>\n<div id=\"attachment_2959\" style=\"width: 370px\" class=\"wp-caption aligncenter\"><a href=\"https:\/\/www.preservons-la-nature.fr\/blog\/wp-content\/uploads\/2014\/04\/DSC7195.jpg\"><img loading=\"lazy\" decoding=\"async\" aria-describedby=\"caption-attachment-2959\" class=\" wp-image-2959\" title=\"Digitalis purpurea L. ( Digitale pourpre )\" alt=\"Digitalis purpurea L. ( Digitale pourpre )\" src=\"https:\/\/www.preservons-la-nature.fr\/blog\/wp-content\/uploads\/2014\/04\/DSC7195.jpg\" width=\"360\" height=\"540\" srcset=\"https:\/\/preservons-la-nature.fr\/blog\/wp-content\/uploads\/2014\/04\/DSC7195.jpg 400w, https:\/\/preservons-la-nature.fr\/blog\/wp-content\/uploads\/2014\/04\/DSC7195-200x300.jpg 200w\" sizes=\"auto, (max-width: 360px) 100vw, 360px\" \/><\/a><p id=\"caption-attachment-2959\" class=\"wp-caption-text\">Digitalis purpurea L. ( Digitale pourpre )<\/p><\/div>\n<p><strong><span style=\"text-decoration: underline;\">Phytosociologie :<\/span><i><\/i><\/strong><\/p>\n<table>\n<tbody>\n<tr>\n<td>Alliance<\/td>\n<td>Ordre<\/td>\n<td>Classe<\/td>\n<\/tr>\n<tr>\n<td><strong>Conopodio majoris-Teucrion scorodoniae<\/strong><\/td>\n<td><strong>Melampyro pratensis-Holcetalia mollis<\/strong><\/td>\n<td><strong>Melampyro pratensis-Holcetea mollis<\/strong><\/td>\n<\/tr>\n<tr>\n<td>Communaut\u00e9s atlantiques et subatlantiques avec irradiations m\u00e9ridionales, du collin\u00e9en et de la base du montagnard.<\/td>\n<td><\/td>\n<td>Pelouses pr\u00e9foresti\u00e8res et ourlets, sur sols acides oligotrophes.<\/td>\n<\/tr>\n<\/tbody>\n<\/table>\n<table>\n<tbody>\n<tr>\n<td>Alliance<\/td>\n<td>Ordre<\/td>\n<td>Classe<\/td>\n<\/tr>\n<tr>\n<td><strong>Epilobion angustifolii<\/strong><\/td>\n<td><strong>Atropetalia belladonnae<\/strong><\/td>\n<td><strong>Epilobietea angustifolii<\/strong><\/td>\n<\/tr>\n<tr>\n<td>Communaut\u00e9s intraforesti\u00e8res m\u00e9soacidiphiles \u00e0 acidiphiles des sols faiblement enrichis en azote.<\/td>\n<td><\/td>\n<td>V\u00e9g\u00e9tation herbac\u00e9e pionni\u00e8re des chablis et des coupes foresti\u00e8res, nitrophile et h\u00e9liophile.<\/td>\n<\/tr>\n<\/tbody>\n<\/table>\n<table>\n<tbody>\n<tr>\n<td>Alliance<\/td>\n<td>Ordre<\/td>\n<td>Classe<\/td>\n<\/tr>\n<tr>\n<td><strong>Galeopsion segetum<\/strong><\/td>\n<td><strong>Galeopsietalia segetum<\/strong><\/td>\n<td><strong>Thlaspietea rotundifolii<\/strong><\/td>\n<\/tr>\n<tr>\n<td>Communaut\u00e9s d&rsquo;une grande partie de la France (Pyr\u00e9n\u00e9es except\u00e9es).<\/td>\n<td>Communaut\u00e9s collin\u00e9ennes et montagnardes des \u00e9boulis siliceux secs.<\/td>\n<td>V\u00e9g\u00e9tations des \u00e9boulis plus ou moins mobiles.<\/td>\n<\/tr>\n<\/tbody>\n<\/table>\n<table>\n<tbody>\n<tr>\n<td>Alliance<\/td>\n<td>Sous-ordre<\/td>\n<td>Ordre<\/td>\n<td>Classe<\/td>\n<\/tr>\n<tr>\n<td><strong>Luzulo luzuloidis-Fagion sylvaticae<\/strong><\/td>\n<td><strong>Fagenalia sylvaticae<\/strong><\/td>\n<td><strong>Fagetalia sylvaticae<\/strong><\/td>\n<td><strong>Querco roboris-Fagetea sylvaticae<\/strong><\/td>\n<\/tr>\n<tr>\n<td>Communaut\u00e9s montagnardes acidiphiles.<\/td>\n<td>Communaut\u00e9s le plus souvent mixtes, montagnardes, plus rarement collin\u00e9ennes ou subalpines.<\/td>\n<td>Communaut\u00e9s collin\u00e9ennes et montagnardes, acidiclines \u00e0 calcicoles, non thermophiles.<\/td>\n<td>For\u00eats temp\u00e9r\u00e9es caducifoli\u00e9es ou mixtes, collin\u00e9ennes et montagnardes (plus rarement subalpines), ainsi que supram\u00e9diterran\u00e9ennes.<\/td>\n<\/tr>\n<\/tbody>\n<\/table>\n<p><strong><span style=\"text-decoration: underline;\">Taxonomie :<\/span><\/strong><br \/>\n<i>Digitalis purpurea L.<\/i> a pour synonymes (Informations issues de la BDTFX Version 2.0, <a href=\"http:\/\/www.tela-botanica.org\" target=\"_blank\">Tela Botanica<\/a>) :<i><br \/>\n&#8211; Digitalis alba Schrank<br \/>\n&#8211; Digitalis libertiana Dumort.<br \/>\n&#8211; Digitalis miniana Samp.<br \/>\n&#8211; Digitalis minor L.<br \/>\n&#8211; Digitalis nevadensis Kunze<br \/>\n&#8211; Digitalis purpurascens Lej.<br \/>\n&#8211; Digitalis purpurea var. humilis Rouy<br \/>\n&#8211; Digitalis speciosa Salisb.<br \/>\n&#8211; Digitalis tomentosa Hoffmanns. &amp; Link, sensu H.J.Coste<br \/>\n<\/i><br \/>\n<span style=\"text-decoration: underline;\">Sous-esp\u00e8ces ou vari\u00e9t\u00e9s :<\/span><br \/>\n<i>&#8211; Digitalis purpurea L. var. purpurea<br \/>\n&#8211; Digitalis purpurea subsp. bocquetii Vald\u00e9s<br \/>\n&#8211; Digitalis purpurea var. gyspergerae (Rouy) Fiori<br \/>\n<\/i><\/p>\n","protected":false},"excerpt":{"rendered":"<p>Une fiche plus r&eacute;cente existe, vous pouvez la consulter ICI Nom : Digitalis purpurea L. ( Digitale pourpre ) Autre(s) nom(s) : Digitale pourpr\u00e9e, Gantel\u00e9e, Grande Digitale. Famille : PLANTAGINACEAE Floraison : Mai &#8211; Septembre Description dans la flore de &hellip; <a href=\"https:\/\/preservons-la-nature.fr\/blog\/?p=2956\">Continuer la lecture <span class=\"meta-nav\">&rarr;<\/span><\/a><\/p>\n","protected":false},"author":1,"featured_media":0,"comment_status":"open","ping_status":"open","sticky":false,"template":"","format":"standard","meta":{"footnotes":""},"categories":[102],"tags":[78],"class_list":["post-2956","post","type-post","status-publish","format-standard","hentry","category-fiche-partielle-de-plantes","tag-plantaginacees"],"_links":{"self":[{"href":"https:\/\/preservons-la-nature.fr\/blog\/index.php?rest_route=\/wp\/v2\/posts\/2956","targetHints":{"allow":["GET"]}}],"collection":[{"href":"https:\/\/preservons-la-nature.fr\/blog\/index.php?rest_route=\/wp\/v2\/posts"}],"about":[{"href":"https:\/\/preservons-la-nature.fr\/blog\/index.php?rest_route=\/wp\/v2\/types\/post"}],"author":[{"embeddable":true,"href":"https:\/\/preservons-la-nature.fr\/blog\/index.php?rest_route=\/wp\/v2\/users\/1"}],"replies":[{"embeddable":true,"href":"https:\/\/preservons-la-nature.fr\/blog\/index.php?rest_route=%2Fwp%2Fv2%2Fcomments&post=2956"}],"version-history":[{"count":3,"href":"https:\/\/preservons-la-nature.fr\/blog\/index.php?rest_route=\/wp\/v2\/posts\/2956\/revisions"}],"predecessor-version":[{"id":2962,"href":"https:\/\/preservons-la-nature.fr\/blog\/index.php?rest_route=\/wp\/v2\/posts\/2956\/revisions\/2962"}],"wp:attachment":[{"href":"https:\/\/preservons-la-nature.fr\/blog\/index.php?rest_route=%2Fwp%2Fv2%2Fmedia&parent=2956"}],"wp:term":[{"taxonomy":"category","embeddable":true,"href":"https:\/\/preservons-la-nature.fr\/blog\/index.php?rest_route=%2Fwp%2Fv2%2Fcategories&post=2956"},{"taxonomy":"post_tag","embeddable":true,"href":"https:\/\/preservons-la-nature.fr\/blog\/index.php?rest_route=%2Fwp%2Fv2%2Ftags&post=2956"}],"curies":[{"name":"wp","href":"https:\/\/api.w.org\/{rel}","templated":true}]}}