{"id":2949,"date":"2014-04-04T00:43:05","date_gmt":"2014-04-03T23:43:05","guid":{"rendered":"https:\/\/www.preservons-la-nature.fr\/blog\/?p=2949"},"modified":"2014-03-05T12:45:49","modified_gmt":"2014-03-05T11:45:49","slug":"cephalanthera-longifolia-l-fritsch-cephalanthere-a-feuilles-etroites","status":"publish","type":"post","link":"https:\/\/preservons-la-nature.fr\/blog\/?p=2949","title":{"rendered":"Cephalanthera longifolia (L.) Fritsch ( C\u00e9phalanth\u00e8re \u00e0 feuilles \u00e9troites )"},"content":{"rendered":"<p><STRONG>Une fiche plus r&eacute;cente existe, vous pouvez la consulter <a href=\"https:\/\/www.preservons-la-nature.fr\/flore\/taxon\/245.html\">ICI<\/a><\/STRONG><div id=\"attachment_2951\" style=\"width: 370px\" class=\"wp-caption aligncenter\"><a href=\"https:\/\/www.preservons-la-nature.fr\/blog\/wp-content\/uploads\/2014\/04\/DSC6863.jpg\"><img loading=\"lazy\" decoding=\"async\" aria-describedby=\"caption-attachment-2951\" class=\" wp-image-2951 \" title=\"Cephalanthera longifolia (L.) Fritsch ( C\u00e9phalanth\u00e8re \u00e0 feuilles \u00e9troites )\" alt=\"Cephalanthera longifolia (L.) Fritsch ( C\u00e9phalanth\u00e8re \u00e0 feuilles \u00e9troites )\" src=\"https:\/\/www.preservons-la-nature.fr\/blog\/wp-content\/uploads\/2014\/04\/DSC6863.jpg\" width=\"360\" height=\"540\" srcset=\"https:\/\/preservons-la-nature.fr\/blog\/wp-content\/uploads\/2014\/04\/DSC6863.jpg 400w, https:\/\/preservons-la-nature.fr\/blog\/wp-content\/uploads\/2014\/04\/DSC6863-200x300.jpg 200w\" sizes=\"auto, (max-width: 360px) 100vw, 360px\" \/><\/a><p id=\"caption-attachment-2951\" class=\"wp-caption-text\">Cephalanthera longifolia (L.) Fritsch ( C\u00e9phalanth\u00e8re \u00e0 feuilles \u00e9troites )<\/p><\/div><\/p>\n<p><strong><span style=\"text-decoration: underline;\">Nom :<\/span><\/strong> <i>Cephalanthera longifolia (L.) Fritsch<\/i> ( C\u00e9phalanth\u00e8re \u00e0 feuilles \u00e9troites )<\/p>\n<p><strong><span style=\"text-decoration: underline;\">Autre(s) nom(s) :<\/span><\/strong><br \/>\nC\u00e9phalanth\u00e8re \u00e0 feuilles en \u00e9p\u00e9e, C\u00e9phalanth\u00e8re \u00e0 longues feuilles.<\/p>\n<p><strong><span style=\"text-decoration: underline;\">Famille :<\/span><\/strong> ORCHIDACEAE<\/p>\n<p><strong><span style=\"text-decoration: underline;\">Floraison :<\/span><\/strong> Avril &#8211; Juin<\/p>\n<p><strong><span style=\"text-decoration: underline;\">Forme biologique :<\/span><\/strong><br \/>\nG\u00e9ophyte rhizomateux.<\/p>\n<p><strong><span style=\"text-decoration: underline;\">Protection :<\/span><\/strong><br \/>\n&#8211; CITES (Convention de washington)<br \/>\n&#8211; Liste des esp\u00e8ces v\u00e9g\u00e9tales prot\u00e9g\u00e9es en r\u00e9gion Bretagne Article 1 (1987)<br \/>\n&#8211; Liste des esp\u00e8ces v\u00e9g\u00e9tales prot\u00e9g\u00e9es en r\u00e9gion Centre Article 1 (1993)<br \/>\n&#8211; Liste des esp\u00e8ces v\u00e9g\u00e9tales prot\u00e9g\u00e9es en r\u00e9gion Champagne-Ardenne Article 1 (1988)<br \/>\n&#8211; Liste des esp\u00e8ces v\u00e9g\u00e9tales prot\u00e9g\u00e9es en r\u00e9gion Pays-de-la-Loire Article 1 (1993)<br \/>\n&#8211; Liste des esp\u00e8ces v\u00e9g\u00e9tales prot\u00e9g\u00e9es en r\u00e9gion Picardie Article 1 (1989)<br \/>\n&#8211; Liste rouge europ\u00e9enne IUCN 2012 LC<\/p>\n<p><strong><span style=\"text-decoration: underline;\">Description dans la flore de Coste :<\/span><\/strong><br \/>\nPlante vivace de 20-60 cm, enti\u00e8rement glabre, \u00e0 fibres radicales filiformes ; feuilles distiques, rapproch\u00e9es, longuement lanc\u00e9ol\u00e9es, 3-5 fois plus longues que les entrenoeuds ; fleurs d&rsquo;un blanc pur, assez grandes, 6-18 en \u00e9pi l\u00e2che ; bract\u00e9es tr\u00e8s petites, membraneuses, bien plus courtes que l&rsquo;ovaire, sauf parfois 1-2 \u00e0 la base foliac\u00e9es ; divisions ext\u00e9rieures lanc\u00e9ol\u00e9es-aigu\u00ebs, d\u00e9passant le labelle ; les int\u00e9rieures elliptiques-obtuses ; labelle tach\u00e9 de jaune au sommet, \u00e0 languette plus large que longue, triangulaire-obtuse, marqu\u00e9e de 5 cr\u00eates en dessus ; ovaire glabre.<\/p>\n<p><strong><span style=\"text-decoration: underline;\">Pr\u00e9sent dans le(s) d\u00e9partement(s) suivant(s) :<\/span><\/strong><br \/>\nAin, Aisne, Allier, Alpes-de-Haute-Provence, Alpes-Maritimes, Ard\u00e8che, Ardennes, Ari\u00e8ge, Aube, Aude, Aveyron, Bas-Rhin, Bouches-du-Rh\u00f4ne, Cantal, Charente, Charente-Maritime, Cher, Corr\u00e8ze, Corse-du-Sud, C\u00f4te-d&rsquo;Or, Deux-S\u00e8vres, Dordogne, Doubs, Dr\u00f4me, Essonne, Eure, Eure-et-Loir, Gard, Gers, Gironde, Haute-Corse, Haute-Garonne, Haute-Loire, Haute-Marne, Hautes-Alpes, Haute-Sa\u00f4ne, Haute-Savoie, Hautes-Pyr\u00e9n\u00e9es, Haut-Rhin, H\u00e9rault, Indre, Indre-et-Loire, Is\u00e8re, Jura, Landes, Loire-Atlantique, Loiret, Loir-et-Cher, Lot, Lot-et-Garonne, Loz\u00e8re, Maine-et-Loire, Marne, Meurthe-et-Moselle, Meuse, Morbihan, Moselle, Ni\u00e8vre, Oise, Pas-de-Calais, Puy-de-D\u00f4me, Pyr\u00e9n\u00e9es-Atlantiques, Pyr\u00e9n\u00e9es-Orientales, Rh\u00f4ne, Sa\u00f4ne-et-Loire, Sarthe, Savoie, Seine-et-Marne, Seine-Maritime, Somme, Tarn, Tarn-et-Garonne, Territoire-de-Belfort, Val-d&rsquo;Oise, Var, Vaucluse, Vend\u00e9e, Vienne, Vosges, Yonne, Yvelines.<\/p>\n<div id=\"attachment_2954\" style=\"width: 610px\" class=\"wp-caption aligncenter\"><a href=\"https:\/\/www.preservons-la-nature.fr\/blog\/?attachment_id=2954\" rel=\"attachment wp-att-2954\"><img loading=\"lazy\" decoding=\"async\" aria-describedby=\"caption-attachment-2954\" class=\"size-full wp-image-2954\" alt=\"R\u00e9partition de Cephalanthera longifolia (L.) Fritsch ( C\u00e9phalanth\u00e8re \u00e0 feuilles \u00e9troites )\" src=\"https:\/\/www.preservons-la-nature.fr\/blog\/wp-content\/uploads\/2014\/04\/carte.jpg\" width=\"600\" height=\"600\" srcset=\"https:\/\/preservons-la-nature.fr\/blog\/wp-content\/uploads\/2014\/04\/carte.jpg 600w, https:\/\/preservons-la-nature.fr\/blog\/wp-content\/uploads\/2014\/04\/carte-150x150.jpg 150w, https:\/\/preservons-la-nature.fr\/blog\/wp-content\/uploads\/2014\/04\/carte-300x300.jpg 300w\" sizes=\"auto, (max-width: 600px) 100vw, 600px\" \/><\/a><p id=\"caption-attachment-2954\" class=\"wp-caption-text\">R\u00e9partition de Cephalanthera longifolia (L.) Fritsch ( C\u00e9phalanth\u00e8re \u00e0 feuilles \u00e9troites )<\/p><\/div>\n<div id=\"attachment_2952\" style=\"width: 370px\" class=\"wp-caption aligncenter\"><a href=\"https:\/\/www.preservons-la-nature.fr\/blog\/wp-content\/uploads\/2014\/04\/DSC6906.jpg\"><img loading=\"lazy\" decoding=\"async\" aria-describedby=\"caption-attachment-2952\" class=\" wp-image-2952\" title=\"Cephalanthera longifolia (L.) Fritsch ( C\u00e9phalanth\u00e8re \u00e0 feuilles \u00e9troites )\" alt=\"Cephalanthera longifolia (L.) Fritsch ( C\u00e9phalanth\u00e8re \u00e0 feuilles \u00e9troites )\" src=\"https:\/\/www.preservons-la-nature.fr\/blog\/wp-content\/uploads\/2014\/04\/DSC6906.jpg\" width=\"360\" height=\"540\" srcset=\"https:\/\/preservons-la-nature.fr\/blog\/wp-content\/uploads\/2014\/04\/DSC6906.jpg 400w, https:\/\/preservons-la-nature.fr\/blog\/wp-content\/uploads\/2014\/04\/DSC6906-200x300.jpg 200w\" sizes=\"auto, (max-width: 360px) 100vw, 360px\" \/><\/a><p id=\"caption-attachment-2952\" class=\"wp-caption-text\">Cephalanthera longifolia (L.) Fritsch ( C\u00e9phalanth\u00e8re \u00e0 feuilles \u00e9troites )<\/p><\/div>\n<p><strong><span style=\"text-decoration: underline;\">Ecologie :<\/span><\/strong><br \/>\nIl s&rsquo;agit d&rsquo;une esp\u00e8ce de demi-ombre appr\u00e9ciant les sols plut\u00f4t calcaires et secs.<\/p>\n<p><strong><span style=\"text-decoration: underline;\">Phytosociologie :<\/span><i><\/i><\/strong><\/p>\n<table>\n<tbody>\n<tr>\n<td>Alliance<\/td>\n<td>Sous-ordre<\/td>\n<td>Ordre<\/td>\n<td>Classe<\/td>\n<\/tr>\n<tr>\n<td><strong>Carpinion betuli<\/strong><\/td>\n<td><strong>Carpino betuli-Fagenalia sylvaticae<\/strong><\/td>\n<td><strong>Fagetalia sylvaticae<\/strong><\/td>\n<td><strong>Querco roboris-Fagetea sylvaticae<\/strong><\/td>\n<\/tr>\n<tr>\n<td>Communaut\u00e9s sur sols plus ressuy\u00e9s mais sans d\u00e9ficit hydrique marqu\u00e9.<\/td>\n<td>Communaut\u00e9s planitiaires \u00e0 collin\u00e9ennes m\u00e9sohygroclines \u00e0 x\u00e9roclines, acidiclines \u00e0 calcicoles.<\/td>\n<td>Communaut\u00e9s collin\u00e9ennes et montagnardes, acidiclines \u00e0 calcicoles, non thermophiles.<\/td>\n<td>For\u00eats temp\u00e9r\u00e9es caducifoli\u00e9es ou mixtes, collin\u00e9ennes et montagnardes (plus rarement subalpines), ainsi que supram\u00e9diterran\u00e9ennes.<\/td>\n<\/tr>\n<\/tbody>\n<\/table>\n<table>\n<tbody>\n<tr>\n<td>Alliance<\/td>\n<td>Sous-ordre<\/td>\n<td>Ordre<\/td>\n<td>Classe<\/td>\n<\/tr>\n<tr>\n<td><strong>Cephalanthero rubrae-Fagion sylvaticae<\/strong><\/td>\n<td><strong>Cephalanthero rubrae-Fagenalia sylvaticae<\/strong><\/td>\n<td><strong>Fagetalia sylvaticae<\/strong><\/td>\n<td><strong>Querco roboris-Fagetea sylvaticae<\/strong><\/td>\n<\/tr>\n<tr>\n<td>Communaut\u00e9s m\u00e9sox\u00e9rophiles \u00e0 x\u00e9roclines.<\/td>\n<td>Communaut\u00e9s collin\u00e9ennes et montagnardes, (thermo) x\u00e9ro-, m\u00e9sox\u00e9rophiles, calcaricoles \u00e0 calcicoles.<\/td>\n<td>Communaut\u00e9s collin\u00e9ennes et montagnardes, acidiclines \u00e0 calcicoles, non thermophiles.<\/td>\n<td>For\u00eats temp\u00e9r\u00e9es caducifoli\u00e9es ou mixtes, collin\u00e9ennes et montagnardes (plus rarement subalpines), ainsi que supram\u00e9diterran\u00e9ennes.<\/td>\n<\/tr>\n<\/tbody>\n<\/table>\n<table>\n<tbody>\n<tr>\n<td>Alliance<\/td>\n<td>Sous-ordre<\/td>\n<td>Ordre<\/td>\n<td>Classe<\/td>\n<\/tr>\n<tr>\n<td><strong>Fagion sylvaticae<\/strong><\/td>\n<td><strong>Fagenalia sylvaticae<\/strong><\/td>\n<td><strong>Fagetalia sylvaticae<\/strong><\/td>\n<td><strong>Querco roboris-Fagetea sylvaticae<\/strong><\/td>\n<\/tr>\n<tr>\n<td>Communaut\u00e9s surtout montagnardes, acidiclines \u00e0 calcicoles.<\/td>\n<td>Communaut\u00e9s le plus souvent mixtes, montagnardes, plus rarement collin\u00e9ennes ou subalpines.<\/td>\n<td>Communaut\u00e9s collin\u00e9ennes et montagnardes, acidiclines \u00e0 calcicoles, non thermophiles.<\/td>\n<td>For\u00eats temp\u00e9r\u00e9es caducifoli\u00e9es ou mixtes, collin\u00e9ennes et montagnardes (plus rarement subalpines), ainsi que supram\u00e9diterran\u00e9ennes.<\/td>\n<\/tr>\n<\/tbody>\n<\/table>\n<table>\n<tbody>\n<tr>\n<td>Ordre<\/td>\n<td>Classe<\/td>\n<\/tr>\n<tr>\n<td><strong>Quercetalia pubescenti-sessiliflorae<\/strong><\/td>\n<td><strong>Querco roboris-Fagetea sylvaticae<\/strong><\/td>\n<\/tr>\n<tr>\n<td>Communaut\u00e9s thermophiles sous influence m\u00e9diterran\u00e9enne \u00e0 thermo-continentale.<\/td>\n<td>For\u00eats temp\u00e9r\u00e9es caducifoli\u00e9es ou mixtes, collin\u00e9ennes et montagnardes (plus rarement subalpines), ainsi que supram\u00e9diterran\u00e9ennes.<\/td>\n<\/tr>\n<\/tbody>\n<\/table>\n<table>\n<tbody>\n<tr>\n<td>Alliance<\/td>\n<td>Ordre<\/td>\n<td>Classe<\/td>\n<\/tr>\n<tr>\n<td><strong>Quercion ilicis<\/strong><\/td>\n<td><strong>Quercetalia ilicis<\/strong><\/td>\n<td><strong>Quercetea ilicis<\/strong><\/td>\n<\/tr>\n<tr>\n<td>Communaut\u00e9s du m\u00e9diterran\u00e9en subhumide (avec irradiation thermo-atlantique).<\/td>\n<td>Communaut\u00e9s arbor\u00e9es ferm\u00e9es.<\/td>\n<td>V\u00e9g\u00e9tation arbor\u00e9e ou arbustive m\u00e9diterran\u00e9enne, souvent sempervirente et scl\u00e9rophylle.<\/td>\n<\/tr>\n<\/tbody>\n<\/table>\n<table>\n<tbody>\n<tr>\n<td>Alliance<\/td>\n<td>Ordre<\/td>\n<td>Classe<\/td>\n<\/tr>\n<tr>\n<td><strong>Quercion pubescenti-sessiliflorae<\/strong><\/td>\n<td><strong>Quercetalia pubescenti-sessiliflorae<\/strong><\/td>\n<td><strong>Querco roboris-Fagetea sylvaticae<\/strong><\/td>\n<\/tr>\n<tr>\n<td>Communaut\u00e9s supram\u00e9diterran\u00e9ennes avec irradiations septentrionales.<\/td>\n<td>Communaut\u00e9s thermophiles sous influence m\u00e9diterran\u00e9enne \u00e0 thermo-continentale.<\/td>\n<td>For\u00eats temp\u00e9r\u00e9es caducifoli\u00e9es ou mixtes, collin\u00e9ennes et montagnardes (plus rarement subalpines), ainsi que supram\u00e9diterran\u00e9ennes.<\/td>\n<\/tr>\n<\/tbody>\n<\/table>\n<table>\n<tbody>\n<tr>\n<td>Classe<\/td>\n<\/tr>\n<tr>\n<td><strong>Querco roboris-Fagetea sylvaticae<\/strong><\/td>\n<\/tr>\n<tr>\n<td>For\u00eats temp\u00e9r\u00e9es caducifoli\u00e9es ou mixtes, collin\u00e9ennes et montagnardes (plus rarement subalpines), ainsi que supram\u00e9diterran\u00e9ennes.<\/td>\n<\/tr>\n<\/tbody>\n<\/table>\n<p><strong><span style=\"text-decoration: underline;\">Taxonomie :<\/span><\/strong><br \/>\n<i>Cephalanthera longifolia (L.) Fritsch<\/i> a pour synonymes (Informations issues de la BDTFX Version 2.0, <a href=\"http:\/\/www.tela-botanica.org\" target=\"_blank\">Tela Botanica<\/a>) :<i><br \/>\n&#8211; Cephalanthera angustifolia Simonk.<br \/>\n&#8211; Cephalanthera ensifolia (L.) Rich.<br \/>\n&#8211; Cephalanthera xiphophyllum (L.f.) Rchb.f.<br \/>\n&#8211; Epipactis ensifolia F.W.Schmidt<br \/>\n&#8211; Epipactis grandiflora All.<br \/>\n&#8211; Serapias ensifolia L.<br \/>\n&#8211; Serapias helleborine var. longifolia L.<br \/>\n&#8211; Serapias longifolia (L.) Huds.<br \/>\n&#8211; Serapias palustris Salisb.<br \/>\n&#8211; Serapias xiphophyllum L.f.<br \/>\n<\/i><\/p>\n","protected":false},"excerpt":{"rendered":"<p>Une fiche plus r&eacute;cente existe, vous pouvez la consulter ICI Nom : Cephalanthera longifolia (L.) Fritsch ( C\u00e9phalanth\u00e8re \u00e0 feuilles \u00e9troites ) Autre(s) nom(s) : C\u00e9phalanth\u00e8re \u00e0 feuilles en \u00e9p\u00e9e, C\u00e9phalanth\u00e8re \u00e0 longues feuilles. Famille : ORCHIDACEAE Floraison : Avril &hellip; <a href=\"https:\/\/preservons-la-nature.fr\/blog\/?p=2949\">Continuer la lecture <span class=\"meta-nav\">&rarr;<\/span><\/a><\/p>\n","protected":false},"author":1,"featured_media":0,"comment_status":"open","ping_status":"open","sticky":false,"template":"","format":"standard","meta":{"footnotes":""},"categories":[102],"tags":[46],"class_list":["post-2949","post","type-post","status-publish","format-standard","hentry","category-fiche-partielle-de-plantes","tag-orchidees"],"_links":{"self":[{"href":"https:\/\/preservons-la-nature.fr\/blog\/index.php?rest_route=\/wp\/v2\/posts\/2949","targetHints":{"allow":["GET"]}}],"collection":[{"href":"https:\/\/preservons-la-nature.fr\/blog\/index.php?rest_route=\/wp\/v2\/posts"}],"about":[{"href":"https:\/\/preservons-la-nature.fr\/blog\/index.php?rest_route=\/wp\/v2\/types\/post"}],"author":[{"embeddable":true,"href":"https:\/\/preservons-la-nature.fr\/blog\/index.php?rest_route=\/wp\/v2\/users\/1"}],"replies":[{"embeddable":true,"href":"https:\/\/preservons-la-nature.fr\/blog\/index.php?rest_route=%2Fwp%2Fv2%2Fcomments&post=2949"}],"version-history":[{"count":3,"href":"https:\/\/preservons-la-nature.fr\/blog\/index.php?rest_route=\/wp\/v2\/posts\/2949\/revisions"}],"predecessor-version":[{"id":2955,"href":"https:\/\/preservons-la-nature.fr\/blog\/index.php?rest_route=\/wp\/v2\/posts\/2949\/revisions\/2955"}],"wp:attachment":[{"href":"https:\/\/preservons-la-nature.fr\/blog\/index.php?rest_route=%2Fwp%2Fv2%2Fmedia&parent=2949"}],"wp:term":[{"taxonomy":"category","embeddable":true,"href":"https:\/\/preservons-la-nature.fr\/blog\/index.php?rest_route=%2Fwp%2Fv2%2Fcategories&post=2949"},{"taxonomy":"post_tag","embeddable":true,"href":"https:\/\/preservons-la-nature.fr\/blog\/index.php?rest_route=%2Fwp%2Fv2%2Ftags&post=2949"}],"curies":[{"name":"wp","href":"https:\/\/api.w.org\/{rel}","templated":true}]}}