{"id":294,"date":"2011-04-16T05:21:38","date_gmt":"2011-04-16T05:21:38","guid":{"rendered":"https:\/\/www.preservons-la-nature.fr\/blog\/?p=294"},"modified":"2013-11-10T18:26:59","modified_gmt":"2013-11-10T17:26:59","slug":"lalliaire-officinale-alliaria-petiolata","status":"publish","type":"post","link":"https:\/\/preservons-la-nature.fr\/blog\/?p=294","title":{"rendered":"Alliaria petiolata ( Alliaire officinale )"},"content":{"rendered":"<p><strong>L&rsquo;alliaire officinale (<em>Alliaria petiolata<\/em>)<\/strong> fait partie de <strong>la famille des Brassicac\u00e9es<\/strong>. Sa p\u00e9riode de floraison s&rsquo;\u00e9tale d&rsquo;avril \u00e0 juin. Cette esp\u00e8ce est bien repr\u00e9sent\u00e9e sur une grande partie du territoire, moins dans le Sud. On la retrouve dans les zones bois\u00e9es, \u00e0 la lisi\u00e8re des for\u00eats. Elle aime les sols frais. Dans le val de Loire, on la retrouve abondamment dans la for\u00eat alluviale.<br \/>\nSa hauteur varie de 30 \u00e0 120 cm. La tige est pubescente vers le bas. Les feuilles sup\u00e9rieures sont de forme triangulaire plus ou moins dent\u00e9e. Sa fleur est constitu\u00e9e de 4 p\u00e9tales blanches. On peut distinguer 4 s\u00e9pales. Les fleurs se retrouvent group\u00e9es en haut de chaque tige.<br \/>\nLe froissement des feuilles permet de d\u00e9gager une odeur d&rsquo;ail. D&rsquo;ailleurs, les feuilles sont broy\u00e9es et consomm\u00e9es pour accompagner parfois la salade.<\/p>\n<div id=\"attachment_295\" style=\"width: 337px\" class=\"wp-caption aligncenter\"><a href=\"https:\/\/www.preservons-la-nature.fr\/blog\/wp-content\/uploads\/2011\/04\/DSC3368.jpg\"><img loading=\"lazy\" decoding=\"async\" aria-describedby=\"caption-attachment-295\" class=\"size-full wp-image-295  \" title=\"L'alliaire officinale (Alliaria petiolata)\" alt=\"L'alliaire officinale (Alliaria petiolata)\" src=\"https:\/\/www.preservons-la-nature.fr\/blog\/wp-content\/uploads\/2011\/04\/DSC3368.jpg\" width=\"327\" height=\"490\" srcset=\"https:\/\/preservons-la-nature.fr\/blog\/wp-content\/uploads\/2011\/04\/DSC3368.jpg 467w, https:\/\/preservons-la-nature.fr\/blog\/wp-content\/uploads\/2011\/04\/DSC3368-200x300.jpg 200w\" sizes=\"auto, (max-width: 327px) 100vw, 327px\" \/><\/a><p id=\"caption-attachment-295\" class=\"wp-caption-text\">L&rsquo;alliaire officinale (Alliaria petiolata)<\/p><\/div>\n<div id=\"attachment_296\" style=\"width: 570px\" class=\"wp-caption aligncenter\"><a href=\"https:\/\/www.preservons-la-nature.fr\/blog\/wp-content\/uploads\/2011\/04\/DSC3284.jpg\"><img loading=\"lazy\" decoding=\"async\" aria-describedby=\"caption-attachment-296\" class=\"size-full wp-image-296  \" title=\"L'alliaire officinale (Alliaria petiolata)\" alt=\"L'alliaire officinale (Alliaria petiolata)\" src=\"https:\/\/www.preservons-la-nature.fr\/blog\/wp-content\/uploads\/2011\/04\/DSC3284.jpg\" width=\"560\" height=\"374\" srcset=\"https:\/\/preservons-la-nature.fr\/blog\/wp-content\/uploads\/2011\/04\/DSC3284.jpg 700w, https:\/\/preservons-la-nature.fr\/blog\/wp-content\/uploads\/2011\/04\/DSC3284-300x200.jpg 300w\" sizes=\"auto, (max-width: 560px) 100vw, 560px\" \/><\/a><p id=\"caption-attachment-296\" class=\"wp-caption-text\">L&rsquo;alliaire officinale (Alliaria petiolata)<\/p><\/div>\n","protected":false},"excerpt":{"rendered":"<p>L&rsquo;alliaire officinale (Alliaria petiolata) fait partie de la famille des Brassicac\u00e9es. Sa p\u00e9riode de floraison s&rsquo;\u00e9tale d&rsquo;avril \u00e0 juin. Cette esp\u00e8ce est bien repr\u00e9sent\u00e9e sur une grande partie du territoire, moins dans le Sud. On la retrouve dans les zones &hellip; <a href=\"https:\/\/preservons-la-nature.fr\/blog\/?p=294\">Continuer la lecture <span class=\"meta-nav\">&rarr;<\/span><\/a><\/p>\n","protected":false},"author":1,"featured_media":0,"comment_status":"open","ping_status":"open","sticky":false,"template":"","format":"standard","meta":{"footnotes":""},"categories":[87,49,3],"tags":[26],"class_list":["post-294","post","type-post","status-publish","format-standard","hentry","category-ficheplante","category-flore-de-lile-arrault-orleans","category-laloire","tag-brassicacees"],"_links":{"self":[{"href":"https:\/\/preservons-la-nature.fr\/blog\/index.php?rest_route=\/wp\/v2\/posts\/294","targetHints":{"allow":["GET"]}}],"collection":[{"href":"https:\/\/preservons-la-nature.fr\/blog\/index.php?rest_route=\/wp\/v2\/posts"}],"about":[{"href":"https:\/\/preservons-la-nature.fr\/blog\/index.php?rest_route=\/wp\/v2\/types\/post"}],"author":[{"embeddable":true,"href":"https:\/\/preservons-la-nature.fr\/blog\/index.php?rest_route=\/wp\/v2\/users\/1"}],"replies":[{"embeddable":true,"href":"https:\/\/preservons-la-nature.fr\/blog\/index.php?rest_route=%2Fwp%2Fv2%2Fcomments&post=294"}],"version-history":[{"count":9,"href":"https:\/\/preservons-la-nature.fr\/blog\/index.php?rest_route=\/wp\/v2\/posts\/294\/revisions"}],"predecessor-version":[{"id":1971,"href":"https:\/\/preservons-la-nature.fr\/blog\/index.php?rest_route=\/wp\/v2\/posts\/294\/revisions\/1971"}],"wp:attachment":[{"href":"https:\/\/preservons-la-nature.fr\/blog\/index.php?rest_route=%2Fwp%2Fv2%2Fmedia&parent=294"}],"wp:term":[{"taxonomy":"category","embeddable":true,"href":"https:\/\/preservons-la-nature.fr\/blog\/index.php?rest_route=%2Fwp%2Fv2%2Fcategories&post=294"},{"taxonomy":"post_tag","embeddable":true,"href":"https:\/\/preservons-la-nature.fr\/blog\/index.php?rest_route=%2Fwp%2Fv2%2Ftags&post=294"}],"curies":[{"name":"wp","href":"https:\/\/api.w.org\/{rel}","templated":true}]}}