{"id":2931,"date":"2014-04-01T00:53:22","date_gmt":"2014-03-31T23:53:22","guid":{"rendered":"https:\/\/www.preservons-la-nature.fr\/blog\/?p=2931"},"modified":"2014-10-29T12:27:21","modified_gmt":"2014-10-29T11:27:21","slug":"hypericum-richeri-vill-millepertuis-de-richer","status":"publish","type":"post","link":"https:\/\/preservons-la-nature.fr\/blog\/?p=2931","title":{"rendered":"Hypericum richeri Vill. ( Millepertuis de Richer  )"},"content":{"rendered":"<p><STRONG>Une fiche plus r&eacute;cente existe, vous pouvez la consulter <a href=\"https:\/\/www.preservons-la-nature.fr\/flore\/taxon\/2648.html\">ICI<\/a><\/STRONG><div id=\"attachment_2932\" style=\"width: 370px\" class=\"wp-caption aligncenter\"><a href=\"https:\/\/www.preservons-la-nature.fr\/blog\/wp-content\/uploads\/2014\/03\/DSC2081.jpg\"><img loading=\"lazy\" decoding=\"async\" aria-describedby=\"caption-attachment-2932\" class=\" wp-image-2932 \" title=\"Hypericum richeri Vill. ( Millepertuis de Richer  )\" alt=\"Hypericum richeri Vill. ( Millepertuis de Richer  )\" src=\"https:\/\/www.preservons-la-nature.fr\/blog\/wp-content\/uploads\/2014\/03\/DSC2081.jpg\" width=\"360\" height=\"540\" srcset=\"https:\/\/preservons-la-nature.fr\/blog\/wp-content\/uploads\/2014\/03\/DSC2081.jpg 400w, https:\/\/preservons-la-nature.fr\/blog\/wp-content\/uploads\/2014\/03\/DSC2081-200x300.jpg 200w\" sizes=\"auto, (max-width: 360px) 100vw, 360px\" \/><\/a><p id=\"caption-attachment-2932\" class=\"wp-caption-text\">Hypericum richeri Vill. ( Millepertuis de Richer )<\/p><\/div><\/p>\n<p><strong><span style=\"text-decoration: underline;\">Nom :<\/span><\/strong> <i>Hypericum richeri Vill.<\/i> ( Millepertuis de Richer\u00a0 )<\/p>\n<p><strong><span style=\"text-decoration: underline;\">Famille :<\/span><\/strong> HYPERICACEAE<\/p>\n<p><strong><span style=\"text-decoration: underline;\">Floraison :<\/span><\/strong> Juin &#8211; Ao\u00fbt<\/p>\n<p><strong><span style=\"text-decoration: underline;\">Forme biologique :<\/span><\/strong><br \/>\nH\u00e9micryptophyte.<\/p>\n<p><strong><span style=\"text-decoration: underline;\">Protection :<\/span><\/strong><br \/>\n&#8211; Liste des esp\u00e8ces v\u00e9g\u00e9tales prot\u00e9g\u00e9es en r\u00e9gion Auvergne Article 1 (1990)<br \/>\n&#8211; Liste des esp\u00e8ces v\u00e9g\u00e9tales prot\u00e9g\u00e9es en r\u00e9gion Franche-Comt\u00e9 Article 1 (1992)<\/p>\n<p><strong><span style=\"text-decoration: underline;\">Description dans la flore de Coste :<\/span><\/strong><br \/>\nPlante glabre, \u00e0 souche ligneuse ; tiges de 20 \u00e0 40 cm, cylindriques, raides, dress\u00e9es ou ascendantes ; feuilles demi-embrassantes, ovales-lanc\u00e9ol\u00e9es, bord\u00e9es de points noirs, non ou \u00e0 peine ponctu\u00e9es-transparentes ; fleurs jaunes, grandes, en corymbe pauciflore assez dense ; s\u00e9pales lanc\u00e9ol\u00e9s-acumin\u00e9s, ponctu\u00e9s de noir, bord\u00e9s de longues franges en massue ; p\u00e9tales trois fois plus longs que le calice, ponctu\u00e9s de noir ; \u00e9tamines plus courtes que les p\u00e9tales ; capsule ovo\u00efde, d\u00e9passant peu le calice, ponctu\u00e9e de noir, sans bandelettes.<\/p>\n<div id=\"attachment_2933\" style=\"width: 370px\" class=\"wp-caption aligncenter\"><a href=\"https:\/\/www.preservons-la-nature.fr\/blog\/wp-content\/uploads\/2014\/03\/DSC2084.jpg\"><img loading=\"lazy\" decoding=\"async\" aria-describedby=\"caption-attachment-2933\" class=\" wp-image-2933\" title=\"Hypericum richeri Vill. ( Millepertuis de Richer  )\" alt=\"Hypericum richeri Vill. ( Millepertuis de Richer  )\" src=\"https:\/\/www.preservons-la-nature.fr\/blog\/wp-content\/uploads\/2014\/03\/DSC2084.jpg\" width=\"360\" height=\"540\" srcset=\"https:\/\/preservons-la-nature.fr\/blog\/wp-content\/uploads\/2014\/03\/DSC2084.jpg 400w, https:\/\/preservons-la-nature.fr\/blog\/wp-content\/uploads\/2014\/03\/DSC2084-200x300.jpg 200w\" sizes=\"auto, (max-width: 360px) 100vw, 360px\" \/><\/a><p id=\"caption-attachment-2933\" class=\"wp-caption-text\">Hypericum richeri Vill. ( Millepertuis de Richer )<\/p><\/div>\n<p><strong><span style=\"text-decoration: underline;\">R\u00e9partition fran\u00e7aise :<\/span><\/strong><br \/>\nOn la rencontre sur tous les massifs montagneux des Alpes, du Jura, des Pyr\u00e9n\u00e9es et aussi dans le M\u00e9zenc.<\/p>\n<p><strong><span style=\"text-decoration: underline;\">Pr\u00e9sent dans le(s) d\u00e9partement(s) suivant(s) :<\/span><\/strong><br \/>\nAin, Alpes-de-Haute-Provence, Alpes-Maritimes, Ard\u00e8che, Ari\u00e8ge, Aude, Doubs, Dr\u00f4me, Haute-Garonne, Haute-Loire, Hautes-Alpes, Haute-Savoie, Hautes-Pyr\u00e9n\u00e9es, Is\u00e8re, Jura, Pyr\u00e9n\u00e9es-Atlantiques, Pyr\u00e9n\u00e9es-Orientales, Savoie.<\/p>\n<div id=\"attachment_2935\" style=\"width: 610px\" class=\"wp-caption aligncenter\"><a href=\"https:\/\/www.preservons-la-nature.fr\/blog\/?attachment_id=2935\" rel=\"attachment wp-att-2935\"><img loading=\"lazy\" decoding=\"async\" aria-describedby=\"caption-attachment-2935\" class=\"size-full wp-image-2935\" alt=\"R\u00e9partition de Hypericum richeri Vill. ( Millepertuis de Richer  )\" src=\"https:\/\/www.preservons-la-nature.fr\/blog\/wp-content\/uploads\/2014\/03\/carte12.jpg\" width=\"600\" height=\"600\" srcset=\"https:\/\/preservons-la-nature.fr\/blog\/wp-content\/uploads\/2014\/03\/carte12.jpg 600w, https:\/\/preservons-la-nature.fr\/blog\/wp-content\/uploads\/2014\/03\/carte12-150x150.jpg 150w, https:\/\/preservons-la-nature.fr\/blog\/wp-content\/uploads\/2014\/03\/carte12-300x300.jpg 300w\" sizes=\"auto, (max-width: 600px) 100vw, 600px\" \/><\/a><p id=\"caption-attachment-2935\" class=\"wp-caption-text\">R\u00e9partition de Hypericum richeri Vill. ( Millepertuis de Richer )<\/p><\/div>\n<div id=\"attachment_2934\" style=\"width: 370px\" class=\"wp-caption aligncenter\"><a href=\"https:\/\/www.preservons-la-nature.fr\/blog\/wp-content\/uploads\/2014\/03\/DSC8526.jpg\"><img loading=\"lazy\" decoding=\"async\" aria-describedby=\"caption-attachment-2934\" class=\" wp-image-2934\" title=\"Hypericum richeri Vill. ( Millepertuis de Richer  )\" alt=\"Hypericum richeri Vill. ( Millepertuis de Richer  )\" src=\"https:\/\/www.preservons-la-nature.fr\/blog\/wp-content\/uploads\/2014\/03\/DSC8526.jpg\" width=\"360\" height=\"540\" srcset=\"https:\/\/preservons-la-nature.fr\/blog\/wp-content\/uploads\/2014\/03\/DSC8526.jpg 400w, https:\/\/preservons-la-nature.fr\/blog\/wp-content\/uploads\/2014\/03\/DSC8526-200x300.jpg 200w\" sizes=\"auto, (max-width: 360px) 100vw, 360px\" \/><\/a><p id=\"caption-attachment-2934\" class=\"wp-caption-text\">Hypericum richeri Vill. ( Millepertuis de Richer )<\/p><\/div>\n<p><strong><span style=\"text-decoration: underline;\">Ecologie :<\/span><\/strong><br \/>\nC&rsquo;est une esp\u00e8ce thermophile qui se retrouve de l&rsquo;\u00e9tage montagnard \u00e0 subalpin sur les pelouses, les landes et parfois sur les \u00e9boulis.<\/p>\n<p><strong><span style=\"text-decoration: underline;\">Phytosociologie :<\/span><i><\/i><\/strong><\/p>\n<table>\n<tbody>\n<tr>\n<td>Alliance<\/td>\n<td>Ordre<\/td>\n<td>Classe<\/td>\n<\/tr>\n<tr>\n<td><strong>Festucion variae<\/strong><\/td>\n<td><strong>Caricetalia curvulae<\/strong><\/td>\n<td><strong>Caricetea curvulae<\/strong><\/td>\n<\/tr>\n<tr>\n<td>Communaut\u00e9s thermophiles des Alpes.<\/td>\n<td>Communaut\u00e9s du Jura, Massif central, Alpes et Pyr\u00e9n\u00e9es.<\/td>\n<td>Pelouses acidiphiles montagnardes, subalpines et alpines.<\/td>\n<\/tr>\n<\/tbody>\n<\/table>\n<table>\n<tbody>\n<tr>\n<td>Alliance<\/td>\n<td>Ordre<\/td>\n<td>Classe<\/td>\n<\/tr>\n<tr>\n<td><strong>Juniperion nanae<\/strong><\/td>\n<td><strong>Rhododendro ferruginei-Vaccinietalia microphylli<\/strong><\/td>\n<td><strong>Loiseleurio procumbentis-Vaccinietea microphylli<\/strong><\/td>\n<\/tr>\n<tr>\n<td>Communaut\u00e9s subalpines d&rsquo;adret.<\/td>\n<td><\/td>\n<td>Landes arctico-alpines et subarctico-subalpines, \u00e9ventuellement associ\u00e9es \u00e0 la dynamique des for\u00eats r\u00e9sineuses.<\/td>\n<\/tr>\n<\/tbody>\n<\/table>\n<table>\n<tbody>\n<tr>\n<td>Alliance<\/td>\n<td>Ordre<\/td>\n<td>Classe<\/td>\n<\/tr>\n<tr>\n<td><strong>Nardion strictae<\/strong><\/td>\n<td><strong>Caricetalia curvulae<\/strong><\/td>\n<td><strong>Caricetea curvulae<\/strong><\/td>\n<\/tr>\n<tr>\n<td>Communaut\u00e9s des d\u00e9pressions et replats, \u00e0 tendance chionophile, en g\u00e9n\u00e9ral fortement p\u00e2tur\u00e9es.<\/td>\n<td>Communaut\u00e9s du Jura, Massif central, Alpes et Pyr\u00e9n\u00e9es.<\/td>\n<td>Pelouses acidiphiles montagnardes, subalpines et alpines.<\/td>\n<\/tr>\n<\/tbody>\n<\/table>\n<table>\n<tbody>\n<tr>\n<td>Ordre<\/td>\n<td>Classe<\/td>\n<\/tr>\n<tr>\n<td><strong>Seslerietalia caeruleae<\/strong><\/td>\n<td><strong>Festuco-Seslerietea caeruleae<\/strong><\/td>\n<\/tr>\n<tr>\n<td>Communaut\u00e9s montagnardes, subalpines et alpines des massifs europ\u00e9ens.<\/td>\n<td>Pelouses calcicoles nordiques et orophiles.<\/td>\n<\/tr>\n<\/tbody>\n<\/table>\n<p><strong><span style=\"text-decoration: underline;\">Taxonomie :<\/span><\/strong><br \/>\n<i>Hypericum richeri Vill.<\/i> a pour synonymes (Informations issues de la BDTFX Version 2.0, <a href=\"http:\/\/www.tela-botanica.org\" target=\"_blank\">Tela Botanica<\/a>) :<i><br \/>\n&#8211; Drosocarpium fimbriatum Fourr.<br \/>\n&#8211; Hypericum fimbriatum Lam.<br \/>\n<\/i><br \/>\n<span style=\"text-decoration: underline;\">Sous-esp\u00e8ces ou vari\u00e9t\u00e9s :<\/span><br \/>\n<i>&#8211; Hypericum richeri subsp. burseri (DC.) Nyman<br \/>\n&#8211; Hypericum richeri Vill. subsp. richeri<br \/>\n<\/i><\/p>\n","protected":false},"excerpt":{"rendered":"<p>Une fiche plus r&eacute;cente existe, vous pouvez la consulter ICI Nom : Hypericum richeri Vill. ( Millepertuis de Richer\u00a0 ) Famille : HYPERICACEAE Floraison : Juin &#8211; Ao\u00fbt Forme biologique : H\u00e9micryptophyte. Protection : &#8211; Liste des esp\u00e8ces v\u00e9g\u00e9tales prot\u00e9g\u00e9es &hellip; <a href=\"https:\/\/preservons-la-nature.fr\/blog\/?p=2931\">Continuer la lecture <span class=\"meta-nav\">&rarr;<\/span><\/a><\/p>\n","protected":false},"author":1,"featured_media":0,"comment_status":"open","ping_status":"open","sticky":false,"template":"","format":"standard","meta":{"footnotes":""},"categories":[102],"tags":[70],"class_list":["post-2931","post","type-post","status-publish","format-standard","hentry","category-fiche-partielle-de-plantes","tag-hypericacees"],"_links":{"self":[{"href":"https:\/\/preservons-la-nature.fr\/blog\/index.php?rest_route=\/wp\/v2\/posts\/2931","targetHints":{"allow":["GET"]}}],"collection":[{"href":"https:\/\/preservons-la-nature.fr\/blog\/index.php?rest_route=\/wp\/v2\/posts"}],"about":[{"href":"https:\/\/preservons-la-nature.fr\/blog\/index.php?rest_route=\/wp\/v2\/types\/post"}],"author":[{"embeddable":true,"href":"https:\/\/preservons-la-nature.fr\/blog\/index.php?rest_route=\/wp\/v2\/users\/1"}],"replies":[{"embeddable":true,"href":"https:\/\/preservons-la-nature.fr\/blog\/index.php?rest_route=%2Fwp%2Fv2%2Fcomments&post=2931"}],"version-history":[{"count":2,"href":"https:\/\/preservons-la-nature.fr\/blog\/index.php?rest_route=\/wp\/v2\/posts\/2931\/revisions"}],"predecessor-version":[{"id":4111,"href":"https:\/\/preservons-la-nature.fr\/blog\/index.php?rest_route=\/wp\/v2\/posts\/2931\/revisions\/4111"}],"wp:attachment":[{"href":"https:\/\/preservons-la-nature.fr\/blog\/index.php?rest_route=%2Fwp%2Fv2%2Fmedia&parent=2931"}],"wp:term":[{"taxonomy":"category","embeddable":true,"href":"https:\/\/preservons-la-nature.fr\/blog\/index.php?rest_route=%2Fwp%2Fv2%2Fcategories&post=2931"},{"taxonomy":"post_tag","embeddable":true,"href":"https:\/\/preservons-la-nature.fr\/blog\/index.php?rest_route=%2Fwp%2Fv2%2Ftags&post=2931"}],"curies":[{"name":"wp","href":"https:\/\/api.w.org\/{rel}","templated":true}]}}