{"id":2902,"date":"2014-03-01T07:57:01","date_gmt":"2014-03-01T06:57:01","guid":{"rendered":"https:\/\/www.preservons-la-nature.fr\/blog\/?p=2902"},"modified":"2014-03-01T07:57:01","modified_gmt":"2014-03-01T06:57:01","slug":"sparganium-angustifolium-michx-rubanier-a-feuilles-etroites","status":"publish","type":"post","link":"https:\/\/preservons-la-nature.fr\/blog\/?p=2902","title":{"rendered":"Sparganium angustifolium Michx. ( Rubanier \u00e0 feuilles \u00e9troites  )"},"content":{"rendered":"<p><STRONG>Une fiche plus r&eacute;cente existe, vous pouvez la consulter <a href=\"https:\/\/www.preservons-la-nature.fr\/flore\/taxon\/3695.html\">ICI<\/a><\/STRONG><div id=\"attachment_2903\" style=\"width: 650px\" class=\"wp-caption aligncenter\"><a href=\"https:\/\/www.preservons-la-nature.fr\/blog\/wp-content\/uploads\/2014\/03\/DSC07608.jpg\"><img loading=\"lazy\" decoding=\"async\" aria-describedby=\"caption-attachment-2903\" class=\" wp-image-2903 \" title=\"Sparganium angustifolium Michx. ( Rubanier \u00e0 feuilles \u00e9troites  )\" alt=\"Sparganium angustifolium Michx. ( Rubanier \u00e0 feuilles \u00e9troites  )\" src=\"https:\/\/www.preservons-la-nature.fr\/blog\/wp-content\/uploads\/2014\/03\/DSC07608.jpg\" width=\"640\" height=\"426\" srcset=\"https:\/\/preservons-la-nature.fr\/blog\/wp-content\/uploads\/2014\/03\/DSC07608.jpg 800w, https:\/\/preservons-la-nature.fr\/blog\/wp-content\/uploads\/2014\/03\/DSC07608-300x199.jpg 300w\" sizes=\"auto, (max-width: 640px) 100vw, 640px\" \/><\/a><p id=\"caption-attachment-2903\" class=\"wp-caption-text\">Sparganium angustifolium Michx. ( Rubanier \u00e0 feuilles \u00e9troites )<\/p><\/div><\/p>\n<p><strong><span style=\"text-decoration: underline;\">Nom :<\/span><\/strong> <i>Sparganium angustifolium Michx.<\/i> ( Rubanier \u00e0 feuilles \u00e9troites\u00a0 )<\/p>\n<p><strong><span style=\"text-decoration: underline;\">Autre(s) nom(s) :<\/span><\/strong><br \/>\nRubanier \u00e0 feuilles \u00e9troites.<\/p>\n<p><strong><span style=\"text-decoration: underline;\">Famille :<\/span><\/strong> TYPHACEAE<\/p>\n<p><strong><span style=\"text-decoration: underline;\">Floraison :<\/span><\/strong> Juillet &#8211; Septembre<\/p>\n<p><strong><span style=\"text-decoration: underline;\">Protection :<\/span><\/strong><br \/>\n&#8211; Liste des esp\u00e8ces v\u00e9g\u00e9tales prot\u00e9g\u00e9es en r\u00e9gion Franche-Comt\u00e9 Article 1 (1992)<br \/>\n&#8211; Liste des esp\u00e8ces v\u00e9g\u00e9tales prot\u00e9g\u00e9es en r\u00e9gion Lorraine Article 1 (1994)<br \/>\n&#8211; Liste rouge europ\u00e9enne IUCN 2012 LC<\/p>\n<p><strong><span style=\"text-decoration: underline;\">Description dans la flore de Coste :<\/span><\/strong><br \/>\nPlante vivace atteignant ou d\u00e9passant 1 m\u00e8tre, glabre, \u00e0 tige simple, gr\u00eale, flexible, submerg\u00e9e ; feuilles d&rsquo;un beau vert, \u00e9troites (2-4 mm), tr\u00e8s longues, planes, molles, flottantes, dilat\u00e9es-membraneuses et engainantes \u00e0 la base ; capitules en grappe simple, les m\u00e2les souvent 2-3, les femelles 1-3, petites, p\u00e9doncules ; \u00e9cailles dent\u00e9es-\u00e9rod\u00e9es ; fruits stipit\u00e9s, petites, ovo\u00efdes-oblongs, att\u00e9nu\u00e9s en bec gr\u00eale aussi long qu&rsquo;eux.<\/p>\n<p><strong><span style=\"text-decoration: underline;\">Pr\u00e9sent dans le(s) d\u00e9partement(s) suivant(s) :<\/span><\/strong><br \/>\nAlpes-de-Haute-Provence, Alpes-Maritimes, Ari\u00e8ge, Haute-Garonne, Hautes-Alpes, Haute-Sa\u00f4ne, Haute-Savoie, Hautes-Pyr\u00e9n\u00e9es, Is\u00e8re, Meurthe-et-Moselle, Pyr\u00e9n\u00e9es-Atlantiques, Pyr\u00e9n\u00e9es-Orientales, Savoie, Vosges.<\/p>\n<div id=\"attachment_2905\" style=\"width: 610px\" class=\"wp-caption aligncenter\"><a href=\"https:\/\/www.preservons-la-nature.fr\/blog\/?attachment_id=2905\" rel=\"attachment wp-att-2905\"><img loading=\"lazy\" decoding=\"async\" aria-describedby=\"caption-attachment-2905\" class=\"size-full wp-image-2905\" alt=\"Sparganium angustifolium Michx. ( Rubanier \u00e0 feuilles \u00e9troites  )\" src=\"https:\/\/www.preservons-la-nature.fr\/blog\/wp-content\/uploads\/2014\/03\/Carte.jpg\" width=\"600\" height=\"600\" srcset=\"https:\/\/preservons-la-nature.fr\/blog\/wp-content\/uploads\/2014\/03\/Carte.jpg 600w, https:\/\/preservons-la-nature.fr\/blog\/wp-content\/uploads\/2014\/03\/Carte-150x150.jpg 150w, https:\/\/preservons-la-nature.fr\/blog\/wp-content\/uploads\/2014\/03\/Carte-300x300.jpg 300w\" sizes=\"auto, (max-width: 600px) 100vw, 600px\" \/><\/a><p id=\"caption-attachment-2905\" class=\"wp-caption-text\">Sparganium angustifolium Michx. ( Rubanier \u00e0 feuilles \u00e9troites )<\/p><\/div>\n<div id=\"attachment_2904\" style=\"width: 650px\" class=\"wp-caption aligncenter\"><a href=\"https:\/\/www.preservons-la-nature.fr\/blog\/wp-content\/uploads\/2014\/03\/DSC07610.jpg\"><img loading=\"lazy\" decoding=\"async\" aria-describedby=\"caption-attachment-2904\" class=\"size-full wp-image-2904\" title=\"Sparganium angustifolium Michx. ( Rubanier \u00e0 feuilles \u00e9troites  )\" alt=\"Sparganium angustifolium Michx. ( Rubanier \u00e0 feuilles \u00e9troites  )\" src=\"https:\/\/www.preservons-la-nature.fr\/blog\/wp-content\/uploads\/2014\/03\/DSC07610.jpg\" width=\"640\" height=\"426\" srcset=\"https:\/\/preservons-la-nature.fr\/blog\/wp-content\/uploads\/2014\/03\/DSC07610.jpg 800w, https:\/\/preservons-la-nature.fr\/blog\/wp-content\/uploads\/2014\/03\/DSC07610-300x199.jpg 300w\" sizes=\"auto, (max-width: 640px) 100vw, 640px\" \/><\/a><p id=\"caption-attachment-2904\" class=\"wp-caption-text\">Sparganium angustifolium Michx. ( Rubanier \u00e0 feuilles \u00e9troites )<\/p><\/div>\n<p><strong><span style=\"text-decoration: underline;\">Phytosociologie :<\/span><i><\/i><\/strong><\/p>\n<table>\n<tbody>\n<tr>\n<td>Classe<\/td>\n<\/tr>\n<tr>\n<td><strong>Littorelletea uniflorae<\/strong><\/td>\n<\/tr>\n<tr>\n<td>V\u00e9g\u00e9tation vivace rase et amphibie, des bordures de plans d&rsquo;eau, plut\u00f4t oligotrophe.<\/td>\n<\/tr>\n<\/tbody>\n<\/table>\n<table>\n<tbody>\n<tr>\n<td>Alliance<\/td>\n<td>Ordre<\/td>\n<td>Classe<\/td>\n<\/tr>\n<tr>\n<td><strong>Littorellion uniflorae<\/strong><\/td>\n<td><strong>Littorelletalia uniflorae<\/strong><\/td>\n<td><strong>Littorelletea uniflorae<\/strong><\/td>\n<\/tr>\n<tr>\n<td>Communaut\u00e9s des lacs oligotrophes montagnards.<\/td>\n<td><\/td>\n<td>V\u00e9g\u00e9tation vivace rase et amphibie, des bordures de plans d&rsquo;eau, plut\u00f4t oligotrophe.<\/td>\n<\/tr>\n<\/tbody>\n<\/table>\n<p><strong><span style=\"text-decoration: underline;\">Taxonomie :<\/span><\/strong><br \/>\n<i>Sparganium angustifolium Michx.<\/i> a pour synonymes (Informations issues de la BDTFX Version 2.0, <a href=\"http:\/\/www.tela-botanica.org\" target=\"_blank\">Tela Botanica<\/a>) :<i><br \/>\n&#8211; Sparganium affine Schnizl.<br \/>\n&#8211; Sparganium affine subsp. borderei (Focke) P.Fourn.<br \/>\n&#8211; Sparganium affine subsp. borderei (Focke) Rouy<br \/>\n&#8211; Sparganium borderei Focke<br \/>\n&#8211; Sparganium multipedunculatum (Morong) Rydb.<br \/>\n&#8211; Sparganium natans Gren. &amp; Godr.<br \/>\n&#8211; Sparganium simplex var. multipedunculatum Morong<br \/>\n<\/i><\/p>\n","protected":false},"excerpt":{"rendered":"<p>Une fiche plus r&eacute;cente existe, vous pouvez la consulter ICI Nom : Sparganium angustifolium Michx. ( Rubanier \u00e0 feuilles \u00e9troites\u00a0 ) Autre(s) nom(s) : Rubanier \u00e0 feuilles \u00e9troites. Famille : TYPHACEAE Floraison : Juillet &#8211; Septembre Protection : &#8211; Liste &hellip; <a href=\"https:\/\/preservons-la-nature.fr\/blog\/?p=2902\">Continuer la lecture <span class=\"meta-nav\">&rarr;<\/span><\/a><\/p>\n","protected":false},"author":1,"featured_media":0,"comment_status":"open","ping_status":"open","sticky":false,"template":"","format":"standard","meta":{"footnotes":""},"categories":[102],"tags":[95],"class_list":["post-2902","post","type-post","status-publish","format-standard","hentry","category-fiche-partielle-de-plantes","tag-typhacees"],"_links":{"self":[{"href":"https:\/\/preservons-la-nature.fr\/blog\/index.php?rest_route=\/wp\/v2\/posts\/2902","targetHints":{"allow":["GET"]}}],"collection":[{"href":"https:\/\/preservons-la-nature.fr\/blog\/index.php?rest_route=\/wp\/v2\/posts"}],"about":[{"href":"https:\/\/preservons-la-nature.fr\/blog\/index.php?rest_route=\/wp\/v2\/types\/post"}],"author":[{"embeddable":true,"href":"https:\/\/preservons-la-nature.fr\/blog\/index.php?rest_route=\/wp\/v2\/users\/1"}],"replies":[{"embeddable":true,"href":"https:\/\/preservons-la-nature.fr\/blog\/index.php?rest_route=%2Fwp%2Fv2%2Fcomments&post=2902"}],"version-history":[{"count":1,"href":"https:\/\/preservons-la-nature.fr\/blog\/index.php?rest_route=\/wp\/v2\/posts\/2902\/revisions"}],"predecessor-version":[{"id":2906,"href":"https:\/\/preservons-la-nature.fr\/blog\/index.php?rest_route=\/wp\/v2\/posts\/2902\/revisions\/2906"}],"wp:attachment":[{"href":"https:\/\/preservons-la-nature.fr\/blog\/index.php?rest_route=%2Fwp%2Fv2%2Fmedia&parent=2902"}],"wp:term":[{"taxonomy":"category","embeddable":true,"href":"https:\/\/preservons-la-nature.fr\/blog\/index.php?rest_route=%2Fwp%2Fv2%2Fcategories&post=2902"},{"taxonomy":"post_tag","embeddable":true,"href":"https:\/\/preservons-la-nature.fr\/blog\/index.php?rest_route=%2Fwp%2Fv2%2Ftags&post=2902"}],"curies":[{"name":"wp","href":"https:\/\/api.w.org\/{rel}","templated":true}]}}