{"id":2894,"date":"2014-02-27T00:57:55","date_gmt":"2014-02-26T23:57:55","guid":{"rendered":"https:\/\/www.preservons-la-nature.fr\/blog\/?p=2894"},"modified":"2014-02-24T13:01:52","modified_gmt":"2014-02-24T12:01:52","slug":"2894","status":"publish","type":"post","link":"https:\/\/preservons-la-nature.fr\/blog\/?p=2894","title":{"rendered":"Viburnum opulus L. ( Viorne obier )"},"content":{"rendered":"<p><STRONG>Une fiche plus r&eacute;cente existe, vous pouvez la consulter <a href=\"https:\/\/www.preservons-la-nature.fr\/flore\/taxon\/1238.html\">ICI<\/a><\/STRONG><div id=\"attachment_2897\" style=\"width: 650px\" class=\"wp-caption aligncenter\"><a href=\"https:\/\/www.preservons-la-nature.fr\/blog\/wp-content\/uploads\/2014\/02\/plus501.jpg\"><img loading=\"lazy\" decoding=\"async\" aria-describedby=\"caption-attachment-2897\" class=\" wp-image-2897 \" title=\"Viburnum opulus L. ( Viorne obier )\" alt=\"Viburnum opulus L. ( Viorne obier )\" src=\"https:\/\/www.preservons-la-nature.fr\/blog\/wp-content\/uploads\/2014\/02\/plus501.jpg\" width=\"640\" height=\"426\" srcset=\"https:\/\/preservons-la-nature.fr\/blog\/wp-content\/uploads\/2014\/02\/plus501.jpg 800w, https:\/\/preservons-la-nature.fr\/blog\/wp-content\/uploads\/2014\/02\/plus501-300x199.jpg 300w\" sizes=\"auto, (max-width: 640px) 100vw, 640px\" \/><\/a><p id=\"caption-attachment-2897\" class=\"wp-caption-text\">Viburnum opulus L. ( Viorne obier )<\/p><\/div><\/p>\n<p><strong><span style=\"text-decoration: underline;\">Nom :<\/span><\/strong> <i>Viburnum opulus L.<\/i> ( Viorne obier )<\/p>\n<p><strong><span style=\"text-decoration: underline;\">Autre(s) nom(s) :<\/span><\/strong><br \/>\nSureau d&rsquo;eau, Viorne aquatique.<\/p>\n<p><strong><span style=\"text-decoration: underline;\">Famille :<\/span><\/strong> ADOXACEAE<\/p>\n<p><strong><span style=\"text-decoration: underline;\">Floraison :<\/span><\/strong> Mai &#8211; Juin<\/p>\n<p><strong><span style=\"text-decoration: underline;\">Description dans la flore de Coste :<\/span><\/strong><br \/>\nArbrisseau de 2-4 m\u00e8tres, \u00e0 rameaux fragiles, glabres, d&rsquo;un gris blanch\u00e2tre ; feuilles caduques, minces, l\u00e9g\u00e8rement pubescentes en dessous, largement ovales, \u00e0 3 5 lobes sinu\u00e9s-dent\u00e9s, aigus ; p\u00e9tiole allong\u00e9, glabre, muni \u00e0 la base de stipules lin\u00e9aires ; corymbes assez longuement p\u00e9doncules, peu serr\u00e9s ; fleurs blanches, inodores, les centrales petites et r\u00e9guli\u00e8res, les ext\u00e9rieures bien plus grandes, rayonnantes, \u00e0 lobes in\u00e9gaux, st\u00e9riles ; baies globuleuses, d&rsquo;un rouge vif \u00e0 la maturit\u00e9.<\/p>\n<p><strong><span style=\"text-decoration: underline;\">Pr\u00e9sent dans le(s) d\u00e9partement(s) suivant(s) :<\/span><\/strong><br \/>\nAin, Aisne, Allier, Alpes-de-Haute-Provence, Alpes-Maritimes, Ardennes, Aube, Aveyron, Bas-Rhin, Calvados, Cantal, Charente, Charente-Maritime, Cher, Corr\u00e8ze, C\u00f4te-d&rsquo;Or, C\u00f4tes-d&rsquo;Armor, Creuse, Deux-S\u00e8vres, Dordogne, Doubs, Essonne, Eure, Eure-et-Loir, Finist\u00e8re, Gironde, Haute-Loire, Haute-Marne, Hautes-Alpes, Haute-Sa\u00f4ne, Haute-Savoie, Haute-Vienne, Haut-Rhin, Hauts-de-Seine, Ille-et-Vilaine, Indre, Indre-et-Loire, Is\u00e8re, Jura, Landes, Loire-Atlantique, Loiret, Loir-et-Cher, Lot, Lot-et-Garonne, Loz\u00e8re, Maine-et-Loire, Manche, Marne, Mayenne, Meurthe-et-Moselle, Meuse, Morbihan, Moselle, Ni\u00e8vre, Nord, Oise, Orne, Paris, Pas-de-Calais, Puy-de-D\u00f4me, Pyr\u00e9n\u00e9es-Atlantiques, Sa\u00f4ne-et-Loire, Sarthe, Seine-et-Marne, Seine-Maritime, Seine-Saint-Denis, Somme, Tarn, Tarn-et-Garonne, Territoire-de-Belfort, Val-de-Marne, Val-d&rsquo;Oise, Var, Vaucluse, Vend\u00e9e, Vienne, Vosges, Yonne, Yvelines.<br \/>\n<div id=\"attachment_2899\" style=\"width: 610px\" class=\"wp-caption aligncenter\"><a href=\"https:\/\/www.preservons-la-nature.fr\/blog\/?attachment_id=2899\" rel=\"attachment wp-att-2899\"><img loading=\"lazy\" decoding=\"async\" aria-describedby=\"caption-attachment-2899\" src=\"https:\/\/www.preservons-la-nature.fr\/blog\/wp-content\/uploads\/2014\/02\/carte42.jpg\" alt=\"R\u00e9partition de Viburnum opulus L. ( Viorne obier )\" width=\"600\" height=\"600\" class=\"size-full wp-image-2899\" srcset=\"https:\/\/preservons-la-nature.fr\/blog\/wp-content\/uploads\/2014\/02\/carte42.jpg 600w, https:\/\/preservons-la-nature.fr\/blog\/wp-content\/uploads\/2014\/02\/carte42-150x150.jpg 150w, https:\/\/preservons-la-nature.fr\/blog\/wp-content\/uploads\/2014\/02\/carte42-300x300.jpg 300w\" sizes=\"auto, (max-width: 600px) 100vw, 600px\" \/><\/a><p id=\"caption-attachment-2899\" class=\"wp-caption-text\">R\u00e9partition de Viburnum opulus L. ( Viorne obier )<\/p><\/div><br \/>\n<strong><span style=\"text-decoration: underline;\">Phytosociologie :<\/span><i><\/i><\/strong><\/p>\n<table>\n<tbody>\n<tr>\n<td>Sous-alliance<\/td>\n<td>Alliance<\/td>\n<td>Sous-ordre<\/td>\n<td>Ordre<\/td>\n<td>Classe<\/td>\n<\/tr>\n<tr>\n<td><strong>Alnenion glutinoso-incanae<\/strong><\/td>\n<td><strong>Alnion incanae<\/strong><\/td>\n<td><strong>Alno glutinosae-Ulmenalia minoris<\/strong><\/td>\n<td><strong>Populetalia albae<\/strong><\/td>\n<td><strong>Querco roboris-Fagetea sylvaticae<\/strong><\/td>\n<\/tr>\n<tr>\n<td>Communaut\u00e9s des bords de ruisseaux et torrents, jusqu&rsquo;\u00e0 ceux des rivi\u00e8res \u00e0 eaux lentes.<\/td>\n<td><\/td>\n<td>Communaut\u00e9s de l&rsquo;Europe temp\u00e9r\u00e9e.<\/td>\n<td>Communaut\u00e9s riveraines non mar\u00e9cageuses.<\/td>\n<td>For\u00eats temp\u00e9r\u00e9es caducifoli\u00e9es ou mixtes, collin\u00e9ennes et montagnardes (plus rarement subalpines), ainsi que supram\u00e9diterran\u00e9ennes.<\/td>\n<\/tr>\n<\/tbody>\n<\/table>\n<table>\n<tbody>\n<tr>\n<td>Alliance<\/td>\n<td>Sous-ordre<\/td>\n<td>Ordre<\/td>\n<td>Classe<\/td>\n<\/tr>\n<tr>\n<td><strong>Alnion incanae<\/strong><\/td>\n<td><strong>Alno glutinosae-Ulmenalia minoris<\/strong><\/td>\n<td><strong>Populetalia albae<\/strong><\/td>\n<td><strong>Querco roboris-Fagetea sylvaticae<\/strong><\/td>\n<\/tr>\n<tr>\n<td><\/td>\n<td>Communaut\u00e9s de l&rsquo;Europe temp\u00e9r\u00e9e.<\/td>\n<td>Communaut\u00e9s riveraines non mar\u00e9cageuses.<\/td>\n<td>For\u00eats temp\u00e9r\u00e9es caducifoli\u00e9es ou mixtes, collin\u00e9ennes et montagnardes (plus rarement subalpines), ainsi que supram\u00e9diterran\u00e9ennes.<\/td>\n<\/tr>\n<\/tbody>\n<\/table>\n<table>\n<tbody>\n<tr>\n<td>Alliance<\/td>\n<td>Ordre<\/td>\n<td>Classe<\/td>\n<\/tr>\n<tr>\n<td><strong>Salici cinereae-Rhamnion catharticae<\/strong><\/td>\n<td><strong>Prunetalia spinosae<\/strong><\/td>\n<td><strong>Crataego monogynae-Prunetea spinosae<\/strong><\/td>\n<\/tr>\n<tr>\n<td>Communaut\u00e9s de manteaux, frutic\u00e9es, haies plus ou moins m\u00e9sohygrophiles des lits majeurs inondables des rivi\u00e8res.<\/td>\n<td>Communaut\u00e9s arbustives non dunaires, des sols carbonat\u00e9s ou plus ou moins d\u00e9satur\u00e9s.<\/td>\n<td>V\u00e9g\u00e9tation principalement europ\u00e9enne de manteaux arbustifs, frutic\u00e9es et haies. Nota : diverses communaut\u00e9s domin\u00e9es par des Rubus (spp.), non encore \u00e9tudi\u00e9es en France, ne sont pas int\u00e9gr\u00e9es \u00e0 la pr\u00e9sente classification.<\/td>\n<\/tr>\n<\/tbody>\n<\/table>\n<p><strong><span style=\"text-decoration: underline;\">Taxonomie :<\/span><\/strong><br \/>\n<i>Viburnum opulus L.<\/i> a pour synonymes (Informations issues de la BDTFX Version 2.0, <a href=\"http:\/\/www.tela-botanica.org\" target=\"_blank\">Tela Botanica<\/a>) :<i><br \/>\n&#8211; Opulus glandulosus Moench<br \/>\n&#8211; Opulus lobatofolia Gilib.<br \/>\n&#8211; Opulus palustris Gray<br \/>\n&#8211; Opulus rosea Schur<br \/>\n&#8211; Opulus vulgaris Borkh.<br \/>\n&#8211; Viburnum glandulosum Salisb.<br \/>\n&#8211; Viburnum lobatum Lam.<br \/>\n<\/i><br \/>\n<span style=\"text-decoration: underline;\">Sous-esp\u00e8ces ou vari\u00e9t\u00e9s :<\/span><br \/>\n<i>&#8211; Viburnum opulus cv. Roseum<br \/>\n<\/i><\/p>\n","protected":false},"excerpt":{"rendered":"<p>Une fiche plus r&eacute;cente existe, vous pouvez la consulter ICI Nom : Viburnum opulus L. ( Viorne obier ) Autre(s) nom(s) : Sureau d&rsquo;eau, Viorne aquatique. Famille : ADOXACEAE Floraison : Mai &#8211; Juin Description dans la flore de Coste &hellip; <a href=\"https:\/\/preservons-la-nature.fr\/blog\/?p=2894\">Continuer la lecture <span class=\"meta-nav\">&rarr;<\/span><\/a><\/p>\n","protected":false},"author":1,"featured_media":0,"comment_status":"open","ping_status":"open","sticky":false,"template":"","format":"standard","meta":{"footnotes":""},"categories":[102],"tags":[103],"class_list":["post-2894","post","type-post","status-publish","format-standard","hentry","category-fiche-partielle-de-plantes","tag-adoxacees"],"_links":{"self":[{"href":"https:\/\/preservons-la-nature.fr\/blog\/index.php?rest_route=\/wp\/v2\/posts\/2894","targetHints":{"allow":["GET"]}}],"collection":[{"href":"https:\/\/preservons-la-nature.fr\/blog\/index.php?rest_route=\/wp\/v2\/posts"}],"about":[{"href":"https:\/\/preservons-la-nature.fr\/blog\/index.php?rest_route=\/wp\/v2\/types\/post"}],"author":[{"embeddable":true,"href":"https:\/\/preservons-la-nature.fr\/blog\/index.php?rest_route=\/wp\/v2\/users\/1"}],"replies":[{"embeddable":true,"href":"https:\/\/preservons-la-nature.fr\/blog\/index.php?rest_route=%2Fwp%2Fv2%2Fcomments&post=2894"}],"version-history":[{"count":4,"href":"https:\/\/preservons-la-nature.fr\/blog\/index.php?rest_route=\/wp\/v2\/posts\/2894\/revisions"}],"predecessor-version":[{"id":2900,"href":"https:\/\/preservons-la-nature.fr\/blog\/index.php?rest_route=\/wp\/v2\/posts\/2894\/revisions\/2900"}],"wp:attachment":[{"href":"https:\/\/preservons-la-nature.fr\/blog\/index.php?rest_route=%2Fwp%2Fv2%2Fmedia&parent=2894"}],"wp:term":[{"taxonomy":"category","embeddable":true,"href":"https:\/\/preservons-la-nature.fr\/blog\/index.php?rest_route=%2Fwp%2Fv2%2Fcategories&post=2894"},{"taxonomy":"post_tag","embeddable":true,"href":"https:\/\/preservons-la-nature.fr\/blog\/index.php?rest_route=%2Fwp%2Fv2%2Ftags&post=2894"}],"curies":[{"name":"wp","href":"https:\/\/api.w.org\/{rel}","templated":true}]}}