{"id":2877,"date":"2014-02-24T12:37:45","date_gmt":"2014-02-24T11:37:45","guid":{"rendered":"https:\/\/www.preservons-la-nature.fr\/blog\/?p=2877"},"modified":"2014-02-24T12:37:45","modified_gmt":"2014-02-24T11:37:45","slug":"sonchus-arvensis-l-laiteron-des-champs","status":"publish","type":"post","link":"https:\/\/preservons-la-nature.fr\/blog\/?p=2877","title":{"rendered":"Sonchus arvensis L. ( Laiteron des champs )"},"content":{"rendered":"<p><STRONG>Une fiche plus r&eacute;cente existe, vous pouvez la consulter <a href=\"https:\/\/www.preservons-la-nature.fr\/flore\/taxon\/1110.html\">ICI<\/a><\/STRONG><div id=\"attachment_2880\" style=\"width: 370px\" class=\"wp-caption aligncenter\"><a href=\"https:\/\/www.preservons-la-nature.fr\/blog\/wp-content\/uploads\/2014\/02\/DSC07810.jpg\"><img loading=\"lazy\" decoding=\"async\" aria-describedby=\"caption-attachment-2880\" class=\" wp-image-2880 \" title=\"Sonchus arvensis L. ( Laiteron des champs )\" alt=\"Sonchus arvensis L. ( Laiteron des champs )\" src=\"https:\/\/www.preservons-la-nature.fr\/blog\/wp-content\/uploads\/2014\/02\/DSC07810.jpg\" width=\"360\" height=\"540\" srcset=\"https:\/\/preservons-la-nature.fr\/blog\/wp-content\/uploads\/2014\/02\/DSC07810.jpg 400w, https:\/\/preservons-la-nature.fr\/blog\/wp-content\/uploads\/2014\/02\/DSC07810-200x300.jpg 200w\" sizes=\"auto, (max-width: 360px) 100vw, 360px\" \/><\/a><p id=\"caption-attachment-2880\" class=\"wp-caption-text\">Sonchus arvensis L. ( Laiteron des champs )<\/p><\/div><\/p>\n<p><strong><span style=\"text-decoration: underline;\">Nom :<\/span><\/strong> <i>Sonchus arvensis L.<\/i> ( Laiteron des champs )<\/p>\n<p><strong><span style=\"text-decoration: underline;\">Famille :<\/span><\/strong> ASTERACEAE<\/p>\n<p><strong><span style=\"text-decoration: underline;\">Floraison :<\/span><\/strong> Juin &#8211; Octobre<\/p>\n<p><strong><span style=\"text-decoration: underline;\">Forme biologique :<\/span><\/strong><br \/>\nH\u00e9micryptophyte.<\/p>\n<p><strong><span style=\"text-decoration: underline;\">Description dans la flore de Coste :<\/span><\/strong><br \/>\nRacine vivace, rampante ; tige de 5-15 dm, dress\u00e9e, glabre, poilue-glanduleuse au sommet ; feuilles glabres, pennatipartites ou pennatifides, \u00e0 segments peu nombreux, espac\u00e9s, denticul\u00e9s spinuleux, les caulinaires embrassantes, \u00e0 oreillettes courtes, arrondies ; capitules peu nombreux, longuement p\u00e9doncul\u00e9s en corymbe, \u00e0 p\u00e9doncules hispides-glanduleux ainsi que l&rsquo;involucre ; ak\u00e8nes elliptiques, fortement stri\u00e9s transversalement ; fleurs jaunes.<\/p>\n<div id=\"attachment_2879\" style=\"width: 650px\" class=\"wp-caption aligncenter\"><a href=\"https:\/\/www.preservons-la-nature.fr\/blog\/wp-content\/uploads\/2014\/02\/DSC07807.jpg\"><img loading=\"lazy\" decoding=\"async\" aria-describedby=\"caption-attachment-2879\" class=\"size-full wp-image-2879\" title=\"Sonchus arvensis L. ( Laiteron des champs )\" alt=\"Sonchus arvensis L. ( Laiteron des champs )\" src=\"https:\/\/www.preservons-la-nature.fr\/blog\/wp-content\/uploads\/2014\/02\/DSC07807.jpg\" width=\"640\" height=\"426\" srcset=\"https:\/\/preservons-la-nature.fr\/blog\/wp-content\/uploads\/2014\/02\/DSC07807.jpg 800w, https:\/\/preservons-la-nature.fr\/blog\/wp-content\/uploads\/2014\/02\/DSC07807-300x199.jpg 300w\" sizes=\"auto, (max-width: 640px) 100vw, 640px\" \/><\/a><p id=\"caption-attachment-2879\" class=\"wp-caption-text\">Sonchus arvensis L. ( Laiteron des champs )<\/p><\/div>\n<p><strong><span style=\"text-decoration: underline;\">Pr\u00e9sent dans le(s) d\u00e9partement(s) suivant(s) :<\/span><\/strong><br \/>\nAisne, Allier, Alpes-de-Haute-Provence, Alpes-Maritimes, Ardennes, Aube, Bas-Rhin, Bouches-du-Rh\u00f4ne, Calvados, Cantal, Charente, Charente-Maritime, Cher, C\u00f4te-d&rsquo;Or, C\u00f4tes-d&rsquo;Armor, Creuse, Deux-S\u00e8vres, Dordogne, Doubs, Essonne, Eure, Eure-et-Loir, Finist\u00e8re, Haute-Marne, Hautes-Alpes, Haute-Sa\u00f4ne, Haute-Vienne, Hauts-de-Seine, Ille-et-Vilaine, Indre, Indre-et-Loire, Is\u00e8re, Jura, Loire-Atlantique, Loiret, Loir-et-Cher, Lot, Maine-et-Loire, Manche, Marne, Mayenne, Meurthe-et-Moselle, Meuse, Morbihan, Moselle, Ni\u00e8vre, Nord, Oise, Orne, Paris, Pas-de-Calais, Puy-de-D\u00f4me, Sa\u00f4ne-et-Loire, Sarthe, Seine-et-Marne, Seine-Maritime, Seine-Saint-Denis, Somme, Tarn-et-Garonne, Territoire-de-Belfort, Val-de-Marne, Val-d&rsquo;Oise, Var, Vaucluse, Vend\u00e9e, Vienne, Yonne, Yvelines.<\/p>\n<div id=\"attachment_2881\" style=\"width: 610px\" class=\"wp-caption aligncenter\"><a href=\"https:\/\/www.preservons-la-nature.fr\/blog\/?attachment_id=2881\" rel=\"attachment wp-att-2881\"><img loading=\"lazy\" decoding=\"async\" aria-describedby=\"caption-attachment-2881\" class=\"size-full wp-image-2881\" alt=\"R\u00e9partition de Sonchus arvensis L. ( Laiteron des champs )\" src=\"https:\/\/www.preservons-la-nature.fr\/blog\/wp-content\/uploads\/2014\/02\/carte39.jpg\" width=\"600\" height=\"600\" srcset=\"https:\/\/preservons-la-nature.fr\/blog\/wp-content\/uploads\/2014\/02\/carte39.jpg 600w, https:\/\/preservons-la-nature.fr\/blog\/wp-content\/uploads\/2014\/02\/carte39-150x150.jpg 150w, https:\/\/preservons-la-nature.fr\/blog\/wp-content\/uploads\/2014\/02\/carte39-300x300.jpg 300w\" sizes=\"auto, (max-width: 600px) 100vw, 600px\" \/><\/a><p id=\"caption-attachment-2881\" class=\"wp-caption-text\">R\u00e9partition de Sonchus arvensis L. ( Laiteron des champs )<\/p><\/div>\n<div id=\"attachment_2878\" style=\"width: 650px\" class=\"wp-caption aligncenter\"><a href=\"https:\/\/www.preservons-la-nature.fr\/blog\/wp-content\/uploads\/2014\/02\/DSC07806.jpg\"><img loading=\"lazy\" decoding=\"async\" aria-describedby=\"caption-attachment-2878\" class=\" wp-image-2878 \" title=\"Sonchus arvensis L. ( Laiteron des champs )\" alt=\"Sonchus arvensis L. ( Laiteron des champs )\" src=\"https:\/\/www.preservons-la-nature.fr\/blog\/wp-content\/uploads\/2014\/02\/DSC07806.jpg\" width=\"640\" height=\"426\" srcset=\"https:\/\/preservons-la-nature.fr\/blog\/wp-content\/uploads\/2014\/02\/DSC07806.jpg 800w, https:\/\/preservons-la-nature.fr\/blog\/wp-content\/uploads\/2014\/02\/DSC07806-300x199.jpg 300w\" sizes=\"auto, (max-width: 640px) 100vw, 640px\" \/><\/a><p id=\"caption-attachment-2878\" class=\"wp-caption-text\">Sonchus arvensis L. ( Laiteron des champs )<\/p><\/div>\n<p><strong><span style=\"text-decoration: underline;\">Phytosociologie :<\/span><i><\/i><\/strong><\/p>\n<table>\n<tbody>\n<tr>\n<td>Classe<\/td>\n<\/tr>\n<tr>\n<td><strong>Cakiletea maritimae<\/strong><\/td>\n<\/tr>\n<tr>\n<td>V\u00e9g\u00e9tation annuelle halonitrophile des laisses de mer, estrans, pr\u00e9s sal\u00e9s, ainsi que des falaises littorales (zones de nidification d&rsquo;oiseaux).<\/td>\n<\/tr>\n<\/tbody>\n<\/table>\n<table>\n<tbody>\n<tr>\n<td>Ordre<\/td>\n<td>Classe<\/td>\n<\/tr>\n<tr>\n<td><strong>Chenopodietalia albi<\/strong><\/td>\n<td><strong>Stellarietea mediae<\/strong><\/td>\n<\/tr>\n<tr>\n<td>Communaut\u00e9s principalement des cultures sarcl\u00e9es, sur sol eutrophe.<\/td>\n<td>V\u00e9g\u00e9tation annuelle, nitrophile, commensale des cultures annuelles ou sarcl\u00e9es.<\/td>\n<\/tr>\n<\/tbody>\n<\/table>\n<table>\n<tbody>\n<tr>\n<td>Ordre<\/td>\n<td>Classe<\/td>\n<\/tr>\n<tr>\n<td><strong>Convolvuletalia sepium<\/strong><\/td>\n<td><strong>Filipendulo ulmariae-Convolvuletea sepium<\/strong><\/td>\n<\/tr>\n<tr>\n<td><\/td>\n<td>M\u00e9gaphorbiaies planitiaires \u00e0 montagnardes, m\u00e9so-eutrophes, des stations plus ou moins inondables \u00e0 humides.<\/td>\n<\/tr>\n<\/tbody>\n<\/table>\n<table>\n<tbody>\n<tr>\n<td>Alliance<\/td>\n<td>Ordre<\/td>\n<td>Classe<\/td>\n<\/tr>\n<tr>\n<td><strong>Convolvulo arvensis-Agropyrion repentis<\/strong><\/td>\n<td><strong>Agropyretalia intermedii-repentis<\/strong><\/td>\n<td><strong>Agropyretea pungentis<\/strong><\/td>\n<\/tr>\n<tr>\n<td>Communaut\u00e9s eurosib\u00e9riennes m\u00e9sophiles.<\/td>\n<td>Communaut\u00e9s non littorales.<\/td>\n<td>V\u00e9g\u00e9tation vivace gramin\u00e9enne, x\u00e9rophile et semi-rud\u00e9rale, surtout sur sables, limons et substrats calcaires, \u00e0 distribution europ\u00e9enne et ouest-sib\u00e9rienne.<\/td>\n<\/tr>\n<\/tbody>\n<\/table>\n<table>\n<tbody>\n<tr>\n<td>Alliance<\/td>\n<td>Ordre<\/td>\n<td>Classe<\/td>\n<\/tr>\n<tr>\n<td><strong>Loto tenuis-Trifolion fragiferi<\/strong><\/td>\n<td><strong>Potentillo anserinae-Polygonetalia avicularis<\/strong><\/td>\n<td><strong>Agrostietea stoloniferae<\/strong><\/td>\n<\/tr>\n<tr>\n<td>Communaut\u00e9s littorales, l\u00e9g\u00e8rement halophiles.<\/td>\n<td>Prairies eurosib\u00e9riennes subissant des inondations de courte dur\u00e9e.<\/td>\n<td>V\u00e9g\u00e9tation prairiale des sols engorg\u00e9s ou inondables, essentiellement min\u00e9raux, m\u00e9sotrophes \u00e0 eutrophes.<\/td>\n<\/tr>\n<\/tbody>\n<\/table>\n<p><strong><span style=\"text-decoration: underline;\">Taxonomie :<\/span><\/strong><br \/>\n<i>Sonchus arvensis L.<\/i> a pour synonymes (Informations issues de la BDTFX Version 2.0, <a href=\"http:\/\/www.tela-botanica.org\" target=\"_blank\">Tela Botanica<\/a>) :<i><br \/>\n&#8211; Sonchoseris arvensis (L.) Fourr.<br \/>\n&#8211; Sonchus arvensis var. glaber Cariot &amp; St.-Lag.<br \/>\n&#8211; Sonchus decorus Castagne<br \/>\n&#8211; Sonchus glaber Schult.<br \/>\n&#8211; Sonchus humilis Orlova<br \/>\n&#8211; Sonchus mauritanicus Boiss.<br \/>\n&#8211; Sonchus nitidus Vill.<br \/>\n&#8211; Sonchus repens Bubani<br \/>\n&#8211; Sonchus shzucinianus Herder<br \/>\n&#8211; Sonchus vulgaris subsp. arvensis (L.) Rouy<br \/>\n&#8211; Sonchus vulgaris var. decorus (Castagne) Rouy<br \/>\n<\/i><br \/>\n<span style=\"text-decoration: underline;\">Sous-esp\u00e8ces ou vari\u00e9t\u00e9s :<\/span><br \/>\n<i>&#8211; Sonchus arvensis L. subsp. arvensis<br \/>\n&#8211; Sonchus arvensis subsp. uliginosus (M.Bieb.) Nyman<br \/>\n<\/i><\/p>\n","protected":false},"excerpt":{"rendered":"<p>Une fiche plus r&eacute;cente existe, vous pouvez la consulter ICI Nom : Sonchus arvensis L. ( Laiteron des champs ) Famille : ASTERACEAE Floraison : Juin &#8211; Octobre Forme biologique : H\u00e9micryptophyte. Description dans la flore de Coste : Racine &hellip; <a href=\"https:\/\/preservons-la-nature.fr\/blog\/?p=2877\">Continuer la lecture <span class=\"meta-nav\">&rarr;<\/span><\/a><\/p>\n","protected":false},"author":1,"featured_media":0,"comment_status":"open","ping_status":"open","sticky":false,"template":"","format":"standard","meta":{"footnotes":""},"categories":[102],"tags":[48],"class_list":["post-2877","post","type-post","status-publish","format-standard","hentry","category-fiche-partielle-de-plantes","tag-asteracees"],"_links":{"self":[{"href":"https:\/\/preservons-la-nature.fr\/blog\/index.php?rest_route=\/wp\/v2\/posts\/2877","targetHints":{"allow":["GET"]}}],"collection":[{"href":"https:\/\/preservons-la-nature.fr\/blog\/index.php?rest_route=\/wp\/v2\/posts"}],"about":[{"href":"https:\/\/preservons-la-nature.fr\/blog\/index.php?rest_route=\/wp\/v2\/types\/post"}],"author":[{"embeddable":true,"href":"https:\/\/preservons-la-nature.fr\/blog\/index.php?rest_route=\/wp\/v2\/users\/1"}],"replies":[{"embeddable":true,"href":"https:\/\/preservons-la-nature.fr\/blog\/index.php?rest_route=%2Fwp%2Fv2%2Fcomments&post=2877"}],"version-history":[{"count":1,"href":"https:\/\/preservons-la-nature.fr\/blog\/index.php?rest_route=\/wp\/v2\/posts\/2877\/revisions"}],"predecessor-version":[{"id":2882,"href":"https:\/\/preservons-la-nature.fr\/blog\/index.php?rest_route=\/wp\/v2\/posts\/2877\/revisions\/2882"}],"wp:attachment":[{"href":"https:\/\/preservons-la-nature.fr\/blog\/index.php?rest_route=%2Fwp%2Fv2%2Fmedia&parent=2877"}],"wp:term":[{"taxonomy":"category","embeddable":true,"href":"https:\/\/preservons-la-nature.fr\/blog\/index.php?rest_route=%2Fwp%2Fv2%2Fcategories&post=2877"},{"taxonomy":"post_tag","embeddable":true,"href":"https:\/\/preservons-la-nature.fr\/blog\/index.php?rest_route=%2Fwp%2Fv2%2Ftags&post=2877"}],"curies":[{"name":"wp","href":"https:\/\/api.w.org\/{rel}","templated":true}]}}