{"id":2866,"date":"2014-03-29T00:42:11","date_gmt":"2014-03-28T23:42:11","guid":{"rendered":"https:\/\/www.preservons-la-nature.fr\/blog\/?p=2866"},"modified":"2014-02-23T09:45:16","modified_gmt":"2014-02-23T08:45:16","slug":"orchis-pallens-l-orchis-pale","status":"publish","type":"post","link":"https:\/\/preservons-la-nature.fr\/blog\/?p=2866","title":{"rendered":"Orchis pallens L. ( Orchis p\u00e2le  )"},"content":{"rendered":"<p><STRONG>Une fiche plus r&eacute;cente existe, vous pouvez la consulter <a href=\"https:\/\/www.preservons-la-nature.fr\/flore\/taxon\/3088.html\">ICI<\/a><\/STRONG><div id=\"attachment_2867\" style=\"width: 370px\" class=\"wp-caption aligncenter\"><a href=\"https:\/\/www.preservons-la-nature.fr\/blog\/wp-content\/uploads\/2014\/02\/DSC6541.jpg\"><img loading=\"lazy\" decoding=\"async\" aria-describedby=\"caption-attachment-2867\" class=\" wp-image-2867 \" title=\"Orchis pallens L. ( Orchis p\u00e2le  )\" alt=\"Orchis pallens L. ( Orchis p\u00e2le  )\" src=\"https:\/\/www.preservons-la-nature.fr\/blog\/wp-content\/uploads\/2014\/02\/DSC6541.jpg\" width=\"360\" height=\"540\" srcset=\"https:\/\/preservons-la-nature.fr\/blog\/wp-content\/uploads\/2014\/02\/DSC6541.jpg 400w, https:\/\/preservons-la-nature.fr\/blog\/wp-content\/uploads\/2014\/02\/DSC6541-200x300.jpg 200w\" sizes=\"auto, (max-width: 360px) 100vw, 360px\" \/><\/a><p id=\"caption-attachment-2867\" class=\"wp-caption-text\">Orchis pallens L. ( Orchis p\u00e2le )<\/p><\/div><\/p>\n<p><strong><span style=\"text-decoration: underline;\">Nom :<\/span><\/strong> <i>Orchis pallens L.<\/i> ( Orchis p\u00e2le\u00a0 )<\/p>\n<p><strong><span style=\"text-decoration: underline;\">Autre(s) nom(s) :<\/span><\/strong><br \/>\nOrchis p\u00e2le, Orchis p\u00e2le.<\/p>\n<p><strong><span style=\"text-decoration: underline;\">Famille :<\/span><\/strong> ORCHIDACEAE<\/p>\n<p><strong><span style=\"text-decoration: underline;\">Floraison :<\/span><\/strong> Avril &#8211; Juin<\/p>\n<p><strong><span style=\"text-decoration: underline;\">Forme biologique :<\/span><\/strong><br \/>\nG\u00e9ophyte.<\/p>\n<p><strong><span style=\"text-decoration: underline;\">Protection :<\/span><\/strong><br \/>\n&#8211; CITES (Convention de washington)<br \/>\n&#8211; Liste des esp\u00e8ces v\u00e9g\u00e9tales prot\u00e9g\u00e9es en r\u00e9gion Alsace Article 1 (1993)<br \/>\n&#8211; Liste des esp\u00e8ces v\u00e9g\u00e9tales prot\u00e9g\u00e9es en r\u00e9gion Auvergne Article 1 (1990)<br \/>\n&#8211; Liste des esp\u00e8ces v\u00e9g\u00e9tales prot\u00e9g\u00e9es en r\u00e9gion Midi-Pyr\u00e9n\u00e9es Article 8 (2004)<br \/>\n&#8211; Liste rouge europ\u00e9enne IUCN 2012 LC<\/p>\n<p><strong><span style=\"text-decoration: underline;\">Description dans la flore de Coste :<\/span><\/strong><br \/>\nPlante herbac\u00e9e assez trapue, haute de 15 \u00e0 30 (40) cm ; tige ronde, lisse ; feuilles : 4 \u00e0 6 basilaires, luisantes, larges, oblongues \u00e0 obovales, leur plus grande largeur au-dessus du milieu, \u00e9tal\u00e9es \u00e0 dress\u00e9es, non macul\u00e9es, 1 \u00e0 2 caulinaires plus petites, dress\u00e9es, engainantes ; bract\u00e9es plus longues ou aussi longues que l&rsquo;ovaire, membraneuses, jaun\u00e2tres ; inflorescence en \u00e9pi cylindrique \u00e0 ovale, dense, long de 5 \u00e0 15 cm, \u00e0 fleurs assez nombreuses ; fleurs jaune p\u00e2le, sans aucune t\u00e2che, \u00e0 odeur aigre de sureau ; s\u00e9pales ovales, obtus, les lat\u00e9raux \u00e9tal\u00e9s \u00e0 dress\u00e9s, s\u00e9pale m\u00e9dian connivent avec les p\u00e9tales en casque bomb\u00e9 ; p\u00e9tales ovales, obtus, un peu plus petits que les s\u00e9pales ; labelle de teinte jaune plus vif que le p\u00e9rianthe, trilob\u00e9, large, convexe, divis\u00e9 en trois lobes plus ou moins \u00e9gaux, \u00e0 bords entiers, lobes lat\u00e9raux arrondi, lobe m\u00e9dian entier ou l\u00e9g\u00e8rement bilob\u00e9, un peu plus long que les lat\u00e9raux ; \u00e9peron cylindrique, horizontal, \u00e0 ascendant, courb\u00e9, \u00e0 peu pr\u00e8s aussi long que l&rsquo;ovaire.<\/p>\n<div id=\"attachment_2868\" style=\"width: 370px\" class=\"wp-caption aligncenter\"><a href=\"https:\/\/www.preservons-la-nature.fr\/blog\/wp-content\/uploads\/2014\/02\/DSC6543.jpg\"><img loading=\"lazy\" decoding=\"async\" aria-describedby=\"caption-attachment-2868\" class=\" wp-image-2868\" title=\"Orchis pallens L. ( Orchis p\u00e2le  )\" alt=\"Orchis pallens L. ( Orchis p\u00e2le  )\" src=\"https:\/\/www.preservons-la-nature.fr\/blog\/wp-content\/uploads\/2014\/02\/DSC6543.jpg\" width=\"360\" height=\"540\" srcset=\"https:\/\/preservons-la-nature.fr\/blog\/wp-content\/uploads\/2014\/02\/DSC6543.jpg 400w, https:\/\/preservons-la-nature.fr\/blog\/wp-content\/uploads\/2014\/02\/DSC6543-200x300.jpg 200w\" sizes=\"auto, (max-width: 360px) 100vw, 360px\" \/><\/a><p id=\"caption-attachment-2868\" class=\"wp-caption-text\">Orchis pallens L. ( Orchis p\u00e2le )<\/p><\/div>\n<p><strong><span style=\"text-decoration: underline;\">R\u00e9partition fran\u00e7aise :<\/span><\/strong><br \/>\nOn retrouve l&rsquo;esp\u00e8ce dans les Pyr\u00e9n\u00e9es, le sud du Massif central, les Alpes. Il est \u00e0 noter qu&rsquo;une station existe dans le Haut-Rhin.<\/p>\n<p><strong><span style=\"text-decoration: underline;\">Pr\u00e9sent dans le(s) d\u00e9partement(s) suivant(s) :<\/span><\/strong><br \/>\nAin, Alpes-de-Haute-Provence, Alpes-Maritimes, Ari\u00e8ge, Aude, Aveyron, Cantal, Dr\u00f4me, Haute-Garonne, Hautes-Alpes, Haute-Savoie, Hautes-Pyr\u00e9n\u00e9es, Haut-Rhin, Is\u00e8re, Pyr\u00e9n\u00e9es-Atlantiques, Pyr\u00e9n\u00e9es-Orientales, Rh\u00f4ne, Savoie, Tarn, Vaucluse.<\/p>\n<div id=\"attachment_2869\" style=\"width: 610px\" class=\"wp-caption aligncenter\"><a href=\"https:\/\/www.preservons-la-nature.fr\/blog\/?attachment_id=2869\" rel=\"attachment wp-att-2869\"><img loading=\"lazy\" decoding=\"async\" aria-describedby=\"caption-attachment-2869\" class=\"size-full wp-image-2869\" alt=\"R\u00e9partition de Orchis pallens L. ( Orchis p\u00e2le  )\" src=\"https:\/\/www.preservons-la-nature.fr\/blog\/wp-content\/uploads\/2014\/02\/Carte.jpg\" width=\"600\" height=\"600\" srcset=\"https:\/\/preservons-la-nature.fr\/blog\/wp-content\/uploads\/2014\/02\/Carte.jpg 600w, https:\/\/preservons-la-nature.fr\/blog\/wp-content\/uploads\/2014\/02\/Carte-150x150.jpg 150w, https:\/\/preservons-la-nature.fr\/blog\/wp-content\/uploads\/2014\/02\/Carte-300x300.jpg 300w\" sizes=\"auto, (max-width: 600px) 100vw, 600px\" \/><\/a><p id=\"caption-attachment-2869\" class=\"wp-caption-text\">R\u00e9partition de Orchis pallens L. ( Orchis p\u00e2le )<\/p><\/div>\n<p><strong><span style=\"text-decoration: underline;\">Ecologie :<\/span><\/strong><br \/>\nC&rsquo;est une esp\u00e8ce montagnarde. Elle affectionne les sols frais calcaires mais tol\u00e8re les terrains l\u00e8g\u00e8rement acides. Esp\u00e8ce de demi-ombre, c&rsquo;est tout naturellement que nous la retrouvons dans les lisi\u00e8res ou les clairi\u00e8res des for\u00eats. On peut se trouver aussi dans les p\u00e2turages.<\/p>\n<p><strong><span style=\"text-decoration: underline;\">Phytosociologie :<\/span><i><\/i><\/strong><\/p>\n<table>\n<tbody>\n<tr>\n<td>Alliance<\/td>\n<td>Ordre<\/td>\n<td>Classe<\/td>\n<\/tr>\n<tr>\n<td><strong>Cephalanthero rubrae-Pinion sylvestris<\/strong><\/td>\n<td><strong>Buxo sempervirentis-Pinetalia sylvestris<\/strong><\/td>\n<td><strong>Erico carneae-Pinetea sylvestris<\/strong><\/td>\n<\/tr>\n<tr>\n<td><\/td>\n<td>Communaut\u00e9s sous influences m\u00e9diterran\u00e9ennes mod\u00e9r\u00e9es, x\u00e9rophiles \u00e0 x\u00e9roclines ; Pyr\u00e9n\u00e9es, Causses et Alpes m\u00e9ridionales.<\/td>\n<td>Pin\u00e8des calcicoles \u00e0 acidiclines, montagnardes et subalpines.<\/td>\n<\/tr>\n<\/tbody>\n<\/table>\n<table>\n<tbody>\n<tr>\n<td>Alliance<\/td>\n<td>Ordre<\/td>\n<td>Classe<\/td>\n<\/tr>\n<tr>\n<td><strong>Lavandulo angustifoliae-Genistion cinereae<\/strong><\/td>\n<td><strong>Ononidetalia striatae<\/strong><\/td>\n<td><strong>Festuco valesiacae-Brometea erecti<\/strong><\/td>\n<\/tr>\n<tr>\n<td>Communaut\u00e9s de garrigues et de landes supra- \u00e0 orom\u00e9diterran\u00e9ennes des Alpes m\u00e9ridionales et de Provence.<\/td>\n<td>Communaut\u00e9s x\u00e9rophiles \u00e0 m\u00e9sox\u00e9rophiles, subm\u00e9diterran\u00e9ennes, et supra- \u00e0 orom\u00e9diterran\u00e9ennes.<\/td>\n<td>Pelouses \u00e0 dominance d\u2019h\u00e9micryptophytes, parfois landines et garrigues sous climat subm\u00e9diterran\u00e9en, x\u00e9rophiles \u00e0 m\u00e9sox\u00e9rophiles, collin\u00e9ennes \u00e0 montagnardes, europ\u00e9ennes et ouest-sib\u00e9riennes, surtout sur substrats carbonat\u00e9s ou basiques.<\/td>\n<\/tr>\n<\/tbody>\n<\/table>\n<table>\n<tbody>\n<tr>\n<td>Alliance<\/td>\n<td>Ordre<\/td>\n<td>Classe<\/td>\n<\/tr>\n<tr>\n<td><strong>Mesobromion erecti<\/strong><\/td>\n<td><strong>Brometalia erecti<\/strong><\/td>\n<td><strong>Festuco valesiacae-Brometea erecti<\/strong><\/td>\n<\/tr>\n<tr>\n<td>Communaut\u00e9s subatlantiques \u00e0 atlantiques, m\u00e9sox\u00e9rophiles \u00e0 x\u00e9rophiles.<\/td>\n<td>Communaut\u00e9s atlantiques \u00e0 subatlantiques.<\/td>\n<td>Pelouses \u00e0 dominance d\u2019h\u00e9micryptophytes, parfois landines et garrigues sous climat subm\u00e9diterran\u00e9en, x\u00e9rophiles \u00e0 m\u00e9sox\u00e9rophiles, collin\u00e9ennes \u00e0 montagnardes, europ\u00e9ennes et ouest-sib\u00e9riennes, surtout sur substrats carbonat\u00e9s ou basiques.<\/td>\n<\/tr>\n<\/tbody>\n<\/table>\n<table>\n<tbody>\n<tr>\n<td>Alliance<\/td>\n<td>Ordre<\/td>\n<td>Classe<\/td>\n<\/tr>\n<tr>\n<td><strong>Seslerion caeruleae<\/strong><\/td>\n<td><strong>Seslerietalia caeruleae<\/strong><\/td>\n<td><strong>Festuco-Seslerietea caeruleae<\/strong><\/td>\n<\/tr>\n<tr>\n<td>Communaut\u00e9s m\u00e9so-x\u00e9rophiles du Jura et des Alpes.<\/td>\n<td>Communaut\u00e9s montagnardes, subalpines et alpines des massifs europ\u00e9ens.<\/td>\n<td>Pelouses calcicoles nordiques et orophiles.<\/td>\n<\/tr>\n<\/tbody>\n<\/table>\n<p><strong><span style=\"text-decoration: underline;\">Taxonomie :<\/span><\/strong><br \/>\n<i>Orchis pallens L.<\/i> a pour synonymes (Informations issues de la BDTFX Version 2.0, <a href=\"http:\/\/www.tela-botanica.org\" target=\"_blank\">Tela Botanica<\/a>) :<i><br \/>\n&#8211; Androrchis pallens (L.) D.Tyteca &amp; E.Klein<br \/>\n&#8211; Orchis pseudopallens K.Koch<br \/>\n&#8211; Orchis sulphurea Sims<br \/>\n<\/i><\/p>\n","protected":false},"excerpt":{"rendered":"<p>Une fiche plus r&eacute;cente existe, vous pouvez la consulter ICI Nom : Orchis pallens L. ( Orchis p\u00e2le\u00a0 ) Autre(s) nom(s) : Orchis p\u00e2le, Orchis p\u00e2le. Famille : ORCHIDACEAE Floraison : Avril &#8211; Juin Forme biologique : G\u00e9ophyte. Protection : &hellip; <a href=\"https:\/\/preservons-la-nature.fr\/blog\/?p=2866\">Continuer la lecture <span class=\"meta-nav\">&rarr;<\/span><\/a><\/p>\n","protected":false},"author":1,"featured_media":0,"comment_status":"open","ping_status":"open","sticky":false,"template":"","format":"standard","meta":{"footnotes":""},"categories":[102],"tags":[46],"class_list":["post-2866","post","type-post","status-publish","format-standard","hentry","category-fiche-partielle-de-plantes","tag-orchidees"],"_links":{"self":[{"href":"https:\/\/preservons-la-nature.fr\/blog\/index.php?rest_route=\/wp\/v2\/posts\/2866","targetHints":{"allow":["GET"]}}],"collection":[{"href":"https:\/\/preservons-la-nature.fr\/blog\/index.php?rest_route=\/wp\/v2\/posts"}],"about":[{"href":"https:\/\/preservons-la-nature.fr\/blog\/index.php?rest_route=\/wp\/v2\/types\/post"}],"author":[{"embeddable":true,"href":"https:\/\/preservons-la-nature.fr\/blog\/index.php?rest_route=\/wp\/v2\/users\/1"}],"replies":[{"embeddable":true,"href":"https:\/\/preservons-la-nature.fr\/blog\/index.php?rest_route=%2Fwp%2Fv2%2Fcomments&post=2866"}],"version-history":[{"count":1,"href":"https:\/\/preservons-la-nature.fr\/blog\/index.php?rest_route=\/wp\/v2\/posts\/2866\/revisions"}],"predecessor-version":[{"id":2870,"href":"https:\/\/preservons-la-nature.fr\/blog\/index.php?rest_route=\/wp\/v2\/posts\/2866\/revisions\/2870"}],"wp:attachment":[{"href":"https:\/\/preservons-la-nature.fr\/blog\/index.php?rest_route=%2Fwp%2Fv2%2Fmedia&parent=2866"}],"wp:term":[{"taxonomy":"category","embeddable":true,"href":"https:\/\/preservons-la-nature.fr\/blog\/index.php?rest_route=%2Fwp%2Fv2%2Fcategories&post=2866"},{"taxonomy":"post_tag","embeddable":true,"href":"https:\/\/preservons-la-nature.fr\/blog\/index.php?rest_route=%2Fwp%2Fv2%2Ftags&post=2866"}],"curies":[{"name":"wp","href":"https:\/\/api.w.org\/{rel}","templated":true}]}}