{"id":2810,"date":"2014-03-22T00:50:17","date_gmt":"2014-03-21T23:50:17","guid":{"rendered":"https:\/\/www.preservons-la-nature.fr\/blog\/?p=2810"},"modified":"2014-02-21T08:55:24","modified_gmt":"2014-02-21T07:55:24","slug":"geranium-dissectum-l-geranium-a-feuilles-decoupees","status":"publish","type":"post","link":"https:\/\/preservons-la-nature.fr\/blog\/?p=2810","title":{"rendered":"Geranium dissectum L. ( G\u00e9ranium \u00e0 feuilles d\u00e9coup\u00e9es )"},"content":{"rendered":"<p><STRONG>Une fiche plus r&eacute;cente existe, vous pouvez la consulter <a href=\"https:\/\/www.preservons-la-nature.fr\/flore\/taxon\/505.html\">ICI<\/a><\/STRONG><div id=\"attachment_2811\" style=\"width: 370px\" class=\"wp-caption aligncenter\"><a href=\"https:\/\/www.preservons-la-nature.fr\/blog\/wp-content\/uploads\/2014\/02\/DSC6228.jpg\"><img loading=\"lazy\" decoding=\"async\" aria-describedby=\"caption-attachment-2811\" class=\" wp-image-2811 \" title=\"Geranium dissectum L. ( G\u00e9ranium \u00e0 feuilles d\u00e9coup\u00e9es )\" alt=\"Geranium dissectum L. ( G\u00e9ranium \u00e0 feuilles d\u00e9coup\u00e9es )\" src=\"https:\/\/www.preservons-la-nature.fr\/blog\/wp-content\/uploads\/2014\/02\/DSC6228.jpg\" width=\"360\" height=\"540\" srcset=\"https:\/\/preservons-la-nature.fr\/blog\/wp-content\/uploads\/2014\/02\/DSC6228.jpg 400w, https:\/\/preservons-la-nature.fr\/blog\/wp-content\/uploads\/2014\/02\/DSC6228-200x300.jpg 200w\" sizes=\"auto, (max-width: 360px) 100vw, 360px\" \/><\/a><p id=\"caption-attachment-2811\" class=\"wp-caption-text\">Geranium dissectum L. ( G\u00e9ranium \u00e0 feuilles d\u00e9coup\u00e9es )<\/p><\/div><\/p>\n<p><strong><span style=\"text-decoration: underline;\">Nom :<\/span><\/strong> <i>Geranium dissectum L.<\/i> ( G\u00e9ranium \u00e0 feuilles d\u00e9coup\u00e9es )<\/p>\n<p><strong><span style=\"text-decoration: underline;\">Autre(s) nom(s) :<\/span><\/strong><br \/>\nG\u00e9ranium d\u00e9coup\u00e9.<\/p>\n<p><strong><span style=\"text-decoration: underline;\">Famille :<\/span><\/strong> GERANIACEAE<\/p>\n<p><strong><span style=\"text-decoration: underline;\">Floraison :<\/span><\/strong> Avril &#8211; Septembre<\/p>\n<p><strong><span style=\"text-decoration: underline;\">Forme biologique :<\/span><\/strong><br \/>\nTh\u00e9rophyte.<\/p>\n<p><strong><span style=\"text-decoration: underline;\">Description dans la flore de Coste :<\/span><\/strong><br \/>\nPlante annuelle, couverte de poils \u00e9tal\u00e9s ; tiges de 10 \u00e0 40 cm, dress\u00e9es ou ascendantes ; feuilles orbiculaires, palmatis\u00e9qu\u00e9es \u00e0 5 \u00e0 7 segments d\u00e9coup\u00e9s presque jusqu&rsquo;au p\u00e9tiole en lobes lin\u00e9aires ; fleurs purpurines, petites ; p\u00e9doncules biflores, plus courts que la feuille ou l&rsquo;\u00e9galant ; p\u00e9dicelles \u00e0 peine plus longs que le calice ; s\u00e9pales \u00e9tal\u00e9s, arist\u00e9s, non courb\u00e9s par les bords, \u00e0 poils \u00e9tal\u00e9s et glanduleux ; p\u00e9tales \u00e9margin\u00e9s, \u00e9galant le calice, \u00e0 onglet court et cili\u00e9 ; \u00e9tamines \u00e0 filets cili\u00e9s inf\u00e9rieurement ; carpelles pubescents-glanduleux, non rid\u00e9s.<\/p>\n<div id=\"attachment_2812\" style=\"width: 370px\" class=\"wp-caption aligncenter\"><a href=\"https:\/\/www.preservons-la-nature.fr\/blog\/wp-content\/uploads\/2014\/02\/DSC04161.jpg\"><img loading=\"lazy\" decoding=\"async\" aria-describedby=\"caption-attachment-2812\" class=\" wp-image-2812\" title=\"Geranium dissectum L. ( G\u00e9ranium \u00e0 feuilles d\u00e9coup\u00e9es )\" alt=\"Geranium dissectum L. ( G\u00e9ranium \u00e0 feuilles d\u00e9coup\u00e9es )\" src=\"https:\/\/www.preservons-la-nature.fr\/blog\/wp-content\/uploads\/2014\/02\/DSC04161.jpg\" width=\"360\" height=\"540\" srcset=\"https:\/\/preservons-la-nature.fr\/blog\/wp-content\/uploads\/2014\/02\/DSC04161.jpg 400w, https:\/\/preservons-la-nature.fr\/blog\/wp-content\/uploads\/2014\/02\/DSC04161-200x300.jpg 200w\" sizes=\"auto, (max-width: 360px) 100vw, 360px\" \/><\/a><p id=\"caption-attachment-2812\" class=\"wp-caption-text\">Geranium dissectum L. ( G\u00e9ranium \u00e0 feuilles d\u00e9coup\u00e9es )<\/p><\/div>\n<p><strong><span style=\"text-decoration: underline;\">Pr\u00e9sent dans le(s) d\u00e9partement(s) suivant(s) :<\/span><\/strong><br \/>\nAin, Aisne, Allier, Alpes-de-Haute-Provence, Alpes-Maritimes, Ard\u00e8che, Ardennes, Aube, Aveyron, Bas-Rhin, Bouches-du-Rh\u00f4ne, Calvados, Cantal, Charente, Charente-Maritime, Cher, Corr\u00e8ze, Corse-du-Sud, C\u00f4te-d&rsquo;Or, C\u00f4tes-d&rsquo;Armor, Creuse, Deux-S\u00e8vres, Dordogne, Doubs, Dr\u00f4me, Essonne, Eure, Eure-et-Loir, Finist\u00e8re, Gironde, Haute-Garonne, Haute-Loire, Haute-Marne, Hautes-Alpes, Haute-Sa\u00f4ne, Haute-Savoie, Haute-Vienne, Hauts-de-Seine, H\u00e9rault, Ille-et-Vilaine, Indre, Indre-et-Loire, Is\u00e8re, Jura, Loire, Loire-Atlantique, Loiret, Loir-et-Cher, Lot, Lot-et-Garonne, Loz\u00e8re, Maine-et-Loire, Manche, Marne, Mayenne, Meurthe-et-Moselle, Meuse, Morbihan, Moselle, Ni\u00e8vre, Nord, Oise, Orne, Paris, Pas-de-Calais, Puy-de-D\u00f4me, Pyr\u00e9n\u00e9es-Orientales, Rh\u00f4ne, Sa\u00f4ne-et-Loire, Sarthe, Savoie, Seine-et-Marne, Seine-Maritime, Seine-Saint-Denis, Somme, Tarn, Tarn-et-Garonne, Territoire-de-Belfort, Val-de-Marne, Val-d&rsquo;Oise, Var, Vaucluse, Vend\u00e9e, Vienne, Vosges, Yonne, Yvelines.<\/p>\n<div id=\"attachment_2814\" style=\"width: 610px\" class=\"wp-caption aligncenter\"><a href=\"https:\/\/www.preservons-la-nature.fr\/blog\/?attachment_id=2814\" rel=\"attachment wp-att-2814\"><img loading=\"lazy\" decoding=\"async\" aria-describedby=\"caption-attachment-2814\" class=\"size-full wp-image-2814\" alt=\"R\u00e9partition de Geranium dissectum L. ( G\u00e9ranium \u00e0 feuilles d\u00e9coup\u00e9es )\" src=\"https:\/\/www.preservons-la-nature.fr\/blog\/wp-content\/uploads\/2014\/02\/carte34.jpg\" width=\"600\" height=\"600\" srcset=\"https:\/\/preservons-la-nature.fr\/blog\/wp-content\/uploads\/2014\/02\/carte34.jpg 600w, https:\/\/preservons-la-nature.fr\/blog\/wp-content\/uploads\/2014\/02\/carte34-150x150.jpg 150w, https:\/\/preservons-la-nature.fr\/blog\/wp-content\/uploads\/2014\/02\/carte34-300x300.jpg 300w\" sizes=\"auto, (max-width: 600px) 100vw, 600px\" \/><\/a><p id=\"caption-attachment-2814\" class=\"wp-caption-text\">R\u00e9partition de Geranium dissectum L. ( G\u00e9ranium \u00e0 feuilles d\u00e9coup\u00e9es )<\/p><\/div>\n<div id=\"attachment_2813\" style=\"width: 650px\" class=\"wp-caption aligncenter\"><a href=\"https:\/\/www.preservons-la-nature.fr\/blog\/wp-content\/uploads\/2014\/02\/DSC07627.jpg\"><img loading=\"lazy\" decoding=\"async\" aria-describedby=\"caption-attachment-2813\" class=\"size-full wp-image-2813\" title=\"Geranium dissectum L. ( G\u00e9ranium \u00e0 feuilles d\u00e9coup\u00e9es )\" alt=\"Geranium dissectum L. ( G\u00e9ranium \u00e0 feuilles d\u00e9coup\u00e9es )\" src=\"https:\/\/www.preservons-la-nature.fr\/blog\/wp-content\/uploads\/2014\/02\/DSC07627.jpg\" width=\"640\" height=\"426\" srcset=\"https:\/\/preservons-la-nature.fr\/blog\/wp-content\/uploads\/2014\/02\/DSC07627.jpg 800w, https:\/\/preservons-la-nature.fr\/blog\/wp-content\/uploads\/2014\/02\/DSC07627-300x199.jpg 300w\" sizes=\"auto, (max-width: 640px) 100vw, 640px\" \/><\/a><p id=\"caption-attachment-2813\" class=\"wp-caption-text\">Geranium dissectum L. ( G\u00e9ranium \u00e0 feuilles d\u00e9coup\u00e9es )<\/p><\/div>\n<p><strong><span style=\"text-decoration: underline;\">Ecologie :<\/span><\/strong><br \/>\nC&rsquo;est une esp\u00e8ce rud\u00e9rale, on retrouve dans les haies, les friches, au bord des champs sur des terrains calcaires.<\/p>\n<p><strong><span style=\"text-decoration: underline;\">Phytosociologie :<\/span><i><\/i><\/strong><\/p>\n<table>\n<tbody>\n<tr>\n<td>Alliance<\/td>\n<td>Ordre<\/td>\n<td>Classe<\/td>\n<\/tr>\n<tr>\n<td><strong>Caucalidion lappulae<\/strong><\/td>\n<td><strong>Centaureetalia cyani<\/strong><\/td>\n<td><strong>Stellarietea mediae<\/strong><\/td>\n<\/tr>\n<tr>\n<td>Communaut\u00e9s surtout eurosib\u00e9riennes.<\/td>\n<td>Communaut\u00e9s des cultures et moissons sur sol neutro-alcalin.<\/td>\n<td>V\u00e9g\u00e9tation annuelle, nitrophile, commensale des cultures annuelles ou sarcl\u00e9es.<\/td>\n<\/tr>\n<\/tbody>\n<\/table>\n<table>\n<tbody>\n<tr>\n<td>Alliance<\/td>\n<td>Ordre<\/td>\n<td>Classe<\/td>\n<\/tr>\n<tr>\n<td><strong>Drabo muralis-Cardaminion hirsutae<\/strong><\/td>\n<td><strong>Geranio purpurei-Cardaminetalia hirsutae<\/strong><\/td>\n<td><strong>Cardaminetea hirsutae<\/strong><\/td>\n<\/tr>\n<tr>\n<td>Communaut\u00e9s atlantiques et subatlantiques plus ou moins thermophiles.<\/td>\n<td><\/td>\n<td>Communaut\u00e9s vernales annuelles, h\u00e9misciaphiles, des ourlets intraforestiers et stations ombrag\u00e9es.<\/td>\n<\/tr>\n<\/tbody>\n<\/table>\n<table>\n<tbody>\n<tr>\n<td>Alliance<\/td>\n<td>Ordre<\/td>\n<td>Classe<\/td>\n<\/tr>\n<tr>\n<td><strong>Onopordion acanthii<\/strong><\/td>\n<td><strong>Onopordetalia acanthii<\/strong><\/td>\n<td><strong>Artemisietea vulgaris<\/strong><\/td>\n<\/tr>\n<tr>\n<td>Communaut\u00e9s g\u00e9n\u00e9ralement domin\u00e9es par de grands chardons, thermo-continentales et subm\u00e9diterran\u00e9ennes.<\/td>\n<td>Communaut\u00e9s thermophiles \u00e0 dominance de vivaces et de bisannuelles, eurosib\u00e9riennes \u00e0 subm\u00e9diterran\u00e9ennes.<\/td>\n<td>V\u00e9g\u00e9tation rud\u00e9rale, anthropog\u00e8ne, nitrophile \u00e0 dominance d\u2019esp\u00e8ces vivaces, eurosib\u00e9rienne et m\u00e9diterran\u00e9enne.<\/td>\n<\/tr>\n<\/tbody>\n<\/table>\n<table>\n<tbody>\n<tr>\n<td>Alliance<\/td>\n<td>Ordre<\/td>\n<td>Classe<\/td>\n<\/tr>\n<tr>\n<td><strong>Veronico agrestis-Euphorbion peplus<\/strong><\/td>\n<td><strong>Chenopodietalia albi<\/strong><\/td>\n<td><strong>Stellarietea mediae<\/strong><\/td>\n<\/tr>\n<tr>\n<td>Communaut\u00e9s eurosib\u00e9riennes sur sol tr\u00e8s fertile et enrichi en mati\u00e8re organique.<\/td>\n<td>Communaut\u00e9s principalement des cultures sarcl\u00e9es, sur sol eutrophe.<\/td>\n<td>V\u00e9g\u00e9tation annuelle, nitrophile, commensale des cultures annuelles ou sarcl\u00e9es.<\/td>\n<\/tr>\n<\/tbody>\n<\/table>\n<p><strong><span style=\"text-decoration: underline;\">Taxonomie :<\/span><\/strong><br \/>\n<i>Geranium dissectum L.<\/i> a pour synonymes (Informations issues de la BDTFX Version 2.0, <a href=\"http:\/\/www.tela-botanica.org\" target=\"_blank\">Tela Botanica<\/a>) :<i><br \/>\n&#8211; Geranium baumgartenianum Schur<br \/>\n&#8211; Geranium laxum Hanks<br \/>\n&#8211; Geranium palmatum Picard<br \/>\n&#8211; Geranium potentilloides L&rsquo;H\u00e9r. ex DC.<br \/>\n<\/i><\/p>\n","protected":false},"excerpt":{"rendered":"<p>Une fiche plus r&eacute;cente existe, vous pouvez la consulter ICI Nom : Geranium dissectum L. ( G\u00e9ranium \u00e0 feuilles d\u00e9coup\u00e9es ) Autre(s) nom(s) : G\u00e9ranium d\u00e9coup\u00e9. Famille : GERANIACEAE Floraison : Avril &#8211; Septembre Forme biologique : Th\u00e9rophyte. Description dans &hellip; <a href=\"https:\/\/preservons-la-nature.fr\/blog\/?p=2810\">Continuer la lecture <span class=\"meta-nav\">&rarr;<\/span><\/a><\/p>\n","protected":false},"author":1,"featured_media":0,"comment_status":"open","ping_status":"open","sticky":false,"template":"","format":"standard","meta":{"footnotes":""},"categories":[102],"tags":[68],"class_list":["post-2810","post","type-post","status-publish","format-standard","hentry","category-fiche-partielle-de-plantes","tag-geraniacees"],"_links":{"self":[{"href":"https:\/\/preservons-la-nature.fr\/blog\/index.php?rest_route=\/wp\/v2\/posts\/2810","targetHints":{"allow":["GET"]}}],"collection":[{"href":"https:\/\/preservons-la-nature.fr\/blog\/index.php?rest_route=\/wp\/v2\/posts"}],"about":[{"href":"https:\/\/preservons-la-nature.fr\/blog\/index.php?rest_route=\/wp\/v2\/types\/post"}],"author":[{"embeddable":true,"href":"https:\/\/preservons-la-nature.fr\/blog\/index.php?rest_route=\/wp\/v2\/users\/1"}],"replies":[{"embeddable":true,"href":"https:\/\/preservons-la-nature.fr\/blog\/index.php?rest_route=%2Fwp%2Fv2%2Fcomments&post=2810"}],"version-history":[{"count":2,"href":"https:\/\/preservons-la-nature.fr\/blog\/index.php?rest_route=\/wp\/v2\/posts\/2810\/revisions"}],"predecessor-version":[{"id":2816,"href":"https:\/\/preservons-la-nature.fr\/blog\/index.php?rest_route=\/wp\/v2\/posts\/2810\/revisions\/2816"}],"wp:attachment":[{"href":"https:\/\/preservons-la-nature.fr\/blog\/index.php?rest_route=%2Fwp%2Fv2%2Fmedia&parent=2810"}],"wp:term":[{"taxonomy":"category","embeddable":true,"href":"https:\/\/preservons-la-nature.fr\/blog\/index.php?rest_route=%2Fwp%2Fv2%2Fcategories&post=2810"},{"taxonomy":"post_tag","embeddable":true,"href":"https:\/\/preservons-la-nature.fr\/blog\/index.php?rest_route=%2Fwp%2Fv2%2Ftags&post=2810"}],"curies":[{"name":"wp","href":"https:\/\/api.w.org\/{rel}","templated":true}]}}