{"id":2759,"date":"2014-03-12T00:29:46","date_gmt":"2014-03-11T23:29:46","guid":{"rendered":"https:\/\/www.preservons-la-nature.fr\/blog\/?p=2759"},"modified":"2014-02-19T14:16:03","modified_gmt":"2014-02-19T13:16:03","slug":"senecio-vulgaris-l-senecon-commun","status":"publish","type":"post","link":"https:\/\/preservons-la-nature.fr\/blog\/?p=2759","title":{"rendered":"Senecio vulgaris L. ( S\u00e9ne\u00e7on commun )"},"content":{"rendered":"<p><STRONG>Une fiche plus r&eacute;cente existe, vous pouvez la consulter <a href=\"https:\/\/www.preservons-la-nature.fr\/flore\/taxon\/1075.html\">ICI<\/a><\/STRONG><div id=\"attachment_2760\" style=\"width: 370px\" class=\"wp-caption aligncenter\"><a href=\"https:\/\/www.preservons-la-nature.fr\/blog\/wp-content\/uploads\/2014\/02\/DSC00453.jpg\"><img loading=\"lazy\" decoding=\"async\" aria-describedby=\"caption-attachment-2760\" class=\" wp-image-2760 \" title=\"Senecio vulgaris L. ( S\u00e9ne\u00e7on commun )\" alt=\"Senecio vulgaris L. ( S\u00e9ne\u00e7on commun )\" src=\"https:\/\/www.preservons-la-nature.fr\/blog\/wp-content\/uploads\/2014\/02\/DSC00453.jpg\" width=\"360\" height=\"540\" srcset=\"https:\/\/preservons-la-nature.fr\/blog\/wp-content\/uploads\/2014\/02\/DSC00453.jpg 400w, https:\/\/preservons-la-nature.fr\/blog\/wp-content\/uploads\/2014\/02\/DSC00453-200x300.jpg 200w\" sizes=\"auto, (max-width: 360px) 100vw, 360px\" \/><\/a><p id=\"caption-attachment-2760\" class=\"wp-caption-text\">Senecio vulgaris L. ( S\u00e9ne\u00e7on commun )<\/p><\/div><br \/>\n<strong><span style=\"text-decoration: underline;\">Nom :<\/span><\/strong> <i>Senecio vulgaris L.<\/i> ( S\u00e9ne\u00e7on commun )<\/p>\n<p><strong><span style=\"text-decoration: underline;\">Famille :<\/span><\/strong> ASTERACEAE<\/p>\n<p><strong><span style=\"text-decoration: underline;\">Floraison :<\/span><\/strong> Janvier &#8211; D\u00e9cembre<\/p>\n<p><strong><span style=\"text-decoration: underline;\">Forme biologique :<\/span><\/strong><br \/>\nTh\u00e9rophyte.<\/p>\n<p><strong><span style=\"text-decoration: underline;\">Description dans la flore de Coste :<\/span><\/strong><br \/>\nPlante annuelle de 2-4 dm, \u00e0 tige dress\u00e9e, rameuse ; feuilles presque glabres ou pubescentes-aran\u00e9euses pennatipartites ou pennatifides \u00e0 lobes \u00e9gaux, \u00e9tal\u00e9s, anguleux, dent\u00e9s, les inf\u00e9rieures att\u00e9nu\u00e9es en p\u00e9tiole, les caulinaires sessiles, embrassantes et auricul\u00e9es ; involucre cylindrique, glabre, \u00e0 folioles tach\u00e9es de noir au sommet et pourvu d&rsquo;un calicule de 8-10 petites folioles 4 fois plus courtes ; ak\u00e8nes pubescents ; capitules petites \u00e0 fleurs jaunes, toutes tubuleuses.<br \/>\n<div id=\"attachment_2761\" style=\"width: 370px\" class=\"wp-caption aligncenter\"><a href=\"https:\/\/www.preservons-la-nature.fr\/blog\/wp-content\/uploads\/2014\/02\/Seneccio_vulgaris2.jpg\"><img loading=\"lazy\" decoding=\"async\" aria-describedby=\"caption-attachment-2761\" class=\" wp-image-2761\" title=\"Senecio vulgaris L. ( S\u00e9ne\u00e7on commun )\" alt=\"Senecio vulgaris L. ( S\u00e9ne\u00e7on commun )\" src=\"https:\/\/www.preservons-la-nature.fr\/blog\/wp-content\/uploads\/2014\/02\/Seneccio_vulgaris2.jpg\" width=\"360\" height=\"540\" srcset=\"https:\/\/preservons-la-nature.fr\/blog\/wp-content\/uploads\/2014\/02\/Seneccio_vulgaris2.jpg 400w, https:\/\/preservons-la-nature.fr\/blog\/wp-content\/uploads\/2014\/02\/Seneccio_vulgaris2-200x300.jpg 200w\" sizes=\"auto, (max-width: 360px) 100vw, 360px\" \/><\/a><p id=\"caption-attachment-2761\" class=\"wp-caption-text\">Senecio vulgaris L. ( S\u00e9ne\u00e7on commun )<\/p><\/div><br \/>\n<strong><span style=\"text-decoration: underline;\">Pr\u00e9sent dans le(s) d\u00e9partement(s) suivant(s) :<\/span><\/strong><br \/>\nAisne, Allier, Alpes-de-Haute-Provence, Alpes-Maritimes, Ardennes, Aube, Aude, Aveyron, Bas-Rhin, Bouches-du-Rh\u00f4ne, Calvados, Cantal, Charente, Charente-Maritime, Cher, Corr\u00e8ze, Corse-du-Sud, C\u00f4te-d&rsquo;Or, C\u00f4tes-d&rsquo;Armor, Creuse, Deux-S\u00e8vres, Dordogne, Doubs, Dr\u00f4me, Essonne, Eure, Eure-et-Loir, Finist\u00e8re, Gironde, Haute-Loire, Haute-Marne, Hautes-Alpes, Haute-Sa\u00f4ne, Haute-Vienne, Haut-Rhin, Hauts-de-Seine, Ille-et-Vilaine, Indre, Indre-et-Loire, Is\u00e8re, Jura, Loire-Atlantique, Loiret, Loir-et-Cher, Lot, Lot-et-Garonne, Loz\u00e8re, Maine-et-Loire, Manche, Marne, Mayenne, Meurthe-et-Moselle, Meuse, Morbihan, Moselle, Ni\u00e8vre, Nord, Oise, Orne, Paris, Pas-de-Calais, Puy-de-D\u00f4me, Pyr\u00e9n\u00e9es-Atlantiques, Pyr\u00e9n\u00e9es-Orientales, Sa\u00f4ne-et-Loire, Sarthe, Seine-et-Marne, Seine-Maritime, Seine-Saint-Denis, Somme, Tarn-et-Garonne, Territoire-de-Belfort, Val-de-Marne, Val-d&rsquo;Oise, Var, Vaucluse, Vend\u00e9e, Vienne, Yonne, Yvelines.<br \/>\n<div id=\"attachment_2762\" style=\"width: 610px\" class=\"wp-caption aligncenter\"><a href=\"https:\/\/www.preservons-la-nature.fr\/blog\/?attachment_id=2762\" rel=\"attachment wp-att-2762\"><img loading=\"lazy\" decoding=\"async\" aria-describedby=\"caption-attachment-2762\" src=\"https:\/\/www.preservons-la-nature.fr\/blog\/wp-content\/uploads\/2014\/02\/carte25.jpg\" alt=\"R\u00e9partition de Senecio vulgaris L. ( S\u00e9ne\u00e7on commun )\" width=\"600\" height=\"600\" class=\"size-full wp-image-2762\" srcset=\"https:\/\/preservons-la-nature.fr\/blog\/wp-content\/uploads\/2014\/02\/carte25.jpg 600w, https:\/\/preservons-la-nature.fr\/blog\/wp-content\/uploads\/2014\/02\/carte25-150x150.jpg 150w, https:\/\/preservons-la-nature.fr\/blog\/wp-content\/uploads\/2014\/02\/carte25-300x300.jpg 300w\" sizes=\"auto, (max-width: 600px) 100vw, 600px\" \/><\/a><p id=\"caption-attachment-2762\" class=\"wp-caption-text\">R\u00e9partition de Senecio vulgaris L. ( S\u00e9ne\u00e7on commun )<\/p><\/div><br \/>\n<strong><span style=\"text-decoration: underline;\">Phytosociologie :<\/span><i><\/i><\/strong><\/p>\n<table>\n<tbody>\n<tr>\n<td>Alliance<\/td>\n<td>Ordre<\/td>\n<td>Classe<\/td>\n<\/tr>\n<tr>\n<td><strong>Atriplici laciniatae-Salsolion kali<\/strong><\/td>\n<td><strong>Cakiletalia integrifoliae<\/strong><\/td>\n<td><strong>Cakiletea maritimae<\/strong><\/td>\n<\/tr>\n<tr>\n<td>Communaut\u00e9s psammophiles, des hauts de plages sur sables et graviers meubles entrem\u00eal\u00e9s de d\u00e9bris organiques.<\/td>\n<td>Communaut\u00e9s europ\u00e9o- atlantiques, nord-atlantiques et baltiques.<\/td>\n<td>V\u00e9g\u00e9tation annuelle halonitrophile des laisses de mer, estrans, pr\u00e9s sal\u00e9s, ainsi que des falaises littorales (zones de nidification d&rsquo;oiseaux).<\/td>\n<\/tr>\n<\/tbody>\n<\/table>\n<table>\n<tbody>\n<tr>\n<td>Ordre<\/td>\n<td>Classe<\/td>\n<\/tr>\n<tr>\n<td><strong>Chenopodietalia albi<\/strong><\/td>\n<td><strong>Stellarietea mediae<\/strong><\/td>\n<\/tr>\n<tr>\n<td>Communaut\u00e9s principalement des cultures sarcl\u00e9es, sur sol eutrophe.<\/td>\n<td>V\u00e9g\u00e9tation annuelle, nitrophile, commensale des cultures annuelles ou sarcl\u00e9es.<\/td>\n<\/tr>\n<\/tbody>\n<\/table>\n<table>\n<tbody>\n<tr>\n<td>Alliance<\/td>\n<td>Ordre<\/td>\n<td>Classe<\/td>\n<\/tr>\n<tr>\n<td><strong>Chenopodion muralis<\/strong><\/td>\n<td><strong>Chenopodietalia muralis<\/strong><\/td>\n<td><strong>Sisymbrietea officinalis<\/strong><\/td>\n<\/tr>\n<tr>\n<td>Communaut\u00e9s nitrophiles thermo-continentales, estivo-automnales.<\/td>\n<td>Communaut\u00e9s tr\u00e8s nitrophiles, estivales, thermo-continentales \u00e0 m\u00e9diterran\u00e9ennes.<\/td>\n<td>V\u00e9g\u00e9tation anthropog\u00e8ne \u00e0 dominante d\u2019annuelles et de bisannuelles, plus ou moins nitrophile, des stations rud\u00e9ralis\u00e9es et irr\u00e9guli\u00e8rement pertub\u00e9es.<\/td>\n<\/tr>\n<\/tbody>\n<\/table>\n<table>\n<tbody>\n<tr>\n<td>Classe<\/td>\n<\/tr>\n<tr>\n<td><strong>Euphorbio paraliae-Ammophiletea australis<\/strong><\/td>\n<\/tr>\n<tr>\n<td>V\u00e9g\u00e9tation vivace pionni\u00e8re des sables dunaires m\u00e9diterran\u00e9enne \u00e0 m\u00e9diterran\u00e9o-atlantique et pr\u00e9pontique.<\/td>\n<\/tr>\n<\/tbody>\n<\/table>\n<table>\n<tbody>\n<tr>\n<td>Ordre<\/td>\n<td>Classe<\/td>\n<\/tr>\n<tr>\n<td><strong>Geranio purpurei-Cardaminetalia hirsutae<\/strong><\/td>\n<td><strong>Cardaminetea hirsutae<\/strong><\/td>\n<\/tr>\n<tr>\n<td><\/td>\n<td>Communaut\u00e9s vernales annuelles, h\u00e9misciaphiles, des ourlets intraforestiers et stations ombrag\u00e9es.<\/td>\n<\/tr>\n<\/tbody>\n<\/table>\n<table>\n<tbody>\n<tr>\n<td>Classe<\/td>\n<\/tr>\n<tr>\n<td><strong>Stellarietea mediae<\/strong><\/td>\n<\/tr>\n<tr>\n<td>V\u00e9g\u00e9tation annuelle, nitrophile, commensale des cultures annuelles ou sarcl\u00e9es.<\/td>\n<\/tr>\n<\/tbody>\n<\/table>\n<p><span style=\"text-decoration: underline;\">Sous-esp\u00e8ces ou vari\u00e9t\u00e9s :<\/span><br \/>\n<i>&#8211; Senecio vulgaris L. subsp. vulgaris<br \/>\n&#8211; Senecio vulgaris subsp. denticulatus (O.F.M\u00fcll.) P.D.Sell<br \/>\n<\/i><\/p>\n","protected":false},"excerpt":{"rendered":"<p>Une fiche plus r&eacute;cente existe, vous pouvez la consulter ICI Nom : Senecio vulgaris L. ( S\u00e9ne\u00e7on commun ) Famille : ASTERACEAE Floraison : Janvier &#8211; D\u00e9cembre Forme biologique : Th\u00e9rophyte. Description dans la flore de Coste : Plante annuelle &hellip; <a href=\"https:\/\/preservons-la-nature.fr\/blog\/?p=2759\">Continuer la lecture <span class=\"meta-nav\">&rarr;<\/span><\/a><\/p>\n","protected":false},"author":1,"featured_media":0,"comment_status":"open","ping_status":"open","sticky":false,"template":"","format":"standard","meta":{"footnotes":""},"categories":[102],"tags":[48],"class_list":["post-2759","post","type-post","status-publish","format-standard","hentry","category-fiche-partielle-de-plantes","tag-asteracees"],"_links":{"self":[{"href":"https:\/\/preservons-la-nature.fr\/blog\/index.php?rest_route=\/wp\/v2\/posts\/2759","targetHints":{"allow":["GET"]}}],"collection":[{"href":"https:\/\/preservons-la-nature.fr\/blog\/index.php?rest_route=\/wp\/v2\/posts"}],"about":[{"href":"https:\/\/preservons-la-nature.fr\/blog\/index.php?rest_route=\/wp\/v2\/types\/post"}],"author":[{"embeddable":true,"href":"https:\/\/preservons-la-nature.fr\/blog\/index.php?rest_route=\/wp\/v2\/users\/1"}],"replies":[{"embeddable":true,"href":"https:\/\/preservons-la-nature.fr\/blog\/index.php?rest_route=%2Fwp%2Fv2%2Fcomments&post=2759"}],"version-history":[{"count":2,"href":"https:\/\/preservons-la-nature.fr\/blog\/index.php?rest_route=\/wp\/v2\/posts\/2759\/revisions"}],"predecessor-version":[{"id":2764,"href":"https:\/\/preservons-la-nature.fr\/blog\/index.php?rest_route=\/wp\/v2\/posts\/2759\/revisions\/2764"}],"wp:attachment":[{"href":"https:\/\/preservons-la-nature.fr\/blog\/index.php?rest_route=%2Fwp%2Fv2%2Fmedia&parent=2759"}],"wp:term":[{"taxonomy":"category","embeddable":true,"href":"https:\/\/preservons-la-nature.fr\/blog\/index.php?rest_route=%2Fwp%2Fv2%2Fcategories&post=2759"},{"taxonomy":"post_tag","embeddable":true,"href":"https:\/\/preservons-la-nature.fr\/blog\/index.php?rest_route=%2Fwp%2Fv2%2Ftags&post=2759"}],"curies":[{"name":"wp","href":"https:\/\/api.w.org\/{rel}","templated":true}]}}