{"id":2745,"date":"2014-03-10T00:16:37","date_gmt":"2014-03-09T23:16:37","guid":{"rendered":"https:\/\/www.preservons-la-nature.fr\/blog\/?p=2745"},"modified":"2014-02-19T13:23:01","modified_gmt":"2014-02-19T12:23:01","slug":"sagittaria-sagittifolia-l-fleche-deau","status":"publish","type":"post","link":"https:\/\/preservons-la-nature.fr\/blog\/?p=2745","title":{"rendered":"Sagittaria sagittifolia L. ( Fl\u00e8che-d&rsquo;eau )"},"content":{"rendered":"<p><STRONG>Une fiche plus r&eacute;cente existe, vous pouvez la consulter <a href=\"https:\/\/www.preservons-la-nature.fr\/flore\/taxon\/1026.html\">ICI<\/a><\/STRONG><div id=\"attachment_2746\" style=\"width: 370px\" class=\"wp-caption aligncenter\"><a href=\"https:\/\/www.preservons-la-nature.fr\/blog\/wp-content\/uploads\/2014\/02\/DSC0972.jpg\"><img loading=\"lazy\" decoding=\"async\" aria-describedby=\"caption-attachment-2746\" class=\" wp-image-2746 \" title=\"Sagittaria sagittifolia L. ( Fl\u00e8che-d'eau )\" alt=\"Sagittaria sagittifolia L. ( Fl\u00e8che-d'eau )\" src=\"https:\/\/www.preservons-la-nature.fr\/blog\/wp-content\/uploads\/2014\/02\/DSC0972.jpg\" width=\"360\" height=\"540\" srcset=\"https:\/\/preservons-la-nature.fr\/blog\/wp-content\/uploads\/2014\/02\/DSC0972.jpg 400w, https:\/\/preservons-la-nature.fr\/blog\/wp-content\/uploads\/2014\/02\/DSC0972-200x300.jpg 200w\" sizes=\"auto, (max-width: 360px) 100vw, 360px\" \/><\/a><p id=\"caption-attachment-2746\" class=\"wp-caption-text\">Sagittaria sagittifolia L. ( Fl\u00e8che-d&rsquo;eau )<\/p><\/div><br \/>\n<strong><span style=\"text-decoration: underline;\">Nom :<\/span><\/strong> <i>Sagittaria sagittifolia L.<\/i> ( Fl\u00e8che-d&rsquo;eau )<\/p>\n<p><strong><span style=\"text-decoration: underline;\">Autre(s) nom(s) :<\/span><\/strong><br \/>\nFl\u00e9chi\u00e8re, Sagittaire \u00e0 feuilles en c\u0153ur, Sagittaire \u00e0 feuilles en fl\u00e8che.<\/p>\n<p><strong><span style=\"text-decoration: underline;\">Famille :<\/span><\/strong> ALISMATACEAE<\/p>\n<p><strong><span style=\"text-decoration: underline;\">Floraison :<\/span><\/strong> Mai &#8211; Ao\u00fbt<\/p>\n<p><strong><span style=\"text-decoration: underline;\">Protection :<\/span><\/strong><br \/>\n&#8211; Liste des esp\u00e8ces v\u00e9g\u00e9tales prot\u00e9g\u00e9es en r\u00e9gion Auvergne Article 1 (1990)<br \/>\n&#8211; Liste des esp\u00e8ces v\u00e9g\u00e9tales prot\u00e9g\u00e9es en r\u00e9gion Limousin Article 1 (1989)<br \/>\n&#8211; Liste des esp\u00e8ces v\u00e9g\u00e9tales prot\u00e9g\u00e9es en r\u00e9gion Midi-Pyr\u00e9n\u00e9es Article 1 (2004)<br \/>\n&#8211; Liste rouge europ\u00e9enne IUCN 2012 LC<\/p>\n<p><strong><span style=\"text-decoration: underline;\">Description dans la flore de Coste :<\/span><\/strong><br \/>\nPlante vivace de 40-80 cm, \u00e0 souche \u00e9mettant des stolons filiformes renfl\u00e9s en bulbe ovo\u00efde au sommet ; tige nue, dress\u00e9e ou ascendante, triqu\u00e8tre ; feuilles les unes submerg\u00e9es, lin\u00e9aires-allong\u00e9es ou oblongues-obtuses, les autres a\u00e9riennes, triangulaires-sagitt\u00e9es, larges au plus de 10 cm, att\u00e9nu\u00e9es au sommet, \u00e0 oreillettes divariqu\u00e9es, insensiblement et longuement acumin\u00e9es, \u00e0 environ 10 nervures principales rayonnant autour du p\u00e9tiole ; fleurs blanches ou ros\u00e9es, assez grandes (15-20 mm de diam.), ordinairement 3 par verticille, mono\u00efques, les inf\u00e9rieures femelles peu nombreuses ; carpelles tr\u00e8s serr\u00e9s, comprim\u00e9s-ail\u00e9s, obovales-apicul\u00e9s.<br \/>\n<div id=\"attachment_2748\" style=\"width: 650px\" class=\"wp-caption aligncenter\"><a href=\"https:\/\/www.preservons-la-nature.fr\/blog\/wp-content\/uploads\/2014\/02\/DSC0978.jpg\"><img loading=\"lazy\" decoding=\"async\" aria-describedby=\"caption-attachment-2748\" class=\"size-full wp-image-2748\" title=\"Sagittaria sagittifolia L. ( Fl\u00e8che-d'eau )\" alt=\"Sagittaria sagittifolia L. ( Fl\u00e8che-d'eau )\" src=\"https:\/\/www.preservons-la-nature.fr\/blog\/wp-content\/uploads\/2014\/02\/DSC0978.jpg\" width=\"640\" height=\"426\" srcset=\"https:\/\/preservons-la-nature.fr\/blog\/wp-content\/uploads\/2014\/02\/DSC0978.jpg 800w, https:\/\/preservons-la-nature.fr\/blog\/wp-content\/uploads\/2014\/02\/DSC0978-300x199.jpg 300w\" sizes=\"auto, (max-width: 640px) 100vw, 640px\" \/><\/a><p id=\"caption-attachment-2748\" class=\"wp-caption-text\">Sagittaria sagittifolia L. ( Fl\u00e8che-d&rsquo;eau )<\/p><\/div><br \/>\n<strong><span style=\"text-decoration: underline;\">Pr\u00e9sent dans le(s) d\u00e9partement(s) suivant(s) :<\/span><\/strong><br \/>\nAin, Aisne, Allier, Ard\u00e8che, Ardennes, Aube, Bas-Rhin, Bouches-du-Rh\u00f4ne, Calvados, Charente, Charente-Maritime, Cher, C\u00f4te-d&rsquo;Or, C\u00f4tes-d&rsquo;Armor, Creuse, Deux-S\u00e8vres, Dordogne, Doubs, Dr\u00f4me, Essonne, Eure, Eure-et-Loir, Gironde, Haute-Marne, Haute-Sa\u00f4ne, Hauts-de-Seine, Ille-et-Vilaine, Indre, Indre-et-Loire, Is\u00e8re, Jura, Landes, Loire, Loire-Atlantique, Loiret, Loir-et-Cher, Lot, Lot-et-Garonne, Maine-et-Loire, Manche, Marne, Mayenne, Meurthe-et-Moselle, Meuse, Morbihan, Moselle, Ni\u00e8vre, Nord, Oise, Orne, Paris, Pas-de-Calais, Puy-de-D\u00f4me, Rh\u00f4ne, Sa\u00f4ne-et-Loire, Sarthe, Seine-et-Marne, Seine-Maritime, Seine-Saint-Denis, Somme, Tarn-et-Garonne, Territoire-de-Belfort, Val-de-Marne, Val-d&rsquo;Oise, Vaucluse, Vend\u00e9e, Vosges, Yonne, Yvelines.<br \/>\n<div id=\"attachment_2749\" style=\"width: 610px\" class=\"wp-caption aligncenter\"><a href=\"https:\/\/www.preservons-la-nature.fr\/blog\/?attachment_id=2749\" rel=\"attachment wp-att-2749\"><img loading=\"lazy\" decoding=\"async\" aria-describedby=\"caption-attachment-2749\" src=\"https:\/\/www.preservons-la-nature.fr\/blog\/wp-content\/uploads\/2014\/02\/carte23.jpg\" alt=\"Sagittaria sagittifolia L. ( Fl\u00e8che-d&#039;eau )\" width=\"600\" height=\"600\" class=\"size-full wp-image-2749\" srcset=\"https:\/\/preservons-la-nature.fr\/blog\/wp-content\/uploads\/2014\/02\/carte23.jpg 600w, https:\/\/preservons-la-nature.fr\/blog\/wp-content\/uploads\/2014\/02\/carte23-150x150.jpg 150w, https:\/\/preservons-la-nature.fr\/blog\/wp-content\/uploads\/2014\/02\/carte23-300x300.jpg 300w\" sizes=\"auto, (max-width: 600px) 100vw, 600px\" \/><\/a><p id=\"caption-attachment-2749\" class=\"wp-caption-text\">Sagittaria sagittifolia L. ( Fl\u00e8che-d&rsquo;eau )<\/p><\/div><br \/>\n<div id=\"attachment_2747\" style=\"width: 371px\" class=\"wp-caption aligncenter\"><a href=\"https:\/\/www.preservons-la-nature.fr\/blog\/wp-content\/uploads\/2014\/02\/DSC0976.jpg\"><img loading=\"lazy\" decoding=\"async\" aria-describedby=\"caption-attachment-2747\" class=\" wp-image-2747\" title=\"Sagittaria sagittifolia L. ( Fl\u00e8che-d'eau )\" alt=\"Sagittaria sagittifolia L. ( Fl\u00e8che-d'eau )\" src=\"https:\/\/www.preservons-la-nature.fr\/blog\/wp-content\/uploads\/2014\/02\/DSC0976.jpg\" width=\"361\" height=\"540\" srcset=\"https:\/\/preservons-la-nature.fr\/blog\/wp-content\/uploads\/2014\/02\/DSC0976.jpg 401w, https:\/\/preservons-la-nature.fr\/blog\/wp-content\/uploads\/2014\/02\/DSC0976-200x300.jpg 200w\" sizes=\"auto, (max-width: 361px) 100vw, 361px\" \/><\/a><p id=\"caption-attachment-2747\" class=\"wp-caption-text\">Sagittaria sagittifolia L. ( Fl\u00e8che-d&rsquo;eau )<\/p><\/div><br \/>\n<strong><span style=\"text-decoration: underline;\">Phytosociologie :<\/span><i><\/i><\/strong><\/p>\n<table>\n<tbody>\n<tr>\n<td>Alliance<\/td>\n<td>Ordre<\/td>\n<td>Classe<\/td>\n<\/tr>\n<tr>\n<td><strong>Batrachion fluitantis<\/strong><\/td>\n<td><strong>Potametalia pectinati<\/strong><\/td>\n<td><strong>Potametea pectinati<\/strong><\/td>\n<\/tr>\n<tr>\n<td>Communaut\u00e9s submerg\u00e9es des eaux courantes, oligotrophes et oligocalciques \u00e0 eutrophes et calciques.<\/td>\n<td><\/td>\n<td>Herbiers enracin\u00e9s, \u00e0 caract\u00e8re vivace, des eaux douces (\u00e9ventuellement subsaum\u00e2tres), m\u00e9sotrophes \u00e0 eutrophes, courantes \u00e0 stagnantes.<\/td>\n<\/tr>\n<\/tbody>\n<\/table>\n<table>\n<tbody>\n<tr>\n<td>Alliance<\/td>\n<td>Ordre<\/td>\n<td>Classe<\/td>\n<\/tr>\n<tr>\n<td><strong>Oenanthion aquaticae<\/strong><\/td>\n<td><strong>Phragmitetalia australis<\/strong><\/td>\n<td><strong>Phragmiti australis-Magnocaricetea elatae<\/strong><\/td>\n<\/tr>\n<tr>\n<td>Communaut\u00e9s eurosib\u00e9riennes, plut\u00f4t pionni\u00e8res, des bordures perturb\u00e9es des eaux calmes.<\/td>\n<td>Communaut\u00e9s \u00e0 inondation r\u00e9guli\u00e8re et prolong\u00e9e, sur sol min\u00e9ral eutrophe \u00e0 \u00e9l\u00e9ments grossiers, souvent \u00e0 matrice vaseuse.<\/td>\n<td>V\u00e9g\u00e9tation des bords d&rsquo;\u00e9tangs, lacs, rivi\u00e8res et marais sur sol m\u00e9sotrophe \u00e0 eutrophe, parfois tourbeux.<\/td>\n<\/tr>\n<\/tbody>\n<\/table>\n<table>\n<tbody>\n<tr>\n<td>Alliance<\/td>\n<td>Ordre<\/td>\n<td>Classe<\/td>\n<\/tr>\n<tr>\n<td><strong>Potamion polygonifolii<\/strong><\/td>\n<td><strong>Potametalia pectinati<\/strong><\/td>\n<td><strong>Potametea pectinati<\/strong><\/td>\n<\/tr>\n<tr>\n<td>Communaut\u00e9s des eaux, stagnantes \u00e0 faiblement courantes oligotrophes \u00e0 m\u00e9sotrophes.<\/td>\n<td><\/td>\n<td>Herbiers enracin\u00e9s, \u00e0 caract\u00e8re vivace, des eaux douces (\u00e9ventuellement subsaum\u00e2tres), m\u00e9sotrophes \u00e0 eutrophes, courantes \u00e0 stagnantes.<\/td>\n<\/tr>\n<\/tbody>\n<\/table>\n<p><strong><span style=\"text-decoration: underline;\">Taxonomie :<\/span><\/strong><br \/>\n<i>Sagittaria sagittifolia L.<\/i> a pour synonymes (Informations issues de la BDTFX Version 2.0, <a href=\"http:\/\/www.tela-botanica.org\" target=\"_blank\">Tela Botanica<\/a>) :<i><br \/>\n&#8211; Sagitta major Scop.<br \/>\n&#8211; Sagitta palustris Bubani<br \/>\n&#8211; Sagittaria aquatica Lam.<br \/>\n&#8211; Sagittaria edulis Schltdl.<br \/>\n&#8211; Sagittaria hastata D.Don<br \/>\n&#8211; Sagittaria heterophylla Schreb.<br \/>\n&#8211; Sagittaria leucopetala (Miq.) Bergmans<br \/>\n&#8211; Sagittaria macrophylla Bunge<br \/>\n&#8211; Sagittaria sagittata Thunb.<br \/>\n&#8211; Sagittaria sagittifolia var. angustissima Boreau<br \/>\n&#8211; Sagittaria sagittifolia var. arifolia Rouy<br \/>\n&#8211; Sagittaria sagittifolia var. leucopetala Miq.<br \/>\n&#8211; Sagittaria sagittifolia var. obtusa Bolle<br \/>\n&#8211; Sagittaria sagittifolia var. terrestris Bolle<br \/>\n&#8211; Sagittaria sagittifolia var. vallisneriifolia Coss. &amp; Germ.<br \/>\n&#8211; Sagittaria vulgaris Gueldenst.<br \/>\n&#8211; Vallisneria bulbosa Poir.<br \/>\n<\/i><\/p>\n","protected":false},"excerpt":{"rendered":"<p>Une fiche plus r&eacute;cente existe, vous pouvez la consulter ICI Nom : Sagittaria sagittifolia L. ( Fl\u00e8che-d&rsquo;eau ) Autre(s) nom(s) : Fl\u00e9chi\u00e8re, Sagittaire \u00e0 feuilles en c\u0153ur, Sagittaire \u00e0 feuilles en fl\u00e8che. Famille : ALISMATACEAE Floraison : Mai &#8211; Ao\u00fbt &hellip; <a href=\"https:\/\/preservons-la-nature.fr\/blog\/?p=2745\">Continuer la lecture <span class=\"meta-nav\">&rarr;<\/span><\/a><\/p>\n","protected":false},"author":1,"featured_media":0,"comment_status":"open","ping_status":"open","sticky":false,"template":"","format":"standard","meta":{"footnotes":""},"categories":[102],"tags":[107],"class_list":["post-2745","post","type-post","status-publish","format-standard","hentry","category-fiche-partielle-de-plantes","tag-alismatacees"],"_links":{"self":[{"href":"https:\/\/preservons-la-nature.fr\/blog\/index.php?rest_route=\/wp\/v2\/posts\/2745","targetHints":{"allow":["GET"]}}],"collection":[{"href":"https:\/\/preservons-la-nature.fr\/blog\/index.php?rest_route=\/wp\/v2\/posts"}],"about":[{"href":"https:\/\/preservons-la-nature.fr\/blog\/index.php?rest_route=\/wp\/v2\/types\/post"}],"author":[{"embeddable":true,"href":"https:\/\/preservons-la-nature.fr\/blog\/index.php?rest_route=\/wp\/v2\/users\/1"}],"replies":[{"embeddable":true,"href":"https:\/\/preservons-la-nature.fr\/blog\/index.php?rest_route=%2Fwp%2Fv2%2Fcomments&post=2745"}],"version-history":[{"count":2,"href":"https:\/\/preservons-la-nature.fr\/blog\/index.php?rest_route=\/wp\/v2\/posts\/2745\/revisions"}],"predecessor-version":[{"id":2751,"href":"https:\/\/preservons-la-nature.fr\/blog\/index.php?rest_route=\/wp\/v2\/posts\/2745\/revisions\/2751"}],"wp:attachment":[{"href":"https:\/\/preservons-la-nature.fr\/blog\/index.php?rest_route=%2Fwp%2Fv2%2Fmedia&parent=2745"}],"wp:term":[{"taxonomy":"category","embeddable":true,"href":"https:\/\/preservons-la-nature.fr\/blog\/index.php?rest_route=%2Fwp%2Fv2%2Fcategories&post=2745"},{"taxonomy":"post_tag","embeddable":true,"href":"https:\/\/preservons-la-nature.fr\/blog\/index.php?rest_route=%2Fwp%2Fv2%2Ftags&post=2745"}],"curies":[{"name":"wp","href":"https:\/\/api.w.org\/{rel}","templated":true}]}}