{"id":2737,"date":"2014-03-09T00:36:06","date_gmt":"2014-03-08T23:36:06","guid":{"rendered":"https:\/\/www.preservons-la-nature.fr\/blog\/?p=2737"},"modified":"2014-02-18T13:40:09","modified_gmt":"2014-02-18T12:40:09","slug":"halimione-portulacoides-l-aellen-obione-faux-pourpier","status":"publish","type":"post","link":"https:\/\/preservons-la-nature.fr\/blog\/?p=2737","title":{"rendered":"Halimione portulacoides (L.) Aellen ( Obione faux-pourpier )"},"content":{"rendered":"<p><STRONG>Une fiche plus r&eacute;cente existe, vous pouvez la consulter <a href=\"https:\/\/www.preservons-la-nature.fr\/flore\/taxon\/2518.html\">ICI<\/a><\/STRONG><div id=\"attachment_2738\" style=\"width: 370px\" class=\"wp-caption aligncenter\"><a href=\"https:\/\/www.preservons-la-nature.fr\/blog\/wp-content\/uploads\/2014\/02\/DSC00692.jpg\"><img loading=\"lazy\" decoding=\"async\" aria-describedby=\"caption-attachment-2738\" class=\" wp-image-2738 \" title=\"Halimione portulacoides (L.) Aellen ( Obione faux-pourpier )\" alt=\"Halimione portulacoides (L.) Aellen ( Obione faux-pourpier )\" src=\"https:\/\/www.preservons-la-nature.fr\/blog\/wp-content\/uploads\/2014\/02\/DSC00692.jpg\" width=\"360\" height=\"540\" srcset=\"https:\/\/preservons-la-nature.fr\/blog\/wp-content\/uploads\/2014\/02\/DSC00692.jpg 400w, https:\/\/preservons-la-nature.fr\/blog\/wp-content\/uploads\/2014\/02\/DSC00692-200x300.jpg 200w\" sizes=\"auto, (max-width: 360px) 100vw, 360px\" \/><\/a><p id=\"caption-attachment-2738\" class=\"wp-caption-text\">Halimione portulacoides (L.) Aellen ( Obione faux-pourpier )<\/p><\/div><\/p>\n<p><span style=\"text-decoration: underline;\">Nom :<\/span> <i>Halimione portulacoides (L.) Aellen<\/i> ( Obione faux-pourpier )<\/p>\n<p><span style=\"text-decoration: underline;\">Famille :<\/span> AMARANTHACEAE<\/p>\n<p><span style=\"text-decoration: underline;\">Floraison :<\/span> Juillet &#8211; Octobre<\/p>\n<p><span style=\"text-decoration: underline;\">Forme biologique :<\/span><br \/>\nCham\u00e9phyte frutescent.<\/p>\n<p><span style=\"text-decoration: underline;\">Description dans la flore de Coste :<\/span><br \/>\nSous-arbrisseau de 20-50 cm, tout blanc argent\u00e9, \u00e0 tiges couch\u00e9es-radicantes et \u00e0 rameaux redress\u00e9s ; feuilles oppos\u00e9es, obovales ou oblongues, att\u00e9nu\u00e9es en p\u00e9tiole, enti\u00e8res, uninerv\u00e9es ; fleurs jaun\u00e2tres, en \u00e9pis gr\u00eales formant au sommet des rameaux une petite panicule non feuill\u00e9e ; calice fructif\u00e8re subsessile, en triangle renvers\u00e9, offrant au sommet 3 lobes obtus \u00e9gaux ou in\u00e9gaux, muriqu\u00e9 ou lisse sur les faces ; graine rousse.<\/p>\n<div id=\"attachment_2739\" style=\"width: 370px\" class=\"wp-caption aligncenter\"><a href=\"https:\/\/www.preservons-la-nature.fr\/blog\/wp-content\/uploads\/2014\/02\/DSC00702.jpg\"><img loading=\"lazy\" decoding=\"async\" aria-describedby=\"caption-attachment-2739\" class=\" wp-image-2739\" title=\"Halimione portulacoides (L.) Aellen ( Obione faux-pourpier )\" alt=\"Halimione portulacoides (L.) Aellen ( Obione faux-pourpier )\" src=\"https:\/\/www.preservons-la-nature.fr\/blog\/wp-content\/uploads\/2014\/02\/DSC00702.jpg\" width=\"360\" height=\"540\" srcset=\"https:\/\/preservons-la-nature.fr\/blog\/wp-content\/uploads\/2014\/02\/DSC00702.jpg 400w, https:\/\/preservons-la-nature.fr\/blog\/wp-content\/uploads\/2014\/02\/DSC00702-200x300.jpg 200w\" sizes=\"auto, (max-width: 360px) 100vw, 360px\" \/><\/a><p id=\"caption-attachment-2739\" class=\"wp-caption-text\">Halimione portulacoides (L.) Aellen ( Obione faux-pourpier )<\/p><\/div>\n<p><span style=\"text-decoration: underline;\">Pr\u00e9sent dans le(s) d\u00e9partement(s) suivant(s) :<\/span><br \/>\nAlpes-Maritimes, Aude, Bouches-du-Rh\u00f4ne, Calvados, Charente-Maritime, Corse-du-Sud, C\u00f4tes-d&rsquo;Armor, Finist\u00e8re, Gironde, Haute-Corse, Ille-et-Vilaine, Landes, Loire-Atlantique, Manche, Morbihan, Nord, Pas-de-Calais, Pyr\u00e9n\u00e9es-Atlantiques, Somme, Var, Vend\u00e9e.<\/p>\n<div id=\"attachment_2740\" style=\"width: 610px\" class=\"wp-caption aligncenter\"><a href=\"https:\/\/www.preservons-la-nature.fr\/blog\/?attachment_id=2740\" rel=\"attachment wp-att-2740\"><img loading=\"lazy\" decoding=\"async\" aria-describedby=\"caption-attachment-2740\" class=\"size-full wp-image-2740\" alt=\"R\u00e9partition de Halimione portulacoides (L.) Aellen ( Obione faux-pourpier )\" src=\"https:\/\/www.preservons-la-nature.fr\/blog\/wp-content\/uploads\/2014\/02\/carte22.jpg\" width=\"600\" height=\"600\" srcset=\"https:\/\/preservons-la-nature.fr\/blog\/wp-content\/uploads\/2014\/02\/carte22.jpg 600w, https:\/\/preservons-la-nature.fr\/blog\/wp-content\/uploads\/2014\/02\/carte22-150x150.jpg 150w, https:\/\/preservons-la-nature.fr\/blog\/wp-content\/uploads\/2014\/02\/carte22-300x300.jpg 300w\" sizes=\"auto, (max-width: 600px) 100vw, 600px\" \/><\/a><p id=\"caption-attachment-2740\" class=\"wp-caption-text\">R\u00e9partition de Halimione portulacoides (L.) Aellen ( Obione faux-pourpier )<\/p><\/div>\n<p><span style=\"text-decoration: underline;\">Phytosociologie :<\/span><i><\/i><\/p>\n<table>\n<tbody>\n<tr>\n<td>Alliance<\/td>\n<td>Ordre<\/td>\n<td>Classe<\/td>\n<\/tr>\n<tr>\n<td><strong>Agropyrion pungentis<\/strong><\/td>\n<td><strong>Agropyretalia pungentis<\/strong><\/td>\n<td><strong>Agropyretea pungentis<\/strong><\/td>\n<\/tr>\n<tr>\n<td>Communaut\u00e9s denses des stations fortement enrichies en mati\u00e8res organiques des laisses de mer, des bordures estuariennes en particulier.<\/td>\n<td>Communaut\u00e9s souvent subprimaires des bordures maritimes nitrohalophiles.<\/td>\n<td>V\u00e9g\u00e9tation vivace gramin\u00e9enne, x\u00e9rophile et semi-rud\u00e9rale, surtout sur sables, limons et substrats calcaires, \u00e0 distribution europ\u00e9enne et ouest-sib\u00e9rienne.<\/td>\n<\/tr>\n<\/tbody>\n<\/table>\n<table>\n<tbody>\n<tr>\n<td>Alliance<\/td>\n<td>Ordre<\/td>\n<td>Classe<\/td>\n<\/tr>\n<tr>\n<td><strong>Armerion maritimae<\/strong><\/td>\n<td><strong>Glauco maritimae-Puccinellietalia maritimae<\/strong><\/td>\n<td><strong>Asteretea tripolii<\/strong><\/td>\n<\/tr>\n<tr>\n<td>Communaut\u00e9s des niveaux sup\u00e9rieurs et hauts de schorre.<\/td>\n<td>Prairies sal\u00e9es des c\u00f4tes atlantiques europ\u00e9ennes (cantabro- \u00e0 bor\u00e9oatlantiques), plus accessoirement des bassins salif\u00e8res subatlantiques.<\/td>\n<td>V\u00e9g\u00e9tation des \u00ab\u00a0pr\u00e9s sal\u00e9s\u00a0\u00bb atlantiques \u00e0 dominance d\u2019h\u00e9micryptophytes et des pelouses a\u00e9rohalines des falaises.<\/td>\n<\/tr>\n<\/tbody>\n<\/table>\n<table>\n<tbody>\n<tr>\n<td>Alliance<\/td>\n<td>Ordre<\/td>\n<td>Classe<\/td>\n<\/tr>\n<tr>\n<td><strong>Crithmo maritimi-Limonion binervosi<\/strong><\/td>\n<td><strong>Crithmo maritimi-Staticetalia<\/strong><\/td>\n<td><strong>Crithmo maritimi-Staticetea<\/strong><\/td>\n<\/tr>\n<tr>\n<td>Communaut\u00e9s atlantiques.<\/td>\n<td>Communaut\u00e9s m\u00e9diterran\u00e9ennes et m\u00e9diterran\u00e9o-atlantiques.<\/td>\n<td>V\u00e9g\u00e9tation de chasmophytes pionniers, a\u00e9rohalins, des falaises maritimes m\u00e9diterran\u00e9ennes et atlantiques.<\/td>\n<\/tr>\n<\/tbody>\n<\/table>\n<table>\n<tbody>\n<tr>\n<td>Alliance<\/td>\n<td>Ordre<\/td>\n<td>Classe<\/td>\n<\/tr>\n<tr>\n<td><strong>Halimionion portulacoidis<\/strong><\/td>\n<td><strong>Salicornietalia fruticosae<\/strong><\/td>\n<td><strong>Salicornietea fruticosae<\/strong><\/td>\n<\/tr>\n<tr>\n<td>Communaut\u00e9s des schorres eu-halins cantabro-atlantiques \u00e0 atlantiques.<\/td>\n<td>Communaut\u00e9s m\u00e9diterran\u00e9ennes et m\u00e9diterran\u00e9o-atlantiques.<\/td>\n<td>V\u00e9g\u00e9tation crassulescente \u00e0 dominance de cham\u00e9phytes ou nanophan\u00e9rophytes, des sols sal\u00e9s et &lsquo;sansouires&rsquo; m\u00e9diterran\u00e9o-atlantiques \u00e0 saharo-sindiennes.<\/td>\n<\/tr>\n<\/tbody>\n<\/table>\n<table>\n<tbody>\n<tr>\n<td>Alliance<\/td>\n<td>Ordre<\/td>\n<td>Classe<\/td>\n<\/tr>\n<tr>\n<td><strong>Puccinellion maritimae<\/strong><\/td>\n<td><strong>Glauco maritimae-Puccinellietalia maritimae<\/strong><\/td>\n<td><strong>Asteretea tripolii<\/strong><\/td>\n<\/tr>\n<tr>\n<td>Communaut\u00e9s sal\u00e9es des schorres inf\u00e9rieurs \u00e0 moyens.<\/td>\n<td>Prairies sal\u00e9es des c\u00f4tes atlantiques europ\u00e9ennes (cantabro- \u00e0 bor\u00e9oatlantiques), plus accessoirement des bassins salif\u00e8res subatlantiques.<\/td>\n<td>V\u00e9g\u00e9tation des \u00ab\u00a0pr\u00e9s sal\u00e9s\u00a0\u00bb atlantiques \u00e0 dominance d\u2019h\u00e9micryptophytes et des pelouses a\u00e9rohalines des falaises.<\/td>\n<\/tr>\n<\/tbody>\n<\/table>\n<table>\n<tbody>\n<tr>\n<td>Alliance<\/td>\n<td>Ordre<\/td>\n<td>Classe<\/td>\n<\/tr>\n<tr>\n<td><strong>Salicornion europaeo-ramosissimae<\/strong><\/td>\n<td><strong>Thero-Salicornietalia dolichostachyae<\/strong><\/td>\n<td><strong>Thero-Suaedetea splendentis<\/strong><\/td>\n<\/tr>\n<tr>\n<td>Communaut\u00e9s atlantiques des schorres et des niveaux les plus \u00e9lev\u00e9s des estrans sableux sur sol \u00e0 salure tr\u00e8s variable.<\/td>\n<td>Communaut\u00e9s de salicornes annuelles.<\/td>\n<td>V\u00e9g\u00e9tation pionni\u00e8re annuelle des vases sal\u00e9es littorales ou des bassins salif\u00e8res continentaux.<\/td>\n<\/tr>\n<\/tbody>\n<\/table>\n<p><span style=\"text-decoration: underline;\">Taxonomie :<\/span><br \/>\n<i>Halimione portulacoides (L.) Aellen<\/i> a pour synonymes (Informations issues de la BDTFX Version 2.0, <a href=\"http:\/\/www.tela-botanica.org\" target=\"_blank\">Tela Botanica<\/a>) :<i><br \/>\n&#8211; Atriplex portulacoides L.<br \/>\n&#8211; Chenopodium portulacoides (L.) Thunb.<br \/>\n&#8211; Halimus portulacoides (L.) Dumort.<br \/>\n&#8211; Obione portulacoides (L.) Moq.<br \/>\n<\/i><\/p>\n","protected":false},"excerpt":{"rendered":"<p>Une fiche plus r&eacute;cente existe, vous pouvez la consulter ICI Nom : Halimione portulacoides (L.) Aellen ( Obione faux-pourpier ) Famille : AMARANTHACEAE Floraison : Juillet &#8211; Octobre Forme biologique : Cham\u00e9phyte frutescent. Description dans la flore de Coste : &hellip; <a href=\"https:\/\/preservons-la-nature.fr\/blog\/?p=2737\">Continuer la lecture <span class=\"meta-nav\">&rarr;<\/span><\/a><\/p>\n","protected":false},"author":1,"featured_media":0,"comment_status":"open","ping_status":"open","sticky":false,"template":"","format":"standard","meta":{"footnotes":""},"categories":[102],"tags":[106],"class_list":["post-2737","post","type-post","status-publish","format-standard","hentry","category-fiche-partielle-de-plantes","tag-amaranthacees"],"_links":{"self":[{"href":"https:\/\/preservons-la-nature.fr\/blog\/index.php?rest_route=\/wp\/v2\/posts\/2737","targetHints":{"allow":["GET"]}}],"collection":[{"href":"https:\/\/preservons-la-nature.fr\/blog\/index.php?rest_route=\/wp\/v2\/posts"}],"about":[{"href":"https:\/\/preservons-la-nature.fr\/blog\/index.php?rest_route=\/wp\/v2\/types\/post"}],"author":[{"embeddable":true,"href":"https:\/\/preservons-la-nature.fr\/blog\/index.php?rest_route=\/wp\/v2\/users\/1"}],"replies":[{"embeddable":true,"href":"https:\/\/preservons-la-nature.fr\/blog\/index.php?rest_route=%2Fwp%2Fv2%2Fcomments&post=2737"}],"version-history":[{"count":1,"href":"https:\/\/preservons-la-nature.fr\/blog\/index.php?rest_route=\/wp\/v2\/posts\/2737\/revisions"}],"predecessor-version":[{"id":2741,"href":"https:\/\/preservons-la-nature.fr\/blog\/index.php?rest_route=\/wp\/v2\/posts\/2737\/revisions\/2741"}],"wp:attachment":[{"href":"https:\/\/preservons-la-nature.fr\/blog\/index.php?rest_route=%2Fwp%2Fv2%2Fmedia&parent=2737"}],"wp:term":[{"taxonomy":"category","embeddable":true,"href":"https:\/\/preservons-la-nature.fr\/blog\/index.php?rest_route=%2Fwp%2Fv2%2Fcategories&post=2737"},{"taxonomy":"post_tag","embeddable":true,"href":"https:\/\/preservons-la-nature.fr\/blog\/index.php?rest_route=%2Fwp%2Fv2%2Ftags&post=2737"}],"curies":[{"name":"wp","href":"https:\/\/api.w.org\/{rel}","templated":true}]}}