{"id":2731,"date":"2014-03-08T00:29:14","date_gmt":"2014-03-07T23:29:14","guid":{"rendered":"https:\/\/www.preservons-la-nature.fr\/blog\/?p=2731"},"modified":"2014-02-18T13:34:03","modified_gmt":"2014-02-18T12:34:03","slug":"erucastrum-incanum-l-w-d-j-koch-roquette-batarde","status":"publish","type":"post","link":"https:\/\/preservons-la-nature.fr\/blog\/?p=2731","title":{"rendered":"Erucastrum incanum (L.) W.D.J.Koch ( Roquette b\u00e2tarde )"},"content":{"rendered":"<p><STRONG>Une fiche plus r&eacute;cente existe, vous pouvez la consulter <a href=\"https:\/\/www.preservons-la-nature.fr\/flore\/taxon\/425.html\">ICI<\/a><\/STRONG><div id=\"attachment_2732\" style=\"width: 370px\" class=\"wp-caption aligncenter\"><a href=\"https:\/\/www.preservons-la-nature.fr\/blog\/wp-content\/uploads\/2014\/02\/DSC08209.jpg\"><img loading=\"lazy\" decoding=\"async\" aria-describedby=\"caption-attachment-2732\" class=\" wp-image-2732 \" title=\"Erucastrum incanum (L.) W.D.J.Koch ( Roquette b\u00e2tarde )\" alt=\"Erucastrum incanum (L.) W.D.J.Koch ( Roquette b\u00e2tarde )\" src=\"https:\/\/www.preservons-la-nature.fr\/blog\/wp-content\/uploads\/2014\/02\/DSC08209.jpg\" width=\"360\" height=\"540\" srcset=\"https:\/\/preservons-la-nature.fr\/blog\/wp-content\/uploads\/2014\/02\/DSC08209.jpg 400w, https:\/\/preservons-la-nature.fr\/blog\/wp-content\/uploads\/2014\/02\/DSC08209-200x300.jpg 200w\" sizes=\"auto, (max-width: 360px) 100vw, 360px\" \/><\/a><p id=\"caption-attachment-2732\" class=\"wp-caption-text\">Erucastrum incanum (L.) W.D.J.Koch ( Roquette b\u00e2tarde )<\/p><\/div><\/p>\n<p><span style=\"text-decoration: underline;\">Nom :<\/span> <i>Erucastrum incanum (L.) W.D.J.Koch<\/i> ( Roquette b\u00e2tarde )<\/p>\n<p><span style=\"text-decoration: underline;\">Autre(s) nom(s) :<\/span><br \/>\nHirschfeldie gris\u00e2tre.<\/p>\n<p><span style=\"text-decoration: underline;\">Famille :<\/span> BRASSICACEAE<\/p>\n<p><span style=\"text-decoration: underline;\">Floraison :<\/span> Mai &#8211; Septembre<\/p>\n<p><span style=\"text-decoration: underline;\">Forme biologique :<\/span><br \/>\nTh\u00e9rophyte.<\/p>\n<p><span style=\"text-decoration: underline;\">Protection :<\/span><br \/>\n&#8211; Liste rouge europ\u00e9enne IUCN 2012 DD<\/p>\n<p><span style=\"text-decoration: underline;\">Description dans la flore de Coste :<\/span><br \/>\nPlante bisannuelle, velue-blanch\u00e2tre, \u00e0 poils r\u00e9fl\u00e9chis ; tige de 40-80 cm, rude, \u00e0 rameaux \u00e9tal\u00e9s-dress\u00e9s ; feuilles toutes p\u00e9tiol\u00e9es, les inf\u00e9rieures lyr\u00e9es-pennatifides, les sup\u00e9rieures lanc\u00e9ol\u00e9es enti\u00e8res ; fleurs petites ; p\u00e9dicelles courts, \u00e9pais, appliqu\u00e9s contre l&rsquo;axe ; siliques appliqu\u00e9es, courtes, cylindrac\u00e9es, gr\u00eales, bossel\u00e9es, pubescentes ou glabres ; valves \u00e0 1 nervure ; bec r\u00e9tr\u00e9ci \u00e0 la base, renfl\u00e9 en boule et \u00e0 1 graine au milieu, plus court que la silique ; graines ovo\u00efdes, brunes, presque lisses.<\/p>\n<div id=\"attachment_2733\" style=\"width: 370px\" class=\"wp-caption aligncenter\"><a href=\"https:\/\/www.preservons-la-nature.fr\/blog\/wp-content\/uploads\/2014\/02\/DSC08211.jpg\"><img loading=\"lazy\" decoding=\"async\" aria-describedby=\"caption-attachment-2733\" class=\" wp-image-2733\" title=\"Erucastrum incanum (L.) W.D.J.Koch ( Roquette b\u00e2tarde )\" alt=\"Erucastrum incanum (L.) W.D.J.Koch ( Roquette b\u00e2tarde )\" src=\"https:\/\/www.preservons-la-nature.fr\/blog\/wp-content\/uploads\/2014\/02\/DSC08211.jpg\" width=\"360\" height=\"540\" srcset=\"https:\/\/preservons-la-nature.fr\/blog\/wp-content\/uploads\/2014\/02\/DSC08211.jpg 400w, https:\/\/preservons-la-nature.fr\/blog\/wp-content\/uploads\/2014\/02\/DSC08211-200x300.jpg 200w\" sizes=\"auto, (max-width: 360px) 100vw, 360px\" \/><\/a><p id=\"caption-attachment-2733\" class=\"wp-caption-text\">Erucastrum incanum (L.) W.D.J.Koch ( Roquette b\u00e2tarde )<\/p><\/div>\n<p><span style=\"text-decoration: underline;\">Pr\u00e9sent dans le(s) d\u00e9partement(s) suivant(s) :<\/span><br \/>\nAlpes-de-Haute-Provence, Alpes-Maritimes, Aube, Bouches-du-Rh\u00f4ne, Calvados, Cantal, Charente, Charente-Maritime, Cher, Corse-du-Sud, C\u00f4tes-d&rsquo;Armor, Doubs, Essonne, Finist\u00e8re, Hautes-Alpes, Hauts-de-Seine, Ille-et-Vilaine, Indre, Indre-et-Loire, Is\u00e8re, Jura, Loire-Atlantique, Loiret, Loir-et-Cher, Lot, Maine-et-Loire, Manche, Mayenne, Meurthe-et-Moselle, Morbihan, Ni\u00e8vre, Nord, Orne, Paris, Pas-de-Calais, Pyr\u00e9n\u00e9es-Atlantiques, Pyr\u00e9n\u00e9es-Orientales, Sarthe, Seine-et-Marne, Seine-Maritime, Seine-Saint-Denis, Somme, Tarn-et-Garonne, Val-de-Marne, Val-d&rsquo;Oise, Var, Vaucluse, Vend\u00e9e, Yvelines.<\/p>\n<div id=\"attachment_2735\" style=\"width: 610px\" class=\"wp-caption aligncenter\"><a href=\"https:\/\/www.preservons-la-nature.fr\/blog\/?attachment_id=2735\" rel=\"attachment wp-att-2735\"><img loading=\"lazy\" decoding=\"async\" aria-describedby=\"caption-attachment-2735\" class=\"size-full wp-image-2735\" alt=\"R\u00e9partition d'Erucastrum incanum (L.) W.D.J.Koch ( Roquette b\u00e2tarde )\" src=\"https:\/\/www.preservons-la-nature.fr\/blog\/wp-content\/uploads\/2014\/02\/carte21.jpg\" width=\"600\" height=\"600\" srcset=\"https:\/\/preservons-la-nature.fr\/blog\/wp-content\/uploads\/2014\/02\/carte21.jpg 600w, https:\/\/preservons-la-nature.fr\/blog\/wp-content\/uploads\/2014\/02\/carte21-150x150.jpg 150w, https:\/\/preservons-la-nature.fr\/blog\/wp-content\/uploads\/2014\/02\/carte21-300x300.jpg 300w\" sizes=\"auto, (max-width: 600px) 100vw, 600px\" \/><\/a><p id=\"caption-attachment-2735\" class=\"wp-caption-text\">R\u00e9partition d&rsquo;Erucastrum incanum (L.) W.D.J.Koch ( Roquette b\u00e2tarde )<\/p><\/div>\n<div id=\"attachment_2734\" style=\"width: 650px\" class=\"wp-caption aligncenter\"><a href=\"https:\/\/www.preservons-la-nature.fr\/blog\/wp-content\/uploads\/2014\/02\/DSC08214.jpg\"><img loading=\"lazy\" decoding=\"async\" aria-describedby=\"caption-attachment-2734\" class=\"size-full wp-image-2734\" title=\"Erucastrum incanum (L.) W.D.J.Koch ( Roquette b\u00e2tarde )\" alt=\"Erucastrum incanum (L.) W.D.J.Koch ( Roquette b\u00e2tarde )\" src=\"https:\/\/www.preservons-la-nature.fr\/blog\/wp-content\/uploads\/2014\/02\/DSC08214.jpg\" width=\"640\" height=\"426\" srcset=\"https:\/\/preservons-la-nature.fr\/blog\/wp-content\/uploads\/2014\/02\/DSC08214.jpg 800w, https:\/\/preservons-la-nature.fr\/blog\/wp-content\/uploads\/2014\/02\/DSC08214-300x199.jpg 300w\" sizes=\"auto, (max-width: 640px) 100vw, 640px\" \/><\/a><p id=\"caption-attachment-2734\" class=\"wp-caption-text\">Erucastrum incanum (L.) W.D.J.Koch ( Roquette b\u00e2tarde )<\/p><\/div>\n<p><span style=\"text-decoration: underline;\">Phytosociologie :<\/span><i><\/i><\/p>\n<table>\n<tbody>\n<tr>\n<td>Alliance<\/td>\n<td>Ordre<\/td>\n<td>Classe<\/td>\n<\/tr>\n<tr>\n<td><strong>Bidention tripartitae<\/strong><\/td>\n<td><strong>Bidentetalia tripartitae<\/strong><\/td>\n<td><strong>Bidentetea tripartitae<\/strong><\/td>\n<\/tr>\n<tr>\n<td>Communaut\u00e9s des sols limoneux et argileux.<\/td>\n<td><\/td>\n<td>V\u00e9g\u00e9tation pionni\u00e8re annuelle et hygrophile des sols enrichis en azote, s&rsquo;ass\u00e9chant partiellement en \u00e9t\u00e9.<\/td>\n<\/tr>\n<\/tbody>\n<\/table>\n<table>\n<tbody>\n<tr>\n<td>Alliance<\/td>\n<td>Ordre<\/td>\n<td>Classe<\/td>\n<\/tr>\n<tr>\n<td><strong>Dauco carotae-Melilotion albi<\/strong><\/td>\n<td><strong>Onopordetalia acanthii<\/strong><\/td>\n<td><strong>Artemisietea vulgaris<\/strong><\/td>\n<\/tr>\n<tr>\n<td>Communaut\u00e9s subouvertes de hautes herbes, moins thermophiles, des substrats grossiers et souvent rapport\u00e9s.<\/td>\n<td>Communaut\u00e9s thermophiles \u00e0 dominance de vivaces et de bisannuelles, eurosib\u00e9riennes \u00e0 subm\u00e9diterran\u00e9ennes.<\/td>\n<td>V\u00e9g\u00e9tation rud\u00e9rale, anthropog\u00e8ne, nitrophile \u00e0 dominance d\u2019esp\u00e8ces vivaces, eurosib\u00e9rienne et m\u00e9diterran\u00e9enne.<\/td>\n<\/tr>\n<\/tbody>\n<\/table>\n<table>\n<tbody>\n<tr>\n<td>Ordre<\/td>\n<td>Classe<\/td>\n<\/tr>\n<tr>\n<td><strong>Sisymbrietalia officinalis<\/strong><\/td>\n<td><strong>Sisymbrietea officinalis<\/strong><\/td>\n<\/tr>\n<tr>\n<td>Communaut\u00e9s nitrophiles vernales \u00e0 tardi-vernales, des sols peu \u00e9pais m\u00e9soclines, eurosib\u00e9riennes et m\u00e9diterran\u00e9ennes.<\/td>\n<td>V\u00e9g\u00e9tation anthropog\u00e8ne \u00e0 dominante d\u2019annuelles et de bisannuelles, plus ou moins nitrophile, des stations rud\u00e9ralis\u00e9es et irr\u00e9guli\u00e8rement pertub\u00e9es.<\/td>\n<\/tr>\n<\/tbody>\n<\/table>\n<p><span style=\"text-decoration: underline;\">Taxonomie :<\/span><br \/>\n<i>Erucastrum incanum (L.) W.D.J.Koch<\/i> a pour synonymes (Informations issues de la BDTFX Version 2.0, <a href=\"http:\/\/www.tela-botanica.org\" target=\"_blank\">Tela Botanica<\/a>) :<i><br \/>\n&#8211; Brassica adpressa Boiss.<br \/>\n&#8211; Brassica heterophylla Boiss.<br \/>\n&#8211; Brassica incana (L.) Meigen<br \/>\n&#8211; Crucifera hirschfeldia E.H.L.Krause<br \/>\n&#8211; Erucaria hispanica DC.<br \/>\n&#8211; Erucaria persica W.Baxter<br \/>\n&#8211; Erucastrum heterophyllum (Lag.) Nyman<br \/>\n&#8211; Hirschfeldia adpressa Moench<br \/>\n&#8211; Hirschfeldia heterophylla Amo<br \/>\n&#8211; Hirschfeldia incana (L.) Lagr.-Foss.<br \/>\n&#8211; Hirschfeldia incana (L.) Lagr.-Foss. subsp. incana<br \/>\n&#8211; Hirschfeldia inflexa C.Presl<br \/>\n&#8211; Melanosinapis incana (L.) Kirschl.<br \/>\n&#8211; Raphanus erucaria J.F.Gmel.<br \/>\n&#8211; Raphanus incanus (L.) Crantz<br \/>\n&#8211; Rapistrum macedonicum Form\u00e1nek<br \/>\n&#8211; Sinapis heterophylla Lag.<br \/>\n&#8211; Sinapis incana L.<br \/>\n&#8211; Sinapis inflexa Walp.<br \/>\n&#8211; Sinapis integrifolia Walp.<br \/>\n&#8211; Sinapis panormitana Spreng.<br \/>\n&#8211; Sinapis taurica M.Bieb.<br \/>\n&#8211; Sisymbrium incanum (L.) Prantl<br \/>\n&#8211; Strangalis adpressa Dulac<br \/>\n&#8211; Stylocarpum incanum (L.) Noulet<br \/>\n<\/i><\/p>\n","protected":false},"excerpt":{"rendered":"<p>Une fiche plus r&eacute;cente existe, vous pouvez la consulter ICI Nom : Erucastrum incanum (L.) W.D.J.Koch ( Roquette b\u00e2tarde ) Autre(s) nom(s) : Hirschfeldie gris\u00e2tre. Famille : BRASSICACEAE Floraison : Mai &#8211; Septembre Forme biologique : Th\u00e9rophyte. Protection : &#8211; &hellip; <a href=\"https:\/\/preservons-la-nature.fr\/blog\/?p=2731\">Continuer la lecture <span class=\"meta-nav\">&rarr;<\/span><\/a><\/p>\n","protected":false},"author":1,"featured_media":0,"comment_status":"open","ping_status":"open","sticky":false,"template":"","format":"standard","meta":{"footnotes":""},"categories":[102],"tags":[26],"class_list":["post-2731","post","type-post","status-publish","format-standard","hentry","category-fiche-partielle-de-plantes","tag-brassicacees"],"_links":{"self":[{"href":"https:\/\/preservons-la-nature.fr\/blog\/index.php?rest_route=\/wp\/v2\/posts\/2731","targetHints":{"allow":["GET"]}}],"collection":[{"href":"https:\/\/preservons-la-nature.fr\/blog\/index.php?rest_route=\/wp\/v2\/posts"}],"about":[{"href":"https:\/\/preservons-la-nature.fr\/blog\/index.php?rest_route=\/wp\/v2\/types\/post"}],"author":[{"embeddable":true,"href":"https:\/\/preservons-la-nature.fr\/blog\/index.php?rest_route=\/wp\/v2\/users\/1"}],"replies":[{"embeddable":true,"href":"https:\/\/preservons-la-nature.fr\/blog\/index.php?rest_route=%2Fwp%2Fv2%2Fcomments&post=2731"}],"version-history":[{"count":1,"href":"https:\/\/preservons-la-nature.fr\/blog\/index.php?rest_route=\/wp\/v2\/posts\/2731\/revisions"}],"predecessor-version":[{"id":2736,"href":"https:\/\/preservons-la-nature.fr\/blog\/index.php?rest_route=\/wp\/v2\/posts\/2731\/revisions\/2736"}],"wp:attachment":[{"href":"https:\/\/preservons-la-nature.fr\/blog\/index.php?rest_route=%2Fwp%2Fv2%2Fmedia&parent=2731"}],"wp:term":[{"taxonomy":"category","embeddable":true,"href":"https:\/\/preservons-la-nature.fr\/blog\/index.php?rest_route=%2Fwp%2Fv2%2Fcategories&post=2731"},{"taxonomy":"post_tag","embeddable":true,"href":"https:\/\/preservons-la-nature.fr\/blog\/index.php?rest_route=%2Fwp%2Fv2%2Ftags&post=2731"}],"curies":[{"name":"wp","href":"https:\/\/api.w.org\/{rel}","templated":true}]}}