{"id":272,"date":"2011-03-31T05:23:39","date_gmt":"2011-03-31T05:23:39","guid":{"rendered":"https:\/\/www.preservons-la-nature.fr\/blog\/?p=272"},"modified":"2013-11-10T18:27:19","modified_gmt":"2013-11-10T17:27:19","slug":"le-lamier-blanc-lamium-album","status":"publish","type":"post","link":"https:\/\/preservons-la-nature.fr\/blog\/?p=272","title":{"rendered":"Lamium album ( Lamier blanc )"},"content":{"rendered":"<p>Le <strong>lamier blanc (<em>Lamium album<\/em>)<\/strong> fait partie de <strong>la famille des Lamiac\u00e9es<\/strong>. Sa p\u00e9riode de floraison s&rsquo;\u00e9tale d&rsquo;Avril \u00e0 Juin. On peut parfois la rencontrer en Septembre mais c&rsquo;est tr\u00e8s rare. On la trouve plus particuli\u00e8rement en lisi\u00e8re de for\u00eat mais aussi pr\u00e8s des plans d&rsquo;eau. Elle affectionne les sols frais et riches en nitrate (C&rsquo;est pourquoi, on peut la trouver pr\u00e8s des cultures). Il s&rsquo;agit d&rsquo;une esp\u00e8ce h\u00e9liophile ou de demi-ombre.<br \/>\nLa plante mesure entre 20 et 60 cm de haut. Elle est velue. Sa feuille ressemble \u00e0 celle de l&rsquo;ortie mais elle ne pique pas. La fleur est de couleur blanche \u00e0 blanche jaun\u00e2tre.<\/p>\n<div id=\"attachment_273\" style=\"width: 337px\" class=\"wp-caption aligncenter\"><a href=\"https:\/\/www.preservons-la-nature.fr\/blog\/wp-content\/uploads\/2011\/03\/DSC3547.jpg\"><img loading=\"lazy\" decoding=\"async\" aria-describedby=\"caption-attachment-273\" class=\"size-full wp-image-273 \" title=\"lamier blanc (Lamium album)\" alt=\"lamier blanc (Lamium album)\" src=\"https:\/\/www.preservons-la-nature.fr\/blog\/wp-content\/uploads\/2011\/03\/DSC3547.jpg\" width=\"327\" height=\"490\" srcset=\"https:\/\/preservons-la-nature.fr\/blog\/wp-content\/uploads\/2011\/03\/DSC3547.jpg 467w, https:\/\/preservons-la-nature.fr\/blog\/wp-content\/uploads\/2011\/03\/DSC3547-200x300.jpg 200w\" sizes=\"auto, (max-width: 327px) 100vw, 327px\" \/><\/a><p id=\"caption-attachment-273\" class=\"wp-caption-text\">lamier blanc (Lamium album)<\/p><\/div>\n<div id=\"attachment_274\" style=\"width: 500px\" class=\"wp-caption aligncenter\"><a href=\"https:\/\/www.preservons-la-nature.fr\/blog\/wp-content\/uploads\/2011\/03\/DSC07422.jpg\"><img loading=\"lazy\" decoding=\"async\" aria-describedby=\"caption-attachment-274\" class=\"size-full wp-image-274 \" title=\"Fleurs de lamier blanc (Lamium album)\" alt=\"Fleurs de lamier blanc (Lamium album)\" src=\"https:\/\/www.preservons-la-nature.fr\/blog\/wp-content\/uploads\/2011\/03\/DSC07422.jpg\" width=\"490\" height=\"326\" srcset=\"https:\/\/preservons-la-nature.fr\/blog\/wp-content\/uploads\/2011\/03\/DSC07422.jpg 700w, https:\/\/preservons-la-nature.fr\/blog\/wp-content\/uploads\/2011\/03\/DSC07422-300x199.jpg 300w\" sizes=\"auto, (max-width: 490px) 100vw, 490px\" \/><\/a><p id=\"caption-attachment-274\" class=\"wp-caption-text\">Fleurs de lamier blanc (Lamium album)<\/p><\/div>\n","protected":false},"excerpt":{"rendered":"<p>Le lamier blanc (Lamium album) fait partie de la famille des Lamiac\u00e9es. Sa p\u00e9riode de floraison s&rsquo;\u00e9tale d&rsquo;Avril \u00e0 Juin. On peut parfois la rencontrer en Septembre mais c&rsquo;est tr\u00e8s rare. On la trouve plus particuli\u00e8rement en lisi\u00e8re de for\u00eat &hellip; <a href=\"https:\/\/preservons-la-nature.fr\/blog\/?p=272\">Continuer la lecture <span class=\"meta-nav\">&rarr;<\/span><\/a><\/p>\n","protected":false},"author":1,"featured_media":0,"comment_status":"open","ping_status":"open","sticky":false,"template":"","format":"standard","meta":{"footnotes":""},"categories":[87,49],"tags":[25],"class_list":["post-272","post","type-post","status-publish","format-standard","hentry","category-ficheplante","category-flore-de-lile-arrault-orleans","tag-lamiacees"],"_links":{"self":[{"href":"https:\/\/preservons-la-nature.fr\/blog\/index.php?rest_route=\/wp\/v2\/posts\/272","targetHints":{"allow":["GET"]}}],"collection":[{"href":"https:\/\/preservons-la-nature.fr\/blog\/index.php?rest_route=\/wp\/v2\/posts"}],"about":[{"href":"https:\/\/preservons-la-nature.fr\/blog\/index.php?rest_route=\/wp\/v2\/types\/post"}],"author":[{"embeddable":true,"href":"https:\/\/preservons-la-nature.fr\/blog\/index.php?rest_route=\/wp\/v2\/users\/1"}],"replies":[{"embeddable":true,"href":"https:\/\/preservons-la-nature.fr\/blog\/index.php?rest_route=%2Fwp%2Fv2%2Fcomments&post=272"}],"version-history":[{"count":4,"href":"https:\/\/preservons-la-nature.fr\/blog\/index.php?rest_route=\/wp\/v2\/posts\/272\/revisions"}],"predecessor-version":[{"id":1972,"href":"https:\/\/preservons-la-nature.fr\/blog\/index.php?rest_route=\/wp\/v2\/posts\/272\/revisions\/1972"}],"wp:attachment":[{"href":"https:\/\/preservons-la-nature.fr\/blog\/index.php?rest_route=%2Fwp%2Fv2%2Fmedia&parent=272"}],"wp:term":[{"taxonomy":"category","embeddable":true,"href":"https:\/\/preservons-la-nature.fr\/blog\/index.php?rest_route=%2Fwp%2Fv2%2Fcategories&post=272"},{"taxonomy":"post_tag","embeddable":true,"href":"https:\/\/preservons-la-nature.fr\/blog\/index.php?rest_route=%2Fwp%2Fv2%2Ftags&post=272"}],"curies":[{"name":"wp","href":"https:\/\/api.w.org\/{rel}","templated":true}]}}