{"id":2705,"date":"2014-03-06T00:42:39","date_gmt":"2014-03-05T23:42:39","guid":{"rendered":"https:\/\/www.preservons-la-nature.fr\/blog\/?p=2705"},"modified":"2014-02-17T21:46:37","modified_gmt":"2014-02-17T20:46:37","slug":"chenopodium-album-l-chenopode-blanc","status":"publish","type":"post","link":"https:\/\/preservons-la-nature.fr\/blog\/?p=2705","title":{"rendered":"Chenopodium album L. ( Ch\u00e9nopode blanc )"},"content":{"rendered":"<p><STRONG>Une fiche plus r&eacute;cente existe, vous pouvez la consulter <a href=\"https:\/\/www.preservons-la-nature.fr\/flore\/taxon\/261.html\">ICI<\/a><\/STRONG><div id=\"attachment_2706\" style=\"width: 370px\" class=\"wp-caption aligncenter\"><a href=\"https:\/\/www.preservons-la-nature.fr\/blog\/wp-content\/uploads\/2014\/02\/DSC08114.jpg\"><img loading=\"lazy\" decoding=\"async\" aria-describedby=\"caption-attachment-2706\" class=\" wp-image-2706 \" title=\"Chenopodium album L. ( Ch\u00e9nopode blanc )\" alt=\"Chenopodium album L. ( Ch\u00e9nopode blanc )\" src=\"https:\/\/www.preservons-la-nature.fr\/blog\/wp-content\/uploads\/2014\/02\/DSC08114.jpg\" width=\"360\" height=\"540\" srcset=\"https:\/\/preservons-la-nature.fr\/blog\/wp-content\/uploads\/2014\/02\/DSC08114.jpg 400w, https:\/\/preservons-la-nature.fr\/blog\/wp-content\/uploads\/2014\/02\/DSC08114-200x300.jpg 200w\" sizes=\"auto, (max-width: 360px) 100vw, 360px\" \/><\/a><p id=\"caption-attachment-2706\" class=\"wp-caption-text\">Chenopodium album L. ( Ch\u00e9nopode blanc )<\/p><\/div><\/p>\n<p><span style=\"text-decoration: underline;\">Nom :<\/span> <i>Chenopodium album L.<\/i> ( Ch\u00e9nopode blanc )<\/p>\n<p><span style=\"text-decoration: underline;\">Famille :<\/span> AMARANTHACEAE<\/p>\n<p><span style=\"text-decoration: underline;\">Floraison :<\/span> Juin &#8211; Octobre<\/p>\n<p><span style=\"text-decoration: underline;\">Description dans la flore de Coste :<\/span><br \/>\nPlante annuelle de 20 cm \u00e0 1 m\u00e8tre, blanch\u00e2tre ou verd\u00e2tre, \u00e0 tige ordinairement dress\u00e9e, anguleuse, simple ou rameuse ; feuilles blanches-farineuses en dessous ou parfois vertes sur les 2 faces, 2 fois plus longues que larges, ovales-rhombo\u00efdales ou lanc\u00e9ol\u00e9es, sinu\u00e9es-dent\u00e9es, rarement la plupart enti\u00e8res ; glom\u00e9rules farineux-blanch\u00e2tres, en panicule \u00e9troite ou \u00e9tal\u00e9e, nue ou feuill\u00e9e \u00e0 la base ; p\u00e9rianthe cachant compl\u00e8tement le fruit, \u00e0 lobes car\u00e9n\u00e9s ; graine de 1 1\/4 mm, horizontale, luisante, lisse, \u00e0 bord car\u00e9n\u00e9-aigu. Esp\u00e8ce polymorphe.<\/p>\n<div id=\"attachment_2707\" style=\"width: 370px\" class=\"wp-caption aligncenter\"><a href=\"https:\/\/www.preservons-la-nature.fr\/blog\/wp-content\/uploads\/2014\/02\/DSC08116.jpg\"><img loading=\"lazy\" decoding=\"async\" aria-describedby=\"caption-attachment-2707\" class=\" wp-image-2707\" title=\"Chenopodium album L. ( Ch\u00e9nopode blanc )\" alt=\"Chenopodium album L. ( Ch\u00e9nopode blanc )\" src=\"https:\/\/www.preservons-la-nature.fr\/blog\/wp-content\/uploads\/2014\/02\/DSC08116.jpg\" width=\"360\" height=\"540\" srcset=\"https:\/\/preservons-la-nature.fr\/blog\/wp-content\/uploads\/2014\/02\/DSC08116.jpg 400w, https:\/\/preservons-la-nature.fr\/blog\/wp-content\/uploads\/2014\/02\/DSC08116-200x300.jpg 200w\" sizes=\"auto, (max-width: 360px) 100vw, 360px\" \/><\/a><p id=\"caption-attachment-2707\" class=\"wp-caption-text\">Chenopodium album L. ( Ch\u00e9nopode blanc )<\/p><\/div>\n<p><span style=\"text-decoration: underline;\">Pr\u00e9sent dans le(s) d\u00e9partement(s) suivant(s) :<\/span><br \/>\nAisne, Allier, Alpes-de-Haute-Provence, Alpes-Maritimes, Ardennes, Aube, Aveyron, Bas-Rhin, Bouches-du-Rh\u00f4ne, Calvados, Cantal, Charente-Maritime, Cher, Corr\u00e8ze, Corse-du-Sud, C\u00f4te-d&rsquo;Or, C\u00f4tes-d&rsquo;Armor, Creuse, Deux-S\u00e8vres, Dordogne, Doubs, Dr\u00f4me, Essonne, Eure, Eure-et-Loir, Finist\u00e8re, Gard, Haute-Corse, Haute-Loire, Haute-Marne, Hautes-Alpes, Haute-Sa\u00f4ne, Haute-Vienne, Haut-Rhin, Hauts-de-Seine, Ille-et-Vilaine, Indre, Indre-et-Loire, Is\u00e8re, Jura, Landes, Loire-Atlantique, Loiret, Loir-et-Cher, Lot, Lot-et-Garonne, Loz\u00e8re, Maine-et-Loire, Manche, Marne, Mayenne, Meurthe-et-Moselle, Meuse, Morbihan, Moselle, Ni\u00e8vre, Nord, Oise, Orne, Paris, Pas-de-Calais, Puy-de-D\u00f4me, Pyr\u00e9n\u00e9es-Orientales, Sa\u00f4ne-et-Loire, Sarthe, Seine-et-Marne, Seine-Maritime, Seine-Saint-Denis, Somme, Tarn-et-Garonne, Territoire-de-Belfort, Val-de-Marne, Val-d&rsquo;Oise, Var, Vaucluse, Vend\u00e9e, Vienne, Vosges, Yonne, Yvelines.<\/p>\n<div id=\"attachment_2708\" style=\"width: 610px\" class=\"wp-caption aligncenter\"><a href=\"https:\/\/www.preservons-la-nature.fr\/blog\/?attachment_id=2708\" rel=\"attachment wp-att-2708\"><img loading=\"lazy\" decoding=\"async\" aria-describedby=\"caption-attachment-2708\" class=\"size-full wp-image-2708\" alt=\"R\u00e9partition de Chenopodium album L. ( Ch\u00e9nopode blanc )\" src=\"https:\/\/www.preservons-la-nature.fr\/blog\/wp-content\/uploads\/2014\/02\/carte14.jpg\" width=\"600\" height=\"600\" srcset=\"https:\/\/preservons-la-nature.fr\/blog\/wp-content\/uploads\/2014\/02\/carte14.jpg 600w, https:\/\/preservons-la-nature.fr\/blog\/wp-content\/uploads\/2014\/02\/carte14-150x150.jpg 150w, https:\/\/preservons-la-nature.fr\/blog\/wp-content\/uploads\/2014\/02\/carte14-300x300.jpg 300w\" sizes=\"auto, (max-width: 600px) 100vw, 600px\" \/><\/a><p id=\"caption-attachment-2708\" class=\"wp-caption-text\">R\u00e9partition de Chenopodium album L. ( Ch\u00e9nopode blanc )<\/p><\/div>\n<p><span style=\"text-decoration: underline;\">Phytosociologie :<\/span><i><\/i><\/p>\n<table>\n<tbody>\n<tr>\n<td>Ordre<\/td>\n<td>Classe<\/td>\n<\/tr>\n<tr>\n<td><strong>Chenopodietalia albi<\/strong><\/td>\n<td><strong>Stellarietea mediae<\/strong><\/td>\n<\/tr>\n<tr>\n<td>Communaut\u00e9s principalement des cultures sarcl\u00e9es, sur sol eutrophe.<\/td>\n<td>V\u00e9g\u00e9tation annuelle, nitrophile, commensale des cultures annuelles ou sarcl\u00e9es.<\/td>\n<\/tr>\n<\/tbody>\n<\/table>\n<table>\n<tbody>\n<tr>\n<td>Alliance<\/td>\n<td>Ordre<\/td>\n<td>Classe<\/td>\n<\/tr>\n<tr>\n<td><strong>Chenopodion rubri<\/strong><\/td>\n<td><strong>Bidentetalia tripartitae<\/strong><\/td>\n<td><strong>Bidentetea tripartitae<\/strong><\/td>\n<\/tr>\n<tr>\n<td>Communaut\u00e9s des sols sableux \u00e0 graveleux, parfois envas\u00e9s.<\/td>\n<td><\/td>\n<td>V\u00e9g\u00e9tation pionni\u00e8re annuelle et hygrophile des sols enrichis en azote, s&rsquo;ass\u00e9chant partiellement en \u00e9t\u00e9.<\/td>\n<\/tr>\n<\/tbody>\n<\/table>\n<table>\n<tbody>\n<tr>\n<td>Alliance<\/td>\n<td>Ordre<\/td>\n<td>Classe<\/td>\n<\/tr>\n<tr>\n<td><strong>Panico crus-galli-Setarion viridis<\/strong><\/td>\n<td><strong>Chenopodietalia albi<\/strong><\/td>\n<td><strong>Stellarietea mediae<\/strong><\/td>\n<\/tr>\n<tr>\n<td>Communaut\u00e9s eurosib\u00e9riennes sur sol acidicline \u00e0 dominante limoneuse ou sableuse.<\/td>\n<td>Communaut\u00e9s principalement des cultures sarcl\u00e9es, sur sol eutrophe.<\/td>\n<td>V\u00e9g\u00e9tation annuelle, nitrophile, commensale des cultures annuelles ou sarcl\u00e9es.<\/td>\n<\/tr>\n<\/tbody>\n<\/table>\n<table>\n<tbody>\n<tr>\n<td>Alliance<\/td>\n<td>Ordre<\/td>\n<td>Classe<\/td>\n<\/tr>\n<tr>\n<td><strong>Scleranthion annui<\/strong><\/td>\n<td><strong>Aperetalia spicae-venti<\/strong><\/td>\n<td><strong>Stellarietea mediae<\/strong><\/td>\n<\/tr>\n<tr>\n<td>Communaut\u00e9s eurosib\u00e9riennes.<\/td>\n<td>Communaut\u00e9s des cultures et moissons sur sols sablonneux plus ou moins acides.<\/td>\n<td>V\u00e9g\u00e9tation annuelle, nitrophile, commensale des cultures annuelles ou sarcl\u00e9es.<\/td>\n<\/tr>\n<\/tbody>\n<\/table>\n<table>\n<tbody>\n<tr>\n<td>Alliance<\/td>\n<td>Ordre<\/td>\n<td>Classe<\/td>\n<\/tr>\n<tr>\n<td><strong>Veronico agrestis-Euphorbion peplus<\/strong><\/td>\n<td><strong>Chenopodietalia albi<\/strong><\/td>\n<td><strong>Stellarietea mediae<\/strong><\/td>\n<\/tr>\n<tr>\n<td>Communaut\u00e9s eurosib\u00e9riennes sur sol tr\u00e8s fertile et enrichi en mati\u00e8re organique.<\/td>\n<td>Communaut\u00e9s principalement des cultures sarcl\u00e9es, sur sol eutrophe.<\/td>\n<td>V\u00e9g\u00e9tation annuelle, nitrophile, commensale des cultures annuelles ou sarcl\u00e9es.<\/td>\n<\/tr>\n<\/tbody>\n<\/table>\n<p><span style=\"text-decoration: underline;\">Taxonomie :<\/span><br \/>\n<i>Chenopodium album L.<\/i> a pour synonymes (Informations issues de la BDTFX Version 2.0, <a href=\"http:\/\/www.tela-botanica.org\" target=\"_blank\">Tela Botanica<\/a>) :<i><br \/>\n&#8211; Anserina candicans Friche-Joset &amp; Montandon<br \/>\n&#8211; Atriplex alba (L.) Crantz<br \/>\n&#8211; Botrys alba (L.) Nieuwl.<br \/>\n&#8211; Chenopodium agreste E.H.L.Krause<br \/>\n&#8211; Chenopodium album subsp. concatenatum (Thuill.) Sch\u00fcbler &amp; G.Martens<br \/>\n&#8211; Chenopodium album subsp. pedunculare (Bertol.) Arcang.<br \/>\n&#8211; Chenopodium album subsp. reticulatum (Aellen) Beaug\u00e9 ex Greuter &amp; Burdet<br \/>\n&#8211; Chenopodium album subsp. spicatum (W.D.J.Koch) Ny\u00e1r.<br \/>\n&#8211; Chenopodium album subsp. viride (L.) Arcang.<br \/>\n&#8211; Chenopodium album subsp. viride J.Murray<br \/>\n&#8211; Chenopodium album var. integrifolium Cariot &amp; St.-Lag.<br \/>\n&#8211; Chenopodium album var. missouriense (Aellen) Bassett &amp; Crompton<br \/>\n&#8211; Chenopodium album var. reticulatum (Aellen) Uotila<br \/>\n&#8211; Chenopodium album var. spicatum W.D.J.Koch<br \/>\n&#8211; Chenopodium album var. stenophyllum Makino<br \/>\n&#8211; Chenopodium bernburgense J.Murray<br \/>\n&#8211; Chenopodium browneanum Roem. &amp; Schult.<br \/>\n&#8211; Chenopodium candicans Lam.<br \/>\n&#8211; Chenopodium concatenatum Thuill.<br \/>\n&#8211; Chenopodium glomerulosum Rchb.<br \/>\n&#8211; Chenopodium lanceolatum M\u00fchl. ex Willd.<br \/>\n&#8211; Chenopodium lanceolatum R.Br.<br \/>\n&#8211; Chenopodium leiospermum DC.<br \/>\n&#8211; Chenopodium linciense J.Murray<br \/>\n&#8211; Chenopodium microphyllum Boenn.<br \/>\n&#8211; Chenopodium missouriense Aellen<br \/>\n&#8211; Chenopodium neglectum Dumort.<br \/>\n&#8211; Chenopodium opulaceum Neck.<br \/>\n&#8211; Chenopodium paganum Rchb.<br \/>\n&#8211; Chenopodium pedunculare Bertol.<br \/>\n&#8211; Chenopodium praeacutum (Beck) J.Murray<br \/>\n&#8211; Chenopodium precatorium Dumort.<br \/>\n&#8211; Chenopodium reticulatum Aellen<br \/>\n&#8211; Chenopodium spegazzinii F.Dvor\u00e1k<br \/>\n&#8211; Chenopodium stenophyllum (Makino) Koidz.<br \/>\n&#8211; Chenopodium virgatum Thunb.<br \/>\n&#8211; Chenopodium viride L.<br \/>\n&#8211; Chenopodium viridescens (St.-Amans) Dalla Torre &amp; Sarnth.<br \/>\n&#8211; Chenopodium zobelli F.Ludw. &amp; Aellen<br \/>\n&#8211; Vulvaria albescens Bubani<br \/>\n<\/i><br \/>\n<span style=\"text-decoration: underline;\">Sous-esp\u00e8ces ou vari\u00e9t\u00e9s :<\/span><br \/>\n<i>&#8211; Chenopodium album L. subsp. album<br \/>\n&#8211; Chenopodium album n-subsp. borbasii (J.Murray) So\u00f3<br \/>\n&#8211; Chenopodium album subsp. amaranthicolor H.J.Coste &amp; Reyn.<br \/>\n&#8211; Chenopodium album subsp. opulifolium (Schrad. ex W.D.J.Koch &amp; Ziz) Batt.<br \/>\n<\/i><\/p>\n","protected":false},"excerpt":{"rendered":"<p>Une fiche plus r&eacute;cente existe, vous pouvez la consulter ICI Nom : Chenopodium album L. ( Ch\u00e9nopode blanc ) Famille : AMARANTHACEAE Floraison : Juin &#8211; Octobre Description dans la flore de Coste : Plante annuelle de 20 cm \u00e0 &hellip; <a href=\"https:\/\/preservons-la-nature.fr\/blog\/?p=2705\">Continuer la lecture <span class=\"meta-nav\">&rarr;<\/span><\/a><\/p>\n","protected":false},"author":1,"featured_media":0,"comment_status":"open","ping_status":"open","sticky":false,"template":"","format":"standard","meta":{"footnotes":""},"categories":[102],"tags":[106],"class_list":["post-2705","post","type-post","status-publish","format-standard","hentry","category-fiche-partielle-de-plantes","tag-amaranthacees"],"_links":{"self":[{"href":"https:\/\/preservons-la-nature.fr\/blog\/index.php?rest_route=\/wp\/v2\/posts\/2705","targetHints":{"allow":["GET"]}}],"collection":[{"href":"https:\/\/preservons-la-nature.fr\/blog\/index.php?rest_route=\/wp\/v2\/posts"}],"about":[{"href":"https:\/\/preservons-la-nature.fr\/blog\/index.php?rest_route=\/wp\/v2\/types\/post"}],"author":[{"embeddable":true,"href":"https:\/\/preservons-la-nature.fr\/blog\/index.php?rest_route=\/wp\/v2\/users\/1"}],"replies":[{"embeddable":true,"href":"https:\/\/preservons-la-nature.fr\/blog\/index.php?rest_route=%2Fwp%2Fv2%2Fcomments&post=2705"}],"version-history":[{"count":1,"href":"https:\/\/preservons-la-nature.fr\/blog\/index.php?rest_route=\/wp\/v2\/posts\/2705\/revisions"}],"predecessor-version":[{"id":2709,"href":"https:\/\/preservons-la-nature.fr\/blog\/index.php?rest_route=\/wp\/v2\/posts\/2705\/revisions\/2709"}],"wp:attachment":[{"href":"https:\/\/preservons-la-nature.fr\/blog\/index.php?rest_route=%2Fwp%2Fv2%2Fmedia&parent=2705"}],"wp:term":[{"taxonomy":"category","embeddable":true,"href":"https:\/\/preservons-la-nature.fr\/blog\/index.php?rest_route=%2Fwp%2Fv2%2Fcategories&post=2705"},{"taxonomy":"post_tag","embeddable":true,"href":"https:\/\/preservons-la-nature.fr\/blog\/index.php?rest_route=%2Fwp%2Fv2%2Ftags&post=2705"}],"curies":[{"name":"wp","href":"https:\/\/api.w.org\/{rel}","templated":true}]}}