{"id":2698,"date":"2014-03-05T00:36:13","date_gmt":"2014-03-04T23:36:13","guid":{"rendered":"https:\/\/www.preservons-la-nature.fr\/blog\/?p=2698"},"modified":"2014-10-29T10:49:06","modified_gmt":"2014-10-29T09:49:06","slug":"allium-sphaerocephalon-l-ail-a-tete-ronde-2","status":"publish","type":"post","link":"https:\/\/preservons-la-nature.fr\/blog\/?p=2698","title":{"rendered":"Allium sphaerocephalon L. ( Ail \u00e0 t\u00eate ronde )"},"content":{"rendered":"<p><STRONG>Une fiche plus r\u00e9cente existe, vous pouvez la consulter <a href=\"https:\/\/www.preservons-la-nature.fr\/flore\/taxon\/44.html\">ICI<\/a><\/STRONG><\/p>\n<div id=\"attachment_2701\" style=\"width: 370px\" class=\"wp-caption aligncenter\"><a href=\"https:\/\/www.preservons-la-nature.fr\/blog\/wp-content\/uploads\/2014\/03\/DSC06703.jpg\"><img loading=\"lazy\" decoding=\"async\" aria-describedby=\"caption-attachment-2701\" class=\" wp-image-2701\" title=\"Allium sphaerocephalon L. ( Ail \u00e0 t\u00eate ronde )\" alt=\"Allium sphaerocephalon L. ( Ail \u00e0 t\u00eate ronde )\" src=\"https:\/\/www.preservons-la-nature.fr\/blog\/wp-content\/uploads\/2014\/03\/DSC06703.jpg\" width=\"360\" height=\"540\" srcset=\"https:\/\/preservons-la-nature.fr\/blog\/wp-content\/uploads\/2014\/03\/DSC06703.jpg 400w, https:\/\/preservons-la-nature.fr\/blog\/wp-content\/uploads\/2014\/03\/DSC06703-200x300.jpg 200w\" sizes=\"auto, (max-width: 360px) 100vw, 360px\" \/><\/a><p id=\"caption-attachment-2701\" class=\"wp-caption-text\">Allium sphaerocephalon L. ( Ail \u00e0 t\u00eate ronde )<\/p><\/div>\n<p><span style=\"text-decoration: underline;\">Nom :<\/span> <i>Allium sphaerocephalon L.<\/i> ( Ail \u00e0 t\u00eate ronde )<\/p>\n<p><span style=\"text-decoration: underline;\">Famille :<\/span> AMARYLLIDACEAE<\/p>\n<p><span style=\"text-decoration: underline;\">Floraison :<\/span> Juin &#8211; Ao\u00fbt<\/p>\n<p><span style=\"text-decoration: underline;\">Protection :<\/span><br \/>\n&#8211; Liste rouge europ\u00e9enne IUCN 2012 LC<\/p>\n<p><span style=\"text-decoration: underline;\">Description dans la flore de Coste :<\/span><br \/>\nPlante vivace de 30-80 cm, glabre, \u00e0 bulbe ovo\u00efde surmont\u00e9 de plusieurs bulbilles ; tige cylindrique, pleine, feuill\u00e9e jusqu&rsquo;au milieu ; feuilles demi-cylindriques, creuses, canalicul\u00e9es, glauques ; spathe \u00e0 1-2 valves courtes, ovales-aigu\u00ebs ; fleurs rose vif, nombreuses, serr\u00e9es, en t\u00eate globuleuse ou ovale, ordinairement sans bulbilles ; p\u00e9dicelles graduellement \u00e9paissis sous la fleur, aussi longs ou plus longs quelle ; p\u00e9rianthe en cloche ; \u00e9tamines saillantes, les 3 int\u00e9rieures \u00e0 filets trifides, la pointe m\u00e9diane un peu plus longue ; capsule \u00e0 sommet non ombiliqu\u00e9.<\/p>\n<div id=\"attachment_2700\" style=\"width: 650px\" class=\"wp-caption aligncenter\"><a href=\"https:\/\/www.preservons-la-nature.fr\/blog\/wp-content\/uploads\/2014\/03\/DSC05764.jpg\"><img loading=\"lazy\" decoding=\"async\" aria-describedby=\"caption-attachment-2700\" class=\" wp-image-2700 \" title=\"Allium sphaerocephalon L. ( Ail \u00e0 t\u00eate ronde )\" alt=\"Allium sphaerocephalon L. ( Ail \u00e0 t\u00eate ronde )\" src=\"https:\/\/www.preservons-la-nature.fr\/blog\/wp-content\/uploads\/2014\/03\/DSC05764.jpg\" width=\"640\" height=\"426\" srcset=\"https:\/\/preservons-la-nature.fr\/blog\/wp-content\/uploads\/2014\/03\/DSC05764.jpg 800w, https:\/\/preservons-la-nature.fr\/blog\/wp-content\/uploads\/2014\/03\/DSC05764-300x199.jpg 300w\" sizes=\"auto, (max-width: 640px) 100vw, 640px\" \/><\/a><p id=\"caption-attachment-2700\" class=\"wp-caption-text\">Allium sphaerocephalon L. ( Ail \u00e0 t\u00eate ronde )<\/p><\/div>\n<p><span style=\"text-decoration: underline;\">Pr\u00e9sent dans le(s) d\u00e9partement(s) suivant(s) :<\/span><br \/>\nAin, Aisne, Alpes-de-Haute-Provence, Alpes-Maritimes, Ard\u00e8che, Ardennes, Ari\u00e8ge, Aube, Aude, Bas-Rhin, Bouches-du-Rh\u00f4ne, Calvados, Cantal, Charente-Maritime, Cher, Corr\u00e8ze, C\u00f4te-d&rsquo;Or, C\u00f4tes-d&rsquo;Armor, Creuse, Deux-S\u00e8vres, Dordogne, Doubs, Essonne, Eure, Eure-et-Loir, Finist\u00e8re, Haute-Garonne, Haute-Loire, Haute-Marne, Hautes-Alpes, Haute-Sa\u00f4ne, Haute-Savoie, Haute-Vienne, Haut-Rhin, Hauts-de-Seine, Ille-et-Vilaine, Indre, Indre-et-Loire, Is\u00e8re, Jura, Landes, Loire-Atlantique, Loiret, Loir-et-Cher, Lot, Lot-et-Garonne, Loz\u00e8re, Maine-et-Loire, Manche, Marne, Mayenne, Meurthe-et-Moselle, Meuse, Morbihan, Moselle, Ni\u00e8vre, Nord, Orne, Puy-de-D\u00f4me, Pyr\u00e9n\u00e9es-Atlantiques, Sa\u00f4ne-et-Loire, Sarthe, Seine-et-Marne, Seine-Maritime, Tarn-et-Garonne, Territoire-de-Belfort, Val-de-Marne, Val-d&rsquo;Oise, Var, Vaucluse, Vend\u00e9e, Vienne, Vosges, Yonne, Yvelines.<\/p>\n<div id=\"attachment_2703\" style=\"width: 610px\" class=\"wp-caption aligncenter\"><a href=\"https:\/\/www.preservons-la-nature.fr\/blog\/?attachment_id=2703\" rel=\"attachment wp-att-2703\"><img loading=\"lazy\" decoding=\"async\" aria-describedby=\"caption-attachment-2703\" class=\"size-full wp-image-2703\" alt=\"R\u00e9partition de Allium sphaerocephalon L. ( Ail \u00e0 t\u00eate ronde )\" src=\"https:\/\/www.preservons-la-nature.fr\/blog\/wp-content\/uploads\/2014\/03\/carte2.jpg\" width=\"600\" height=\"600\" srcset=\"https:\/\/preservons-la-nature.fr\/blog\/wp-content\/uploads\/2014\/03\/carte2.jpg 600w, https:\/\/preservons-la-nature.fr\/blog\/wp-content\/uploads\/2014\/03\/carte2-150x150.jpg 150w, https:\/\/preservons-la-nature.fr\/blog\/wp-content\/uploads\/2014\/03\/carte2-300x300.jpg 300w\" sizes=\"auto, (max-width: 600px) 100vw, 600px\" \/><\/a><p id=\"caption-attachment-2703\" class=\"wp-caption-text\">R\u00e9partition de Allium sphaerocephalon L. ( Ail \u00e0 t\u00eate ronde )<\/p><\/div>\n<p><span style=\"text-decoration: underline;\">Phytosociologie :<\/span><i><\/i><\/p>\n<table>\n<tbody>\n<tr>\n<td>Alliance<\/td>\n<td>Ordre<\/td>\n<td>Classe<\/td>\n<\/tr>\n<tr>\n<td><strong>Onopordion acanthii<\/strong><\/td>\n<td><strong>Onopordetalia acanthii<\/strong><\/td>\n<td><strong>Artemisietea vulgaris<\/strong><\/td>\n<\/tr>\n<tr>\n<td>Communaut\u00e9s g\u00e9n\u00e9ralement domin\u00e9es par de grands chardons, thermo-continentales et subm\u00e9diterran\u00e9ennes.<\/td>\n<td>Communaut\u00e9s thermophiles \u00e0 dominance de vivaces et de bisannuelles, eurosib\u00e9riennes \u00e0 subm\u00e9diterran\u00e9ennes.<\/td>\n<td>V\u00e9g\u00e9tation rud\u00e9rale, anthropog\u00e8ne, nitrophile \u00e0 dominance d\u2019esp\u00e8ces vivaces, eurosib\u00e9rienne et m\u00e9diterran\u00e9enne.<\/td>\n<\/tr>\n<\/tbody>\n<\/table>\n<table>\n<tbody>\n<tr>\n<td>Ordre<\/td>\n<td>Classe<\/td>\n<\/tr>\n<tr>\n<td><strong>Sedo albi-Scleranthetalia biennis<\/strong><\/td>\n<td><strong>Sedo albi-Scleranthetea biennis<\/strong><\/td>\n<\/tr>\n<tr>\n<td>Communaut\u00e9s silicicoles.<\/td>\n<td>V\u00e9g\u00e9tation pionni\u00e8re \u00e0 dominance de vivaces (souvent crassulescentes) de dalles rocheuses plus ou moins horizontales, atlantique \u00e0 m\u00e9dioeurop\u00e9enne, souvent montagnarde.<\/td>\n<\/tr>\n<\/tbody>\n<\/table>\n<table>\n<tbody>\n<tr>\n<td>Alliance<\/td>\n<td>Ordre<\/td>\n<td>Classe<\/td>\n<\/tr>\n<tr>\n<td><strong>Sedo albi-Veronicion dillenii<\/strong><\/td>\n<td><strong>Alysso alyssoidis-Sedetalia albi<\/strong><\/td>\n<td><strong>Sedo albi-Scleranthetea biennis<\/strong><\/td>\n<\/tr>\n<tr>\n<td>Communaut\u00e9s subatlantiques \u00e0 m\u00e9dioeurop\u00e9ennes, planitiaires \u00e0 montagnardes, acidoclines.<\/td>\n<td>Communaut\u00e9s calcicoles \u00e0 acidiclines.<\/td>\n<td>V\u00e9g\u00e9tation pionni\u00e8re \u00e0 dominance de vivaces (souvent crassulescentes) de dalles rocheuses plus ou moins horizontales, atlantique \u00e0 m\u00e9dioeurop\u00e9enne, souvent montagnarde.<\/td>\n<\/tr>\n<\/tbody>\n<\/table>\n<p><span style=\"text-decoration: underline;\">Taxonomie :<\/span><br \/>\n<i>Allium sphaerocephalon L.<\/i> a pour synonymes (Informations issues de la BDTFX Version 2.0, <a href=\"http:\/\/www.tela-botanica.org\" target=\"_blank\">Tela Botanica<\/a>) :<i><br \/>\n&#8211; Allium approximatum Gren.<br \/>\n&#8211; Allium densiflorum De Not.<br \/>\n&#8211; Allium descendens L.<br \/>\n&#8211; Allium loscosii K.Richt.<br \/>\n&#8211; Allium purpureum Loscos<br \/>\n&#8211; Allium pygmaeum E.Perrier<br \/>\n&#8211; Allium rollii Terracino<br \/>\n&#8211; Allium sphaerocephalon [var.] pygmaeum (E.Perrier) P.Fourn.<br \/>\n&#8211; Allium sphaerocephalon subsp. descendens (L.) K.Richt.<br \/>\n&#8211; Allium sphaerocephalon subsp. descendens Asch. &amp; Graebn.<br \/>\n&#8211; Allium sphaerocephalon var. densiflorum (De Not.) Rouy<br \/>\n&#8211; Allium sphaerocephalon var. descendens (L.) P.Fourn.<br \/>\n&#8211; Allium sphaerocephalon var. descendens (L.) Regel<br \/>\n&#8211; Allium veronense Pollini<br \/>\n&#8211; Porrum descendens (L.) Rchb.<br \/>\n&#8211; Porrum sphaerocephalon (L.) Rchb.<br \/>\n<\/i><br \/>\n<span style=\"text-decoration: underline;\">Sous-esp\u00e8ces ou vari\u00e9t\u00e9s :<\/span><br \/>\n<i>&#8211; Allium sphaerocephalon L. subsp. sphaerocephalon<br \/>\n<\/i><\/p>\n","protected":false},"excerpt":{"rendered":"<p>Une fiche plus r\u00e9cente existe, vous pouvez la consulter ICI Nom : Allium sphaerocephalon L. ( Ail \u00e0 t\u00eate ronde ) Famille : AMARYLLIDACEAE Floraison : Juin &#8211; Ao\u00fbt Protection : &#8211; Liste rouge europ\u00e9enne IUCN 2012 LC Description dans &hellip; <a href=\"https:\/\/preservons-la-nature.fr\/blog\/?p=2698\">Continuer la lecture <span class=\"meta-nav\">&rarr;<\/span><\/a><\/p>\n","protected":false},"author":1,"featured_media":0,"comment_status":"open","ping_status":"open","sticky":false,"template":"","format":"standard","meta":{"footnotes":""},"categories":[102],"tags":[97],"class_list":["post-2698","post","type-post","status-publish","format-standard","hentry","category-fiche-partielle-de-plantes","tag-amaryllidacees"],"_links":{"self":[{"href":"https:\/\/preservons-la-nature.fr\/blog\/index.php?rest_route=\/wp\/v2\/posts\/2698","targetHints":{"allow":["GET"]}}],"collection":[{"href":"https:\/\/preservons-la-nature.fr\/blog\/index.php?rest_route=\/wp\/v2\/posts"}],"about":[{"href":"https:\/\/preservons-la-nature.fr\/blog\/index.php?rest_route=\/wp\/v2\/types\/post"}],"author":[{"embeddable":true,"href":"https:\/\/preservons-la-nature.fr\/blog\/index.php?rest_route=\/wp\/v2\/users\/1"}],"replies":[{"embeddable":true,"href":"https:\/\/preservons-la-nature.fr\/blog\/index.php?rest_route=%2Fwp%2Fv2%2Fcomments&post=2698"}],"version-history":[{"count":4,"href":"https:\/\/preservons-la-nature.fr\/blog\/index.php?rest_route=\/wp\/v2\/posts\/2698\/revisions"}],"predecessor-version":[{"id":4102,"href":"https:\/\/preservons-la-nature.fr\/blog\/index.php?rest_route=\/wp\/v2\/posts\/2698\/revisions\/4102"}],"wp:attachment":[{"href":"https:\/\/preservons-la-nature.fr\/blog\/index.php?rest_route=%2Fwp%2Fv2%2Fmedia&parent=2698"}],"wp:term":[{"taxonomy":"category","embeddable":true,"href":"https:\/\/preservons-la-nature.fr\/blog\/index.php?rest_route=%2Fwp%2Fv2%2Fcategories&post=2698"},{"taxonomy":"post_tag","embeddable":true,"href":"https:\/\/preservons-la-nature.fr\/blog\/index.php?rest_route=%2Fwp%2Fv2%2Ftags&post=2698"}],"curies":[{"name":"wp","href":"https:\/\/api.w.org\/{rel}","templated":true}]}}