{"id":2692,"date":"2014-03-04T00:32:00","date_gmt":"2014-03-03T23:32:00","guid":{"rendered":"https:\/\/www.preservons-la-nature.fr\/blog\/?p=2692"},"modified":"2014-10-29T12:39:16","modified_gmt":"2014-10-29T11:39:16","slug":"aegopodium-podagraria-l-herbe-aux-goutteux","status":"publish","type":"post","link":"https:\/\/preservons-la-nature.fr\/blog\/?p=2692","title":{"rendered":"Aegopodium podagraria L. ( Herbe aux goutteux )"},"content":{"rendered":"<p><STRONG>Une fiche plus r&eacute;cente existe, vous pouvez la consulter <a href=\"https:\/\/www.preservons-la-nature.fr\/flore\/taxon\/27.html\">ICI<\/a><\/STRONG><\/p>\n<div id=\"attachment_2694\" style=\"width: 370px\" class=\"wp-caption aligncenter\"><a href=\"https:\/\/www.preservons-la-nature.fr\/blog\/wp-content\/uploads\/2014\/03\/DSC09110.jpg\"><img loading=\"lazy\" decoding=\"async\" aria-describedby=\"caption-attachment-2694\" class=\" wp-image-2694 \" title=\"Aegopodium podagraria L. ( Herbe aux goutteux )\" alt=\"Aegopodium podagraria L. ( Herbe aux goutteux )\" src=\"https:\/\/www.preservons-la-nature.fr\/blog\/wp-content\/uploads\/2014\/03\/DSC09110.jpg\" width=\"360\" height=\"540\" srcset=\"https:\/\/preservons-la-nature.fr\/blog\/wp-content\/uploads\/2014\/03\/DSC09110.jpg 400w, https:\/\/preservons-la-nature.fr\/blog\/wp-content\/uploads\/2014\/03\/DSC09110-200x300.jpg 200w\" sizes=\"auto, (max-width: 360px) 100vw, 360px\" \/><\/a><p id=\"caption-attachment-2694\" class=\"wp-caption-text\">Aegopodium podagraria L. ( Herbe aux goutteux )<\/p><\/div>\n<p><span style=\"text-decoration: underline;\">Nom :<\/span> <i>Aegopodium podagraria L.<\/i> ( Herbe aux goutteux )<\/p>\n<p><span style=\"text-decoration: underline;\">Autre(s) nom(s) :<\/span><br \/>\nFausse Ang\u00e9lique, Podagraire.<\/p>\n<p><span style=\"text-decoration: underline;\">Famille :<\/span> APIACEAE<\/p>\n<p><span style=\"text-decoration: underline;\">Floraison :<\/span> Mai &#8211; Ao\u00fbt<\/p>\n<p><span style=\"text-decoration: underline;\">Description dans la flore de Coste :<\/span><br \/>\nPlante vivace de 30-80 cm, glabre, \u00e0 souche longuement rampante ; tige robuste, creuse, cannel\u00e9e, peu rameuse ; feuilles inf\u00e9rieures longuement p\u00e9tiol\u00e9es, bitern\u00e9es, \u00e0 folioles larges de 3-4 cm, ovales-lanc\u00e9ol\u00e9es, aigu\u00ebs, in\u00e9galement dent\u00e9es en scie, les caulinaires sessiles sur la gaine et tern\u00e9es ; fleurs blanches, en ombelles \u00e0 12-20 rayons gr\u00eales presque \u00e9gaux, la centrale seule fertile ; involucre et involucelle nuls ; calice \u00e0 limbe nul ; p\u00e9tales obovales, \u00e9margin\u00e9s, \u00e0 pointe courb\u00e9e ; styles r\u00e9fl\u00e9chis, 3 fois plus longs que le stylopode conique; fruit petit, ovo\u00efde-oblong, comprim\u00e9 par le c\u00f4t\u00e9, glabre ; m\u00e9ricarpes \u00e0 bords contigus, \u00e0 5 c\u00f4tes filiformes \u00e9gales ; vall\u00e9cules sans bandelettes ; graine \u00e0 face commissurale plane.<\/p>\n<p><span style=\"text-decoration: underline;\">Usages \/ particularit\u00e9s :<\/span><br \/>\nElle \u00e9tait autrefois pr\u00e9conis\u00e9e contre la goutte. Ses feuilles cuites \u00e0 la vapeur constituent un excellent l\u00e9gume.<\/p>\n<p><span style=\"text-decoration: underline;\">R\u00e9partition fran\u00e7aise :<\/span><br \/>\nElle est pr\u00e9sente dans les lieux frais et ombrag\u00e9s dans toute la France. Elle plus rare dans le sud.<\/p>\n<p><span style=\"text-decoration: underline;\">Pr\u00e9sent dans le(s) d\u00e9partement(s) suivant(s) :<\/span><br \/>\nAin, Aisne, Alpes-de-Haute-Provence, Alpes-Maritimes, Ardennes, Aube, Aveyron, Bas-Rhin, Calvados, Cantal, Cher, Corr\u00e8ze, C\u00f4te-d&rsquo;Or, C\u00f4tes-d&rsquo;Armor, Deux-S\u00e8vres, Dordogne, Doubs, Dr\u00f4me, Essonne, Eure, Eure-et-Loir, Finist\u00e8re, Gers, Haute-Loire, Haute-Marne, Hautes-Alpes, Haute-Sa\u00f4ne, Haute-Savoie, Haute-Vienne, Haut-Rhin, Hauts-de-Seine, Ille-et-Vilaine, Indre, Indre-et-Loire, Is\u00e8re, Jura, Loire-Atlantique, Loiret, Loir-et-Cher, Lot, Lot-et-Garonne, Loz\u00e8re, Maine-et-Loire, Manche, Marne, Mayenne, Meurthe-et-Moselle, Meuse, Morbihan, Moselle, Ni\u00e8vre, Nord, Oise, Orne, Paris, Pas-de-Calais, Puy-de-D\u00f4me, Sa\u00f4ne-et-Loire, Sarthe, Seine-et-Marne, Seine-Maritime, Seine-Saint-Denis, Somme, TerritoiredeBelfort, Val-de-Marne, Val-d&rsquo;Oise, Var, Vaucluse, Vend\u00e9e, Vienne, Vosges, Yonne, Yvelines.<\/p>\n<div id=\"attachment_2696\" style=\"width: 610px\" class=\"wp-caption aligncenter\"><a href=\"https:\/\/www.preservons-la-nature.fr\/blog\/?attachment_id=2696\" rel=\"attachment wp-att-2696\"><img loading=\"lazy\" decoding=\"async\" aria-describedby=\"caption-attachment-2696\" class=\"size-full wp-image-2696\" alt=\"R\u00e9partition de Aegopodium podagraria L. ( Herbe aux goutteux )\" src=\"https:\/\/www.preservons-la-nature.fr\/blog\/wp-content\/uploads\/2014\/03\/carte1.jpg\" width=\"600\" height=\"600\" srcset=\"https:\/\/preservons-la-nature.fr\/blog\/wp-content\/uploads\/2014\/03\/carte1.jpg 600w, https:\/\/preservons-la-nature.fr\/blog\/wp-content\/uploads\/2014\/03\/carte1-150x150.jpg 150w, https:\/\/preservons-la-nature.fr\/blog\/wp-content\/uploads\/2014\/03\/carte1-300x300.jpg 300w\" sizes=\"auto, (max-width: 600px) 100vw, 600px\" \/><\/a><p id=\"caption-attachment-2696\" class=\"wp-caption-text\">R\u00e9partition de Aegopodium podagraria L. ( Herbe aux goutteux )<\/p><\/div>\n<p><span style=\"text-decoration: underline;\">Phytosociologie :<\/span><i><\/i><\/p>\n<table>\n<tbody>\n<tr>\n<td>Alliance<\/td>\n<td>Ordre<\/td>\n<td>Classe<\/td>\n<\/tr>\n<tr>\n<td><strong>Aegopodion podagrariae<\/strong><\/td>\n<td><strong>Galio aparines-Alliarietalia petiolatae<\/strong><\/td>\n<td><strong>Galio aparines-Urticetea dioicae<\/strong><\/td>\n<\/tr>\n<tr>\n<td>Communaut\u00e9s hygroclines, h\u00e9mih\u00e9liophiles.<\/td>\n<td>Communaut\u00e9s des sols bien aliment\u00e9s en eau.<\/td>\n<td>V\u00e9g\u00e9tation d&rsquo;ourlets nitrophiles des sols plus ou moins humides.<\/td>\n<\/tr>\n<\/tbody>\n<\/table>\n<table>\n<tbody>\n<tr>\n<td>Alliance<\/td>\n<td>Sous-ordre<\/td>\n<td>Ordre<\/td>\n<td>Classe<\/td>\n<\/tr>\n<tr>\n<td><strong>Alnion incanae<\/strong><\/td>\n<td><strong>Alno glutinosae-Ulmenalia minoris<\/strong><\/td>\n<td><strong>Populetalia albae<\/strong><\/td>\n<td><strong>Querco roboris-Fagetea sylvaticae<\/strong><\/td>\n<\/tr>\n<tr>\n<td><\/td>\n<td>Communaut\u00e9s de l&rsquo;Europe temp\u00e9r\u00e9e.<\/td>\n<td>Communaut\u00e9s riveraines non mar\u00e9cageuses.<\/td>\n<td>For\u00eats temp\u00e9r\u00e9es caducifoli\u00e9es ou mixtes, collin\u00e9ennes et montagnardes (plus rarement subalpines), ainsi que supram\u00e9diterran\u00e9ennes.<\/td>\n<\/tr>\n<\/tbody>\n<\/table>\n<table>\n<tbody>\n<tr>\n<td>Alliance<\/td>\n<td>Ordre<\/td>\n<td>Classe<\/td>\n<\/tr>\n<tr>\n<td><strong>Convolvulion sepium<\/strong><\/td>\n<td><strong>Convolvuletalia sepium<\/strong><\/td>\n<td><strong>Filipendulo ulmariae-Convolvuletea sepium<\/strong><\/td>\n<\/tr>\n<tr>\n<td>Communaut\u00e9s de la partie moyenne et sup\u00e9rieure des cours d&rsquo;eau et des bordures de lac.<\/td>\n<td><\/td>\n<td>M\u00e9gaphorbiaies planitiaires \u00e0 montagnardes, m\u00e9so-eutrophes, des stations plus ou moins inondables \u00e0 humides.<\/td>\n<\/tr>\n<\/tbody>\n<\/table>\n<table>\n<tbody>\n<tr>\n<td>Alliance<\/td>\n<td>Ordre<\/td>\n<td>Classe<\/td>\n<\/tr>\n<tr>\n<td><strong>Petasition officinalis<\/strong><\/td>\n<td><strong>Petasito hybridi-Chaerophylletalia hirsuti<\/strong><\/td>\n<td><strong>Filipendulo ulmariae-Convolvuletea sepium<\/strong><\/td>\n<\/tr>\n<tr>\n<td><\/td>\n<td>Communaut\u00e9s des basses terrasses de la partie amont des cours d&rsquo;eau \u00e0 tendance torrentueuse ou des d\u00e9pressions \u00e0 alimentation phr\u00e9atique lat\u00e9rale.<\/td>\n<td>M\u00e9gaphorbiaies planitiaires \u00e0 montagnardes, m\u00e9so-eutrophes, des stations plus ou moins inondables \u00e0 humides.<\/td>\n<\/tr>\n<\/tbody>\n<\/table>\n<p><span style=\"text-decoration: underline;\">Taxonomie :<\/span><br \/>\n<i>Aegopodium podagraria L.<\/i> a pour synonymes (Informations issues de la BDTFX Version 2.0, <a href=\"http:\/\/www.tela-botanica.org\" target=\"_blank\">Tela Botanica<\/a>) :<i><br \/>\n&#8211; Aegopodium angelicifolium Salisb.<br \/>\n&#8211; Aegopodium latifolium Turcz.<br \/>\n&#8211; Apium podagraria (L.) Caruel<br \/>\n&#8211; Carum podagraria (L.) Roth<br \/>\n&#8211; Ligusticum podagraria (L.) Crantz<br \/>\n&#8211; Ligusticum podagraria Roth &amp; T.Lestib.<br \/>\n&#8211; Pimpinella angelicifolia Lam.<br \/>\n&#8211; Pimpinella podagraria (L.) T.Lestib.<br \/>\n&#8211; Podagraria aegopodium Moench<br \/>\n&#8211; Podagraria erratica Bubani<br \/>\n&#8211; Selinum podagraria (L.) E.H.L.Krause<br \/>\n&#8211; Seseli aegopodium Scop.<br \/>\n&#8211; Seseli podagraria (L.) Weber<br \/>\n&#8211; Sison podagraria (L.) Spreng.<br \/>\n&#8211; Sium podagraria (L.) Weber<br \/>\n&#8211; Tragoselinum angelica Lam.<br \/>\n<\/i><\/p>\n","protected":false},"excerpt":{"rendered":"<p>Une fiche plus r&eacute;cente existe, vous pouvez la consulter ICI Nom : Aegopodium podagraria L. ( Herbe aux goutteux ) Autre(s) nom(s) : Fausse Ang\u00e9lique, Podagraire. Famille : APIACEAE Floraison : Mai &#8211; Ao\u00fbt Description dans la flore de Coste &hellip; <a href=\"https:\/\/preservons-la-nature.fr\/blog\/?p=2692\">Continuer la lecture <span class=\"meta-nav\">&rarr;<\/span><\/a><\/p>\n","protected":false},"author":1,"featured_media":0,"comment_status":"open","ping_status":"open","sticky":false,"template":"","format":"standard","meta":{"footnotes":""},"categories":[102],"tags":[58],"class_list":["post-2692","post","type-post","status-publish","format-standard","hentry","category-fiche-partielle-de-plantes","tag-apiacees"],"_links":{"self":[{"href":"https:\/\/preservons-la-nature.fr\/blog\/index.php?rest_route=\/wp\/v2\/posts\/2692","targetHints":{"allow":["GET"]}}],"collection":[{"href":"https:\/\/preservons-la-nature.fr\/blog\/index.php?rest_route=\/wp\/v2\/posts"}],"about":[{"href":"https:\/\/preservons-la-nature.fr\/blog\/index.php?rest_route=\/wp\/v2\/types\/post"}],"author":[{"embeddable":true,"href":"https:\/\/preservons-la-nature.fr\/blog\/index.php?rest_route=\/wp\/v2\/users\/1"}],"replies":[{"embeddable":true,"href":"https:\/\/preservons-la-nature.fr\/blog\/index.php?rest_route=%2Fwp%2Fv2%2Fcomments&post=2692"}],"version-history":[{"count":5,"href":"https:\/\/preservons-la-nature.fr\/blog\/index.php?rest_route=\/wp\/v2\/posts\/2692\/revisions"}],"predecessor-version":[{"id":4118,"href":"https:\/\/preservons-la-nature.fr\/blog\/index.php?rest_route=\/wp\/v2\/posts\/2692\/revisions\/4118"}],"wp:attachment":[{"href":"https:\/\/preservons-la-nature.fr\/blog\/index.php?rest_route=%2Fwp%2Fv2%2Fmedia&parent=2692"}],"wp:term":[{"taxonomy":"category","embeddable":true,"href":"https:\/\/preservons-la-nature.fr\/blog\/index.php?rest_route=%2Fwp%2Fv2%2Fcategories&post=2692"},{"taxonomy":"post_tag","embeddable":true,"href":"https:\/\/preservons-la-nature.fr\/blog\/index.php?rest_route=%2Fwp%2Fv2%2Ftags&post=2692"}],"curies":[{"name":"wp","href":"https:\/\/api.w.org\/{rel}","templated":true}]}}