{"id":2678,"date":"2014-02-03T00:07:32","date_gmt":"2014-02-02T23:07:32","guid":{"rendered":"https:\/\/www.preservons-la-nature.fr\/blog\/?p=2678"},"modified":"2014-02-15T16:17:11","modified_gmt":"2014-02-15T15:17:11","slug":"salvia-verbenaca-l-sauge-fausse-verveine","status":"publish","type":"post","link":"https:\/\/preservons-la-nature.fr\/blog\/?p=2678","title":{"rendered":"Salvia verbenaca L. ( Sauge fausse-verveine )"},"content":{"rendered":"<p><STRONG>Une fiche plus r&eacute;cente existe, vous pouvez la consulter <a href=\"https:\/\/www.preservons-la-nature.fr\/flore\/taxon\/1037.html\">ICI<\/a><\/STRONG><div id=\"attachment_2679\" style=\"width: 370px\" class=\"wp-caption aligncenter\"><a href=\"https:\/\/www.preservons-la-nature.fr\/blog\/wp-content\/uploads\/2014\/02\/DSC08160.jpg\"><img loading=\"lazy\" decoding=\"async\" aria-describedby=\"caption-attachment-2679\" class=\" wp-image-2679 \" title=\"Salvia verbenaca L. ( Sauge fausse-verveine )\" alt=\"Salvia verbenaca L. ( Sauge fausse-verveine )\" src=\"https:\/\/www.preservons-la-nature.fr\/blog\/wp-content\/uploads\/2014\/02\/DSC08160.jpg\" width=\"360\" height=\"540\" srcset=\"https:\/\/preservons-la-nature.fr\/blog\/wp-content\/uploads\/2014\/02\/DSC08160.jpg 400w, https:\/\/preservons-la-nature.fr\/blog\/wp-content\/uploads\/2014\/02\/DSC08160-200x300.jpg 200w\" sizes=\"auto, (max-width: 360px) 100vw, 360px\" \/><\/a><p id=\"caption-attachment-2679\" class=\"wp-caption-text\">Salvia verbenaca L. ( Sauge fausse-verveine )<\/p><\/div><\/p>\n<p><span style=\"text-decoration: underline;\">Nom :<\/span> <i>Salvia verbenaca L.<\/i> ( Sauge fausse-verveine )<\/p>\n<p><span style=\"text-decoration: underline;\">Autre(s) nom(s) :<\/span><br \/>\nOrvale sauvage, Prud&rsquo;homme, Sauge verveine.<\/p>\n<p><span style=\"text-decoration: underline;\">Famille :<\/span> LAMIACEAE<\/p>\n<p><span style=\"text-decoration: underline;\">Floraison :<\/span> Mars &#8211; Juin<\/p>\n<p><span style=\"text-decoration: underline;\">Forme biologique :<\/span><br \/>\nH\u00e9micryptophyte.<\/p>\n<p><span style=\"text-decoration: underline;\">Description dans la flore de Coste :<\/span><br \/>\nPlante vivace de 10-50 cm, velue, odorante ; tige simple ou rameuse, velue jusqu&rsquo;\u00e0 la base, feuill\u00e9e ; feuilles oblongues, larges de 2-3 cm, cr\u00e9nel\u00e9es ou incis\u00e9es-lob\u00e9es, les sup\u00e9rieures sessiles ; fleurs assez petites, d&rsquo;un bleu violet, en verticilles \u00e9cart\u00e9s formant une longue grappe att\u00e9nu\u00e9e au sommet ; calice fructif\u00e8re \u00e0 l\u00e8vres Ouvertes, h\u00e9riss\u00e9 de poils \u00e9tal\u00e9s ; corolle de 10-15 mm, au moins 1 fois plus longue que le calice, \u00e0 l\u00e8vres assez \u00e9cart\u00e9es, in\u00e9gales, la sup\u00e9rieure concave un peu arqu\u00e9e au sommet ; style peu ou point saillant.<\/p>\n<p><span style=\"text-decoration: underline;\">Usages \/ particularit\u00e9s :<\/span><br \/>\nLa sous-esp\u00e8ce Salvia verbenaca subsp. clandestina a une tige moins feuill\u00e9e que la sous-esp\u00e8ce Salvia verbenaca subsp. verbenaca. Elle s&rsquo;en diff\u00e9rencie \u00e9galement par ses fleurs de couleur bleu p\u00e2le.<\/p>\n<div id=\"attachment_2680\" style=\"width: 370px\" class=\"wp-caption aligncenter\"><a href=\"https:\/\/www.preservons-la-nature.fr\/blog\/wp-content\/uploads\/2014\/02\/DSC08168.jpg\"><img loading=\"lazy\" decoding=\"async\" aria-describedby=\"caption-attachment-2680\" class=\" wp-image-2680 \" title=\"Salvia verbenaca L. ( Sauge fausse-verveine )\" alt=\"Salvia verbenaca L. ( Sauge fausse-verveine )\" src=\"https:\/\/www.preservons-la-nature.fr\/blog\/wp-content\/uploads\/2014\/02\/DSC08168.jpg\" width=\"360\" height=\"540\" srcset=\"https:\/\/preservons-la-nature.fr\/blog\/wp-content\/uploads\/2014\/02\/DSC08168.jpg 400w, https:\/\/preservons-la-nature.fr\/blog\/wp-content\/uploads\/2014\/02\/DSC08168-200x300.jpg 200w\" sizes=\"auto, (max-width: 360px) 100vw, 360px\" \/><\/a><p id=\"caption-attachment-2680\" class=\"wp-caption-text\">Salvia verbenaca L. ( Sauge fausse-verveine )<\/p><\/div>\n<p><span style=\"text-decoration: underline;\">Pr\u00e9sent dans le(s) d\u00e9partement(s) suivant(s) :<\/span><br \/>\nAisne, Alpes-de-Haute-Provence, Alpes-Maritimes, Aveyron, Bouches-du-Rh\u00f4ne, Calvados, Charente, Charente-Maritime, Cher, Corse-du-Sud, C\u00f4te-d&rsquo;Or, C\u00f4tes-d&rsquo;Armor, Deux-S\u00e8vres, Dordogne, Essonne, Eure, Eure-et-Loir, Finist\u00e8re, Gers, Gironde, Hautes-Alpes, Hauts-de-Seine, Ille-et-Vilaine, Indre-et-Loire, Loire-Atlantique, Loiret, Loir-et-Cher, Lot, Lot-et-Garonne, Loz\u00e8re, Maine-et-Loire, Manche, Mayenne, Morbihan, Oise, Orne, Paris, Pyr\u00e9n\u00e9es-Orientales, Sarthe, Seine-et-Marne, Seine-Maritime, Seine-Saint-Denis, Tarn-et-Garonne, Var, Vaucluse, Vend\u00e9e, Vienne, Yonne, Yvelines.<\/p>\n<div id=\"attachment_2681\" style=\"width: 610px\" class=\"wp-caption aligncenter\"><a href=\"https:\/\/www.preservons-la-nature.fr\/blog\/?attachment_id=2681\" rel=\"attachment wp-att-2681\"><img loading=\"lazy\" decoding=\"async\" aria-describedby=\"caption-attachment-2681\" class=\"size-full wp-image-2681\" alt=\"R\u00e9partition de Salvia verbenaca L. ( Sauge fausse-verveine )\" src=\"https:\/\/www.preservons-la-nature.fr\/blog\/wp-content\/uploads\/2014\/02\/carte11.jpg\" width=\"600\" height=\"600\" srcset=\"https:\/\/preservons-la-nature.fr\/blog\/wp-content\/uploads\/2014\/02\/carte11.jpg 600w, https:\/\/preservons-la-nature.fr\/blog\/wp-content\/uploads\/2014\/02\/carte11-150x150.jpg 150w, https:\/\/preservons-la-nature.fr\/blog\/wp-content\/uploads\/2014\/02\/carte11-300x300.jpg 300w\" sizes=\"auto, (max-width: 600px) 100vw, 600px\" \/><\/a><p id=\"caption-attachment-2681\" class=\"wp-caption-text\">R\u00e9partition de Salvia verbenaca L. ( Sauge fausse-verveine )<\/p><\/div>\n<p><span style=\"text-decoration: underline;\">Ecologie :<\/span><br \/>\nIl s&rsquo;agit d&rsquo;une esp\u00e8ce calcicole, thermophile qui affectionne les terrains plut\u00f4t secs.<\/p>\n<p><span style=\"text-decoration: underline;\">Phytosociologie :<\/span><i><\/i><\/p>\n<table>\n<tbody>\n<tr>\n<td>Alliance<\/td>\n<td>Ordre<\/td>\n<td>Classe<\/td>\n<\/tr>\n<tr>\n<td><strong>Alysso alyssoidis-Sedion albi<\/strong><\/td>\n<td><strong>Alysso alyssoidis-Sedetalia albi<\/strong><\/td>\n<td><strong>Sedo albi-Scleranthetea biennis<\/strong><\/td>\n<\/tr>\n<tr>\n<td>Communaut\u00e9s subatlantiques \u00e0 m\u00e9dioeurop\u00e9ennes, collin\u00e9ennes \u00e0 montagnardes, souvent riches en annuelles, sur sol calcaire.<\/td>\n<td>Communaut\u00e9s calcicoles \u00e0 acidiclines.<\/td>\n<td>V\u00e9g\u00e9tation pionni\u00e8re \u00e0 dominance de vivaces (souvent crassulescentes) de dalles rocheuses plus ou moins horizontales, atlantique \u00e0 m\u00e9dioeurop\u00e9enne, souvent montagnarde.<\/td>\n<\/tr>\n<\/tbody>\n<\/table>\n<table>\n<tbody>\n<tr>\n<td>Alliance<\/td>\n<td>Ordre<\/td>\n<td>Classe<\/td>\n<\/tr>\n<tr>\n<td><strong>Brachypodion phoenicoidis<\/strong><\/td>\n<td><strong>Brachypodietalia phoenicoidis<\/strong><\/td>\n<td><strong>Lygeo sparti-Stipetea tenacissimae<\/strong><\/td>\n<\/tr>\n<tr>\n<td><\/td>\n<td>Communaut\u00e9s m\u00e9so-x\u00e9rophiles et m\u00e9sothermes des sols profonds et m\u00e9sotrophes.<\/td>\n<td>V\u00e9g\u00e9tation de garrigues et d&rsquo;ourlets m\u00e9diterran\u00e9ens riches en gramin\u00e9es vivaces, sur sols basiques.<\/td>\n<\/tr>\n<\/tbody>\n<\/table>\n<table>\n<tbody>\n<tr>\n<td>Ordre<\/td>\n<td>Classe<\/td>\n<\/tr>\n<tr>\n<td><strong>Lygeo sparti-Stipetalia tenacissimae<\/strong><\/td>\n<td><strong>Lygeo sparti-Stipetea tenacissimae<\/strong><\/td>\n<\/tr>\n<tr>\n<td>Communaut\u00e9s x\u00e9rophiles et m\u00e9sothermes des sols superficiels oligotrophes.<\/td>\n<td>V\u00e9g\u00e9tation de garrigues et d&rsquo;ourlets m\u00e9diterran\u00e9ens riches en gramin\u00e9es vivaces, sur sols basiques.<\/td>\n<\/tr>\n<\/tbody>\n<\/table>\n<table>\n<tbody>\n<tr>\n<td>Classe<\/td>\n<\/tr>\n<tr>\n<td><strong>Rosmarinetea officinalis<\/strong><\/td>\n<\/tr>\n<tr>\n<td>Garrigues et formations cham\u00e9phytiques m\u00e9diterran\u00e9ennes \u00e0 m\u00e9diterran\u00e9o-atlantiques.<\/td>\n<\/tr>\n<\/tbody>\n<\/table>\n<p><span style=\"text-decoration: underline;\">Taxonomie :<\/span><br \/>\n<i>Salvia verbenaca L.<\/i> a pour synonymes (Informations issues de la BDTFX Version 2.0, <a href=\"http:\/\/www.tela-botanica.org\" target=\"_blank\">Tela Botanica<\/a>) :<i><br \/>\n&#8211; Flipanta ovata Raf.<br \/>\n&#8211; Gallitrichum anglicum Jord. &amp; Fourr.<br \/>\n&#8211; Gallitrichum arvale Jord. &amp; Fourr.<br \/>\n&#8211; Gallitrichum maculatum Jord. &amp; Fourr.<br \/>\n&#8211; Gallitrichum pallidiflorum Jord. &amp; Fourr.<br \/>\n&#8211; Gallitrichum rosulatum Jord. &amp; Fourr.<br \/>\n&#8211; Gallitrichum rubellum Jord. &amp; Fourr.<br \/>\n&#8211; Gallitrichum stereocaulon Jord. &amp; Fourr.<br \/>\n&#8211; Gallitrichum verbenaca (L.) Fourr.<br \/>\n&#8211; Gallitrichum virgatum Jord. &amp; Fourr.<br \/>\n&#8211; Horminum sylvestre Gray<br \/>\n&#8211; Horminum verbenaca (L.) Mill.<br \/>\n&#8211; Salvia barnolae Sennen<br \/>\n&#8211; Salvia betonicifolia Lam.<br \/>\n&#8211; Salvia byzantina hort. ex Benth.<br \/>\n&#8211; Salvia controversa Ten.<br \/>\n&#8211; Salvia domenechii Sennen<br \/>\n&#8211; Salvia hiemalis Brot.<br \/>\n&#8211; Salvia horminoides Pourr.<br \/>\n&#8211; Salvia laciniata Willd. ex Schltdl.<br \/>\n&#8211; Salvia lanigera Poir.<br \/>\n&#8211; Salvia linnaei Rouy<br \/>\n&#8211; Salvia linnaei subsp. horminoides (Pourr.) Rouy<br \/>\n&#8211; Salvia linnaei subsp. multifida (Sm.) Rouy<br \/>\n&#8211; Salvia linnaei subsp. multifida proles controversa (Ten.) Rouy<br \/>\n&#8211; Salvia linnaei subsp. oblongata (Vahl) Rouy<br \/>\n&#8211; Salvia linnaei subsp. verbenaca (L.) Rouy<br \/>\n&#8211; Salvia littoralis Ferrary<br \/>\n&#8211; Salvia mixta Timb.-Lagr.<br \/>\n&#8211; Salvia multifida Sm.<br \/>\n&#8211; Salvia neglecta Ten.<br \/>\n&#8211; Salvia oblongata Vahl<br \/>\n&#8211; Salvia ochroleuca Coss.<br \/>\n&#8211; Salvia pallidiflora St.-Amans<br \/>\n&#8211; Salvia polymorpha Hoffmanns. &amp; Link<br \/>\n&#8211; Salvia rhodantha Zefir.<br \/>\n&#8211; Salvia verbenaca subsp. battandieri Maire<br \/>\n&#8211; Salvia verbenaca subsp. controversa (Ten.) Arcang.<br \/>\n&#8211; Salvia verbenaca subsp. controversa Batt.<br \/>\n&#8211; Salvia verbenaca subsp. foetens Maire<br \/>\n&#8211; Salvia verbenaca subsp. horminoides (Pourr.) Nyman<br \/>\n&#8211; Salvia verbenaca subsp. lanigera (Poir.) Batt.<br \/>\n&#8211; Salvia verbenaca subsp. multifida (Sm.) Briq.<br \/>\n&#8211; Salvia verbenaca subsp. oblongata (Ten.) Arcang.<br \/>\n&#8211; Salvia verbenaca subsp. ochroleuca (Coss.) Maire<br \/>\n&#8211; Salvia verbenacoides Brot.<br \/>\n&#8211; Salvia verbenifolia Salisb.<br \/>\n&#8211; Sclarea decidua Moench<br \/>\n&#8211; Sclarea verbenaca (L.) Soj\u00e1k<br \/>\n<\/i><br \/>\n<span style=\"text-decoration: underline;\">Sous-esp\u00e8ces ou vari\u00e9t\u00e9s :<\/span><br \/>\n<i>&#8211; Salvia verbenaca L. subsp. verbenaca<br \/>\n&#8211; Salvia verbenaca subsp. clandestina (L.) Batt.<br \/>\n<\/i><\/p>\n","protected":false},"excerpt":{"rendered":"<p>Une fiche plus r&eacute;cente existe, vous pouvez la consulter ICI Nom : Salvia verbenaca L. ( Sauge fausse-verveine ) Autre(s) nom(s) : Orvale sauvage, Prud&rsquo;homme, Sauge verveine. Famille : LAMIACEAE Floraison : Mars &#8211; Juin Forme biologique : H\u00e9micryptophyte. Description &hellip; <a href=\"https:\/\/preservons-la-nature.fr\/blog\/?p=2678\">Continuer la lecture <span class=\"meta-nav\">&rarr;<\/span><\/a><\/p>\n","protected":false},"author":1,"featured_media":0,"comment_status":"open","ping_status":"open","sticky":false,"template":"","format":"standard","meta":{"footnotes":""},"categories":[102],"tags":[25],"class_list":["post-2678","post","type-post","status-publish","format-standard","hentry","category-fiche-partielle-de-plantes","tag-lamiacees"],"_links":{"self":[{"href":"https:\/\/preservons-la-nature.fr\/blog\/index.php?rest_route=\/wp\/v2\/posts\/2678","targetHints":{"allow":["GET"]}}],"collection":[{"href":"https:\/\/preservons-la-nature.fr\/blog\/index.php?rest_route=\/wp\/v2\/posts"}],"about":[{"href":"https:\/\/preservons-la-nature.fr\/blog\/index.php?rest_route=\/wp\/v2\/types\/post"}],"author":[{"embeddable":true,"href":"https:\/\/preservons-la-nature.fr\/blog\/index.php?rest_route=\/wp\/v2\/users\/1"}],"replies":[{"embeddable":true,"href":"https:\/\/preservons-la-nature.fr\/blog\/index.php?rest_route=%2Fwp%2Fv2%2Fcomments&post=2678"}],"version-history":[{"count":1,"href":"https:\/\/preservons-la-nature.fr\/blog\/index.php?rest_route=\/wp\/v2\/posts\/2678\/revisions"}],"predecessor-version":[{"id":2682,"href":"https:\/\/preservons-la-nature.fr\/blog\/index.php?rest_route=\/wp\/v2\/posts\/2678\/revisions\/2682"}],"wp:attachment":[{"href":"https:\/\/preservons-la-nature.fr\/blog\/index.php?rest_route=%2Fwp%2Fv2%2Fmedia&parent=2678"}],"wp:term":[{"taxonomy":"category","embeddable":true,"href":"https:\/\/preservons-la-nature.fr\/blog\/index.php?rest_route=%2Fwp%2Fv2%2Fcategories&post=2678"},{"taxonomy":"post_tag","embeddable":true,"href":"https:\/\/preservons-la-nature.fr\/blog\/index.php?rest_route=%2Fwp%2Fv2%2Ftags&post=2678"}],"curies":[{"name":"wp","href":"https:\/\/api.w.org\/{rel}","templated":true}]}}