{"id":2655,"date":"2014-02-28T00:12:57","date_gmt":"2014-02-27T23:12:57","guid":{"rendered":"https:\/\/www.preservons-la-nature.fr\/blog\/?p=2655"},"modified":"2014-02-13T13:16:05","modified_gmt":"2014-02-13T12:16:05","slug":"helminthotheca-echioides-l-holub-picride-fausse-viperine","status":"publish","type":"post","link":"https:\/\/preservons-la-nature.fr\/blog\/?p=2655","title":{"rendered":"Helminthotheca echioides (L.) Holub ( Picride fausse-vip\u00e9rine )"},"content":{"rendered":"<p><STRONG>Une fiche plus r&eacute;cente existe, vous pouvez la consulter <a href=\"https:\/\/www.preservons-la-nature.fr\/flore\/taxon\/534.html\">ICI<\/a><\/STRONG><div id=\"attachment_2656\" style=\"width: 370px\" class=\"wp-caption aligncenter\"><a href=\"https:\/\/www.preservons-la-nature.fr\/blog\/wp-content\/uploads\/2014\/02\/DSC3585.jpg\"><img loading=\"lazy\" decoding=\"async\" aria-describedby=\"caption-attachment-2656\" class=\" wp-image-2656 \" title=\"Helminthotheca echioides (L.) Holub ( Picride fausse-vip\u00e9rine )\" alt=\"Helminthotheca echioides (L.) Holub ( Picride fausse-vip\u00e9rine )\" src=\"https:\/\/www.preservons-la-nature.fr\/blog\/wp-content\/uploads\/2014\/02\/DSC3585.jpg\" width=\"360\" height=\"540\" srcset=\"https:\/\/preservons-la-nature.fr\/blog\/wp-content\/uploads\/2014\/02\/DSC3585.jpg 400w, https:\/\/preservons-la-nature.fr\/blog\/wp-content\/uploads\/2014\/02\/DSC3585-200x300.jpg 200w\" sizes=\"auto, (max-width: 360px) 100vw, 360px\" \/><\/a><p id=\"caption-attachment-2656\" class=\"wp-caption-text\">Helminthotheca echioides (L.) Holub ( Picride fausse-vip\u00e9rine )<\/p><\/div><\/p>\n<p><span style=\"text-decoration: underline;\">Nom :<\/span> <i>Helminthotheca echioides (L.) Holub<\/i> ( Picride fausse-vip\u00e9rine )<\/p>\n<p><span style=\"text-decoration: underline;\">Autre(s) nom(s) :<\/span><br \/>\nHelminthie fausse-vip\u00e9rine, Picris fausse Vip\u00e9rine.<\/p>\n<p><span style=\"text-decoration: underline;\">Famille :<\/span> ASTERACEAE<\/p>\n<p><span style=\"text-decoration: underline;\">Floraison :<\/span> Juin &#8211; Septembre<\/p>\n<p><span style=\"text-decoration: underline;\">Forme biologique :<\/span><br \/>\nH\u00e9micryptophyte, Th\u00e9rophyte.<\/p>\n<p><span style=\"text-decoration: underline;\">Description dans la flore de Coste :<\/span><br \/>\nPlante annuelle \u00e0 tige de 3-10 dm dress\u00e9e, rameuse, hispide ; feuilles tr\u00e8s rudes, hispides, oblongues, les radicales enti\u00e8res ou l\u00e2chement sinu\u00e9es, r\u00e9tr\u00e9cies en p\u00e9tioles, les sup\u00e9rieures cord\u00e9es-embrassantes offrant deux oreillettes arrondies ; involucre \u00e0 folioles ext\u00e9rieures largement ovales-cord\u00e9es, acumin\u00e9es, les int\u00e9rieures \u00e9troites att\u00e9nu\u00e9es en longue pointe ; ak\u00e8nes jaun\u00e2tres ou rouge\u00e2tres un peu comprim\u00e9s, rid\u00e9s transversalement, brusquement termin\u00e9s par un bec capillaire aussi long que l&rsquo;ak\u00e8ne ; aigrette \u00e0 soies blanches plumeuses ; fleurs jaunes.<\/p>\n<p><span style=\"text-decoration: underline;\">Usages \/ particularit\u00e9s :<\/span><br \/>\nLes jeunes feuilles en rosette sont consomm\u00e9es crues en Italie. Mais le plus souvent, on les fait cuire en soupe. Plus ag\u00e9e, la feuille devient am\u00e8re.<\/p>\n<p><span style=\"text-decoration: underline;\">Pr\u00e9sent dans le(s) d\u00e9partement(s) suivant(s) :<\/span><br \/>\nAin, Aisne, Alpes-de-Haute-Provence, Alpes-Maritimes, Ardennes, Aube, Aude, Aveyron, Bas-Rhin, Bouches-du-Rh\u00f4ne, Calvados, Cantal, Charente-Maritime, Cher, Corr\u00e8ze, Corse-du-Sud, C\u00f4te-d&rsquo;Or, C\u00f4tes-d&rsquo;Armor, Deux-S\u00e8vres, Dordogne, Doubs, Dr\u00f4me, Essonne, Eure, Eure-et-Loir, Finist\u00e8re, Gers, Gironde, Haute-Corse, Haute-Loire, Haute-Marne, Hautes-Alpes, Haute-Sa\u00f4ne, Hauts-de-Seine, Ille-et-Vilaine, Indre, Indre-et-Loire, Is\u00e8re, Jura, Landes, Loire-Atlantique, Loiret, Loir-et-Cher, Lot, Lot-et-Garonne, Maine-et-Loire, Manche, Marne, Mayenne, Meurthe-et-Moselle, Meuse, Morbihan, Moselle, Ni\u00e8vre, Nord, Oise, Orne, Paris, Pas-de-Calais, Puy-de-D\u00f4me, Pyr\u00e9n\u00e9es-Atlantiques, Pyr\u00e9n\u00e9es-Orientales, Sa\u00f4ne-et-Loire, Sarthe, Seine-et-Marne, Seine-Maritime, Seine-Saint-Denis, Somme, Tarn, Tarn-et-Garonne, Territoire-de-Belfort, Val-de-Marne, Val-d&rsquo;Oise, Var, Vaucluse, Vend\u00e9e, Vienne, Yonne, Yvelines.<\/p>\n<div id=\"attachment_2657\" style=\"width: 610px\" class=\"wp-caption aligncenter\"><a href=\"https:\/\/www.preservons-la-nature.fr\/blog\/?attachment_id=2657\" rel=\"attachment wp-att-2657\"><img loading=\"lazy\" decoding=\"async\" aria-describedby=\"caption-attachment-2657\" class=\"size-full wp-image-2657\" alt=\"R\u00e9partition de Helminthotheca echioides (L.) Holub ( Picride fausse-vip\u00e9rine )\" src=\"https:\/\/www.preservons-la-nature.fr\/blog\/wp-content\/uploads\/2014\/02\/carte6.jpg\" width=\"600\" height=\"600\" srcset=\"https:\/\/preservons-la-nature.fr\/blog\/wp-content\/uploads\/2014\/02\/carte6.jpg 600w, https:\/\/preservons-la-nature.fr\/blog\/wp-content\/uploads\/2014\/02\/carte6-150x150.jpg 150w, https:\/\/preservons-la-nature.fr\/blog\/wp-content\/uploads\/2014\/02\/carte6-300x300.jpg 300w\" sizes=\"auto, (max-width: 600px) 100vw, 600px\" \/><\/a><p id=\"caption-attachment-2657\" class=\"wp-caption-text\">R\u00e9partition de Helminthotheca echioides (L.) Holub ( Picride fausse-vip\u00e9rine )<\/p><\/div>\n<p><span style=\"text-decoration: underline;\">Ecologie :<\/span><br \/>\nOn la trouve sur les bords des chemins et des champs, les lieux incultes.<\/p>\n<p><span style=\"text-decoration: underline;\">Phytosociologie :<\/span><i><\/i><\/p>\n<table>\n<tbody>\n<tr>\n<td>Ordre<\/td>\n<td>Classe<\/td>\n<\/tr>\n<tr>\n<td><strong>Agropyretalia intermedii-repentis<\/strong><\/td>\n<td><strong>Agropyretea pungentis<\/strong><\/td>\n<\/tr>\n<tr>\n<td>Communaut\u00e9s non littorales.<\/td>\n<td>V\u00e9g\u00e9tation vivace gramin\u00e9enne, x\u00e9rophile et semi-rud\u00e9rale, surtout sur sables, limons et substrats calcaires, \u00e0 distribution europ\u00e9enne et ouest-sib\u00e9rienne.<\/td>\n<\/tr>\n<\/tbody>\n<\/table>\n<table>\n<tbody>\n<tr>\n<td>Ordre<\/td>\n<td>Classe<\/td>\n<\/tr>\n<tr>\n<td><strong>Onopordetalia acanthii<\/strong><\/td>\n<td><strong>Artemisietea vulgaris<\/strong><\/td>\n<\/tr>\n<tr>\n<td>Communaut\u00e9s thermophiles \u00e0 dominance de vivaces et de bisannuelles, eurosib\u00e9riennes \u00e0 subm\u00e9diterran\u00e9ennes.<\/td>\n<td>V\u00e9g\u00e9tation rud\u00e9rale, anthropog\u00e8ne, nitrophile \u00e0 dominance d\u2019esp\u00e8ces vivaces, eurosib\u00e9rienne et m\u00e9diterran\u00e9enne.<\/td>\n<\/tr>\n<\/tbody>\n<\/table>\n<table>\n<tbody>\n<tr>\n<td>Alliance<\/td>\n<td>Ordre<\/td>\n<td>Classe<\/td>\n<\/tr>\n<tr>\n<td><strong>Sisymbrion officinalis<\/strong><\/td>\n<td><strong>Sisymbrietalia officinalis<\/strong><\/td>\n<td><strong>Sisymbrietea officinalis<\/strong><\/td>\n<\/tr>\n<tr>\n<td>Communaut\u00e9s vernales surtout eurosib\u00e9riennes sous climat temp\u00e9r\u00e9.<\/td>\n<td>Communaut\u00e9s nitrophiles vernales \u00e0 tardi-vernales, des sols peu \u00e9pais m\u00e9soclines, eurosib\u00e9riennes et m\u00e9diterran\u00e9ennes.<\/td>\n<td>V\u00e9g\u00e9tation anthropog\u00e8ne \u00e0 dominante d\u2019annuelles et de bisannuelles, plus ou moins nitrophile, des stations rud\u00e9ralis\u00e9es et irr\u00e9guli\u00e8rement pertub\u00e9es.<\/td>\n<\/tr>\n<\/tbody>\n<\/table>\n<p><span style=\"text-decoration: underline;\">Taxonomie :<\/span><br \/>\n<i>Helminthotheca echioides (L.) Holub<\/i> a pour synonymes (Informations issues de la BDTFX Version 2.0, <a href=\"http:\/\/www.tela-botanica.org\" target=\"_blank\">Tela Botanica<\/a>) :<i><br \/>\n&#8211; Crepis echioides (L.) All.<br \/>\n&#8211; Helminthia dichotomos Dulac<br \/>\n&#8211; Helminthia echioides (L.) Gaertn.<br \/>\n&#8211; Helminthia echioides proles humifusa (Tr\u00e9vis.) Rouy<br \/>\n&#8211; Helminthia echioides subsp. humifusa (Tr\u00e9vis.) Arcang.<br \/>\n&#8211; Helminthia humifusa Tr\u00e9vis.<br \/>\n&#8211; Helminthia tuberculata Moench<br \/>\n&#8211; Picris echioides L.<br \/>\n<\/i><\/p>\n","protected":false},"excerpt":{"rendered":"<p>Une fiche plus r&eacute;cente existe, vous pouvez la consulter ICI Nom : Helminthotheca echioides (L.) Holub ( Picride fausse-vip\u00e9rine ) Autre(s) nom(s) : Helminthie fausse-vip\u00e9rine, Picris fausse Vip\u00e9rine. Famille : ASTERACEAE Floraison : Juin &#8211; Septembre Forme biologique : H\u00e9micryptophyte, &hellip; <a href=\"https:\/\/preservons-la-nature.fr\/blog\/?p=2655\">Continuer la lecture <span class=\"meta-nav\">&rarr;<\/span><\/a><\/p>\n","protected":false},"author":1,"featured_media":0,"comment_status":"open","ping_status":"open","sticky":false,"template":"","format":"standard","meta":{"footnotes":""},"categories":[102],"tags":[48],"class_list":["post-2655","post","type-post","status-publish","format-standard","hentry","category-fiche-partielle-de-plantes","tag-asteracees"],"_links":{"self":[{"href":"https:\/\/preservons-la-nature.fr\/blog\/index.php?rest_route=\/wp\/v2\/posts\/2655","targetHints":{"allow":["GET"]}}],"collection":[{"href":"https:\/\/preservons-la-nature.fr\/blog\/index.php?rest_route=\/wp\/v2\/posts"}],"about":[{"href":"https:\/\/preservons-la-nature.fr\/blog\/index.php?rest_route=\/wp\/v2\/types\/post"}],"author":[{"embeddable":true,"href":"https:\/\/preservons-la-nature.fr\/blog\/index.php?rest_route=\/wp\/v2\/users\/1"}],"replies":[{"embeddable":true,"href":"https:\/\/preservons-la-nature.fr\/blog\/index.php?rest_route=%2Fwp%2Fv2%2Fcomments&post=2655"}],"version-history":[{"count":2,"href":"https:\/\/preservons-la-nature.fr\/blog\/index.php?rest_route=\/wp\/v2\/posts\/2655\/revisions"}],"predecessor-version":[{"id":2659,"href":"https:\/\/preservons-la-nature.fr\/blog\/index.php?rest_route=\/wp\/v2\/posts\/2655\/revisions\/2659"}],"wp:attachment":[{"href":"https:\/\/preservons-la-nature.fr\/blog\/index.php?rest_route=%2Fwp%2Fv2%2Fmedia&parent=2655"}],"wp:term":[{"taxonomy":"category","embeddable":true,"href":"https:\/\/preservons-la-nature.fr\/blog\/index.php?rest_route=%2Fwp%2Fv2%2Fcategories&post=2655"},{"taxonomy":"post_tag","embeddable":true,"href":"https:\/\/preservons-la-nature.fr\/blog\/index.php?rest_route=%2Fwp%2Fv2%2Ftags&post=2655"}],"curies":[{"name":"wp","href":"https:\/\/api.w.org\/{rel}","templated":true}]}}