{"id":2650,"date":"2014-02-27T00:05:31","date_gmt":"2014-02-26T23:05:31","guid":{"rendered":"https:\/\/www.preservons-la-nature.fr\/blog\/?p=2650"},"modified":"2014-02-13T13:08:45","modified_gmt":"2014-02-13T12:08:45","slug":"doronicum-pardalianches-l-doronic-a-feuilles-cordees","status":"publish","type":"post","link":"https:\/\/preservons-la-nature.fr\/blog\/?p=2650","title":{"rendered":"Doronicum pardalianches L. ( Doronic \u00e0 feuilles cord\u00e9es )"},"content":{"rendered":"<p><STRONG>Une fiche plus r&eacute;cente existe, vous pouvez la consulter <a href=\"https:\/\/www.preservons-la-nature.fr\/flore\/taxon\/2225.html\">ICI<\/a><\/STRONG><div id=\"attachment_2651\" style=\"width: 370px\" class=\"wp-caption aligncenter\"><a href=\"https:\/\/www.preservons-la-nature.fr\/blog\/wp-content\/uploads\/2014\/02\/DSC06083.jpg\"><img loading=\"lazy\" decoding=\"async\" aria-describedby=\"caption-attachment-2651\" class=\" wp-image-2651 \" title=\"Doronicum pardalianches L. ( Doronic \u00e0 feuilles cord\u00e9es )\" alt=\"Doronicum pardalianches L. ( Doronic \u00e0 feuilles cord\u00e9es )\" src=\"https:\/\/www.preservons-la-nature.fr\/blog\/wp-content\/uploads\/2014\/02\/DSC06083.jpg\" width=\"360\" height=\"540\" srcset=\"https:\/\/preservons-la-nature.fr\/blog\/wp-content\/uploads\/2014\/02\/DSC06083.jpg 400w, https:\/\/preservons-la-nature.fr\/blog\/wp-content\/uploads\/2014\/02\/DSC06083-200x300.jpg 200w\" sizes=\"auto, (max-width: 360px) 100vw, 360px\" \/><\/a><p id=\"caption-attachment-2651\" class=\"wp-caption-text\">Doronicum pardalianches L. ( Doronic \u00e0 feuilles cord\u00e9es )<\/p><\/div><\/p>\n<p><span style=\"text-decoration: underline;\">Nom :<\/span> <i>Doronicum pardalianches L.<\/i> ( Doronic \u00e0 feuilles cord\u00e9es )<\/p>\n<p><span style=\"text-decoration: underline;\">Autre(s) nom(s) :<\/span><br \/>\nDoronic \u00e0 feuilles cord\u00e9es, Doronic \u00e0 feuilles en c\u0153ur, Doronic \u00e9trangle-panth\u00e8re, Doronic panth\u00e8re, Herbe aux panth\u00e8res.<\/p>\n<p><span style=\"text-decoration: underline;\">Famille :<\/span> ASTERACEAE<\/p>\n<p><span style=\"text-decoration: underline;\">Floraison :<\/span> Mai &#8211; Juillet<\/p>\n<p><span style=\"text-decoration: underline;\">Forme biologique :<\/span><br \/>\nG\u00e9ophyte.<\/p>\n<p><span style=\"text-decoration: underline;\">Protection :<\/span><br \/>\n&#8211; Liste des esp\u00e8ces v\u00e9g\u00e9tales prot\u00e9g\u00e9es en r\u00e9gion Alsace Article 1 (1993)<br \/>\n&#8211; Liste des esp\u00e8ces v\u00e9g\u00e9tales prot\u00e9g\u00e9es en r\u00e9gion Limousin Article 1 (1989)<br \/>\n&#8211; Liste des esp\u00e8ces v\u00e9g\u00e9tales prot\u00e9g\u00e9es en r\u00e9gion Lorraine Article 1 (1994)<br \/>\n&#8211; Liste des esp\u00e8ces v\u00e9g\u00e9tales prot\u00e9g\u00e9es en r\u00e9gion Poitou-Charentes Article 1 (1988)<\/p>\n<p><span style=\"text-decoration: underline;\">Description dans la flore de Coste :<\/span><br \/>\nPlante vivace. Racine tuberculeuse, stolonif\u00e8re. Tige de 40 \u00e0 80 cm dress\u00e9e, rameuse, quelquefois simple, pubescente. Feuilles espac\u00e9es, dent\u00e9es, pubescentes, les basilaires sont cord\u00e9es \u00e0 la base, alors que les caulinaires embrassent la tige par deux oreillettes.<br \/>\nBois montagneux : Normandie, Vosges, Jura, Bugey, Forez, Plateau central, C\u00e9vennes, Alpes, Pyr\u00e9n\u00e9es. &#8211; Espagne, Italie, Suisse, Europe centrale. = Juin-ao\u00fbt. De l&rsquo;Antiquit\u00e9 \u00e0 la Renaissance, suspect\u00e9 de receler un poison puissant propre \u00e0 tuer les f\u00e9lins. Usages vuln\u00e9raires autrefois.<\/p>\n<p><span style=\"text-decoration: underline;\">R\u00e9partition fran\u00e7aise :<\/span><br \/>\nL&rsquo;esp\u00e8ce est pr\u00e9sente en Normandie, dans l&rsquo;Est de la France, en Bourgogne, dans le Massif Central, en Rh\u00f4ne-Alpes.<\/p>\n<p><span style=\"text-decoration: underline;\">Pr\u00e9sent dans le(s) d\u00e9partement(s) suivant(s) :<\/span><br \/>\nAin, Allier, Alpes-de-Haute-Provence, Alpes-Maritimes, Ard\u00e8che, Aveyron, Bas-Rhin, Calvados, Cantal, Charente, Charente-Maritime, Corr\u00e8ze, Creuse, Dordogne, Doubs, Dr\u00f4me, Eure, Gard, Haute-Loire, Hautes-Alpes, Haute-Sa\u00f4ne, Haute-Savoie, Haute-Vienne, Haut-Rhin, Is\u00e8re, Loire, Lot, Loz\u00e8re, Maine-et-Loire, Manche, Meurthe-et-Moselle, Meuse, Moselle, Ni\u00e8vre, Oise, Orne, Puy-de-D\u00f4me, Rh\u00f4ne, Sa\u00f4ne-et-Loire, Savoie, Seine-Maritime, Somme, Tarn, Tarn-et-Garonne, Var, Vienne, Vosges, Yonne.<br \/>\n<div id=\"attachment_2652\" style=\"width: 610px\" class=\"wp-caption aligncenter\"><a href=\"https:\/\/www.preservons-la-nature.fr\/blog\/?attachment_id=2652\" rel=\"attachment wp-att-2652\"><img loading=\"lazy\" decoding=\"async\" aria-describedby=\"caption-attachment-2652\" src=\"https:\/\/www.preservons-la-nature.fr\/blog\/wp-content\/uploads\/2014\/02\/carte5.jpg\" alt=\"R\u00e9partition de Doronicum pardalianches L. ( Doronic \u00e0 feuilles cord\u00e9es )\" width=\"600\" height=\"600\" class=\"size-full wp-image-2652\" srcset=\"https:\/\/preservons-la-nature.fr\/blog\/wp-content\/uploads\/2014\/02\/carte5.jpg 600w, https:\/\/preservons-la-nature.fr\/blog\/wp-content\/uploads\/2014\/02\/carte5-150x150.jpg 150w, https:\/\/preservons-la-nature.fr\/blog\/wp-content\/uploads\/2014\/02\/carte5-300x300.jpg 300w\" sizes=\"auto, (max-width: 600px) 100vw, 600px\" \/><\/a><p id=\"caption-attachment-2652\" class=\"wp-caption-text\">R\u00e9partition de Doronicum pardalianches L. ( Doronic \u00e0 feuilles cord\u00e9es )<\/p><\/div><br \/>\n<span style=\"text-decoration: underline;\">Ecologie :<\/span><br \/>\nIl s&rsquo;agit d&rsquo;une esp\u00e8ce de demi-ombre. On la retrouve dans les sous-bois frais sur sol neutre ou faiblement acide.<\/p>\n<p><span style=\"text-decoration: underline;\">Phytosociologie :<\/span><i><\/i><\/p>\n<table>\n<tbody>\n<tr>\n<td>Alliance<\/td>\n<td>Sous-ordre<\/td>\n<td>Ordre<\/td>\n<td>Classe<\/td>\n<\/tr>\n<tr>\n<td><strong>Carpinion betuli<\/strong><\/td>\n<td><strong>Carpino betuli-Fagenalia sylvaticae<\/strong><\/td>\n<td><strong>Fagetalia sylvaticae<\/strong><\/td>\n<td><strong>Querco roboris-Fagetea sylvaticae<\/strong><\/td>\n<\/tr>\n<tr>\n<td>Communaut\u00e9s sur sols plus ressuy\u00e9s mais sans d\u00e9ficit hydrique marqu\u00e9.<\/td>\n<td>Communaut\u00e9s planitiaires \u00e0 collin\u00e9ennes m\u00e9sohygroclines \u00e0 x\u00e9roclines, acidiclines \u00e0 calcicoles.<\/td>\n<td>Communaut\u00e9s collin\u00e9ennes et montagnardes, acidiclines \u00e0 calcicoles, non thermophiles.<\/td>\n<td>For\u00eats temp\u00e9r\u00e9es caducifoli\u00e9es ou mixtes, collin\u00e9ennes et montagnardes (plus rarement subalpines), ainsi que supram\u00e9diterran\u00e9ennes.<\/td>\n<\/tr>\n<\/tbody>\n<\/table>\n<table>\n<tbody>\n<tr>\n<td>Alliance<\/td>\n<td>Sous-ordre<\/td>\n<td>Ordre<\/td>\n<td>Classe<\/td>\n<\/tr>\n<tr>\n<td><strong>Fraxino excelsioris-Quercion roboris<\/strong><\/td>\n<td><strong>Carpino betuli-Fagenalia sylvaticae<\/strong><\/td>\n<td><strong>Fagetalia sylvaticae<\/strong><\/td>\n<td><strong>Querco roboris-Fagetea sylvaticae<\/strong><\/td>\n<\/tr>\n<tr>\n<td>Communaut\u00e9s des sols \u00e0 bonne r\u00e9serve hydrique.<\/td>\n<td>Communaut\u00e9s planitiaires \u00e0 collin\u00e9ennes m\u00e9sohygroclines \u00e0 x\u00e9roclines, acidiclines \u00e0 calcicoles.<\/td>\n<td>Communaut\u00e9s collin\u00e9ennes et montagnardes, acidiclines \u00e0 calcicoles, non thermophiles.<\/td>\n<td>For\u00eats temp\u00e9r\u00e9es caducifoli\u00e9es ou mixtes, collin\u00e9ennes et montagnardes (plus rarement subalpines), ainsi que supram\u00e9diterran\u00e9ennes.<\/td>\n<\/tr>\n<\/tbody>\n<\/table>\n<table>\n<tbody>\n<tr>\n<td>Alliance<\/td>\n<td>Ordre<\/td>\n<td>Classe<\/td>\n<\/tr>\n<tr>\n<td><strong>Geo urbani-Alliarion petiolatae<\/strong><\/td>\n<td><strong>Galio aparines-Alliarietalia petiolatae<\/strong><\/td>\n<td><strong>Galio aparines-Urticetea dioicae<\/strong><\/td>\n<\/tr>\n<tr>\n<td>Communaut\u00e9s plus ou moins hygroclines, nitrophiles et sciaphiles.<\/td>\n<td>Communaut\u00e9s des sols bien aliment\u00e9s en eau.<\/td>\n<td>V\u00e9g\u00e9tation d&rsquo;ourlets nitrophiles des sols plus ou moins humides.<\/td>\n<\/tr>\n<\/tbody>\n<\/table>\n<p><span style=\"text-decoration: underline;\">Taxonomie :<\/span><br \/>\n<i>Doronicum pardalianches L.<\/i> a pour synonymes (Informations issues de la BDTFX Version 2.0, <a href=\"http:\/\/www.tela-botanica.org\" target=\"_blank\">Tela Botanica<\/a>) :<i><br \/>\n&#8211; Arnica scorpioides sensu Rouy<br \/>\n&#8211; Doronicum cordatum Lam.<br \/>\n&#8211; Doronicum cordifolium Stokes<br \/>\n&#8211; Doronicum emarginatum Legrand ex H.J.Coste<br \/>\n&#8211; Doronicum latifolium Bubani<br \/>\n&#8211; Doronicum macrophyllum Bernh.<br \/>\n&#8211; Doronicum matthioli Tausch ex Rchb.<br \/>\n&#8211; Doronicum procurrens Dumort.<br \/>\n&#8211; Doronicum romanum Garsault<br \/>\n&#8211; Doronicum scorpioides Lapeyr. ex Willk. &amp; Lange<br \/>\n&#8211; Doronicum toxicarium Salisb.<br \/>\n&#8211; Senecio pardalianches (L.) E.H.L.Krause<br \/>\n<\/i><\/p>\n","protected":false},"excerpt":{"rendered":"<p>Une fiche plus r&eacute;cente existe, vous pouvez la consulter ICI Nom : Doronicum pardalianches L. ( Doronic \u00e0 feuilles cord\u00e9es ) Autre(s) nom(s) : Doronic \u00e0 feuilles cord\u00e9es, Doronic \u00e0 feuilles en c\u0153ur, Doronic \u00e9trangle-panth\u00e8re, Doronic panth\u00e8re, Herbe aux panth\u00e8res. &hellip; <a href=\"https:\/\/preservons-la-nature.fr\/blog\/?p=2650\">Continuer la lecture <span class=\"meta-nav\">&rarr;<\/span><\/a><\/p>\n","protected":false},"author":1,"featured_media":0,"comment_status":"open","ping_status":"open","sticky":false,"template":"","format":"standard","meta":{"footnotes":""},"categories":[102],"tags":[48],"class_list":["post-2650","post","type-post","status-publish","format-standard","hentry","category-fiche-partielle-de-plantes","tag-asteracees"],"_links":{"self":[{"href":"https:\/\/preservons-la-nature.fr\/blog\/index.php?rest_route=\/wp\/v2\/posts\/2650","targetHints":{"allow":["GET"]}}],"collection":[{"href":"https:\/\/preservons-la-nature.fr\/blog\/index.php?rest_route=\/wp\/v2\/posts"}],"about":[{"href":"https:\/\/preservons-la-nature.fr\/blog\/index.php?rest_route=\/wp\/v2\/types\/post"}],"author":[{"embeddable":true,"href":"https:\/\/preservons-la-nature.fr\/blog\/index.php?rest_route=\/wp\/v2\/users\/1"}],"replies":[{"embeddable":true,"href":"https:\/\/preservons-la-nature.fr\/blog\/index.php?rest_route=%2Fwp%2Fv2%2Fcomments&post=2650"}],"version-history":[{"count":2,"href":"https:\/\/preservons-la-nature.fr\/blog\/index.php?rest_route=\/wp\/v2\/posts\/2650\/revisions"}],"predecessor-version":[{"id":2654,"href":"https:\/\/preservons-la-nature.fr\/blog\/index.php?rest_route=\/wp\/v2\/posts\/2650\/revisions\/2654"}],"wp:attachment":[{"href":"https:\/\/preservons-la-nature.fr\/blog\/index.php?rest_route=%2Fwp%2Fv2%2Fmedia&parent=2650"}],"wp:term":[{"taxonomy":"category","embeddable":true,"href":"https:\/\/preservons-la-nature.fr\/blog\/index.php?rest_route=%2Fwp%2Fv2%2Fcategories&post=2650"},{"taxonomy":"post_tag","embeddable":true,"href":"https:\/\/preservons-la-nature.fr\/blog\/index.php?rest_route=%2Fwp%2Fv2%2Ftags&post=2650"}],"curies":[{"name":"wp","href":"https:\/\/api.w.org\/{rel}","templated":true}]}}