{"id":2626,"date":"2014-02-24T00:29:13","date_gmt":"2014-02-23T23:29:13","guid":{"rendered":"https:\/\/www.preservons-la-nature.fr\/blog\/?p=2626"},"modified":"2014-02-12T21:36:33","modified_gmt":"2014-02-12T20:36:33","slug":"asarum-europaeum-l-asaret-deurope","status":"publish","type":"post","link":"https:\/\/preservons-la-nature.fr\/blog\/?p=2626","title":{"rendered":"Asarum europaeum L. ( Asaret d&rsquo;Europe )"},"content":{"rendered":"<p><STRONG>Une fiche plus r&eacute;cente existe, vous pouvez la consulter <a href=\"https:\/\/www.preservons-la-nature.fr\/flore\/taxon\/1707.html\">ICI<\/a><\/STRONG><div id=\"attachment_2629\" style=\"width: 650px\" class=\"wp-caption aligncenter\"><a href=\"https:\/\/www.preservons-la-nature.fr\/blog\/wp-content\/uploads\/2014\/02\/DSC09261.jpg\"><img loading=\"lazy\" decoding=\"async\" aria-describedby=\"caption-attachment-2629\" class=\"size-full wp-image-2629\" title=\"Asarum europaeum L. ( Asaret d'Europe )\" alt=\"Asarum europaeum L. ( Asaret d'Europe )\" src=\"https:\/\/www.preservons-la-nature.fr\/blog\/wp-content\/uploads\/2014\/02\/DSC09261.jpg\" width=\"640\" height=\"426\" srcset=\"https:\/\/preservons-la-nature.fr\/blog\/wp-content\/uploads\/2014\/02\/DSC09261.jpg 800w, https:\/\/preservons-la-nature.fr\/blog\/wp-content\/uploads\/2014\/02\/DSC09261-300x199.jpg 300w\" sizes=\"auto, (max-width: 640px) 100vw, 640px\" \/><\/a><p id=\"caption-attachment-2629\" class=\"wp-caption-text\">Asarum europaeum L. ( Asaret d&rsquo;Europe )<\/p><\/div><\/p>\n<p><span style=\"text-decoration: underline;\">Nom :<\/span> <i>Asarum europaeum L.<\/i> ( Asaret d&rsquo;Europe )<\/p>\n<p><span style=\"text-decoration: underline;\">Autre(s) nom(s) :<\/span><br \/>\nAsaret, Asarum d&rsquo;Europe, Cabaret.<\/p>\n<p><span style=\"text-decoration: underline;\">Famille :<\/span> ARISTOLOCHIACEAE<\/p>\n<p><span style=\"text-decoration: underline;\">Floraison :<\/span> Mars &#8211; Mai<\/p>\n<p><span style=\"text-decoration: underline;\">Forme biologique :<\/span><br \/>\nH\u00e9micryptophyte.<\/p>\n<p><span style=\"text-decoration: underline;\">Protection :<\/span><br \/>\n&#8211; Liste des esp\u00e8ces v\u00e9g\u00e9tales prot\u00e9g\u00e9es en r\u00e9gion Basse-Normandie Article 1 (1995)<br \/>\n&#8211; Liste des esp\u00e8ces v\u00e9g\u00e9tales prot\u00e9g\u00e9es en r\u00e9gion Centre Article 1 (1993)<br \/>\n&#8211; Liste des esp\u00e8ces v\u00e9g\u00e9tales prot\u00e9g\u00e9es en r\u00e9gion Champagne-Ardenne Article 4 (1988)<br \/>\n&#8211; Liste des esp\u00e8ces v\u00e9g\u00e9tales prot\u00e9g\u00e9es en r\u00e9gion \u00cele-de-France Article 1 (1991)<br \/>\n&#8211; Liste des esp\u00e8ces v\u00e9g\u00e9tales prot\u00e9g\u00e9es en r\u00e9gion Midi-Pyr\u00e9n\u00e9es Article 1 (2004)<\/p>\n<p><span style=\"text-decoration: underline;\">Description dans la flore de Coste :<\/span><br \/>\nPlante vivace, velue, \u00e0 odeur poivr\u00e9e d\u00e9sagr\u00e9able. Souche et tiges longuement rampantes et radicantes dans la liti\u00e8re foresti\u00e8re, \u00e9mettant des rameaux tr\u00e8s courts, dress\u00e9s, \u00e9cailleux, portant 1 \u00e0 2 paires de feuilles orbiculaires en rein longuement p\u00e9tiol\u00e9es, et au sommet une fleur noir\u00e2tre, velue, courtement p\u00e9doncul\u00e9e. P\u00e9rianthe en cloche, \u00e0 3 lobes \u00e9gales ovales-cuspid\u00e9s. 12 \u00e9tamines, \u00e0 filets libres et courts. Capsule subglobuleuse, couronn\u00e9e par le p\u00e9rianthe persistant, s&rsquo;ouvrant irr\u00e9guli\u00e8rement, \u00e0 graines ovo\u00efdes creuses en dedans.<\/p>\n<p><span style=\"text-decoration: underline;\">Usages \/ particularit\u00e9s :<\/span><br \/>\nCette plante m\u00e9dicinale est toxique.<\/p>\n<div id=\"attachment_2627\" style=\"width: 650px\" class=\"wp-caption aligncenter\"><a href=\"https:\/\/www.preservons-la-nature.fr\/blog\/wp-content\/uploads\/2014\/02\/DSC09249.jpg\"><img loading=\"lazy\" decoding=\"async\" aria-describedby=\"caption-attachment-2627\" class=\" wp-image-2627 \" title=\"Asarum europaeum L. ( Asaret d'Europe )\" alt=\"Asarum europaeum L. ( Asaret d'Europe )\" src=\"https:\/\/www.preservons-la-nature.fr\/blog\/wp-content\/uploads\/2014\/02\/DSC09249.jpg\" width=\"640\" height=\"426\" srcset=\"https:\/\/preservons-la-nature.fr\/blog\/wp-content\/uploads\/2014\/02\/DSC09249.jpg 800w, https:\/\/preservons-la-nature.fr\/blog\/wp-content\/uploads\/2014\/02\/DSC09249-300x199.jpg 300w\" sizes=\"auto, (max-width: 640px) 100vw, 640px\" \/><\/a><p id=\"caption-attachment-2627\" class=\"wp-caption-text\">Asarum europaeum L. ( Asaret d&rsquo;Europe )<\/p><\/div>\n<p><span style=\"text-decoration: underline;\">R\u00e9partition fran\u00e7aise :<\/span><br \/>\nL&rsquo;esp\u00e8ce est relativement fr\u00e9quente dans l&rsquo;Est de la France. On la retrouve au Sud du Massif central et dans le Bas Dauphin\u00e9. Provost la signale en Basse-Normandie.<\/p>\n<p><span style=\"text-decoration: underline;\">Pr\u00e9sent dans le(s) d\u00e9partement(s) suivant(s) :<\/span><br \/>\nAin, Aisne, Alpes-de-Haute-Provence, Alpes-Maritimes, Ard\u00e8che, Aube, Aveyron, Bas-Rhin, Calvados, Cantal, C\u00f4te-d&rsquo;Or, Doubs, Dr\u00f4me, Essonne, Eure-et-Loir, Haute-Loire, Haute-Marne, Hautes-Alpes, Haute-Sa\u00f4ne, Haute-Savoie, Haut-Rhin, Is\u00e8re, Jura, Loire, Lot, Loz\u00e8re, Marne, Meurthe-et-Moselle, Meuse, Moselle, Ni\u00e8vre, Orne, Sa\u00f4ne-et-Loire, Savoie, Seine-et-Marne, Territoire-de-Belfort, Val-d&rsquo;Oise, Vosges, Yonne.<br \/>\n<div id=\"attachment_2630\" style=\"width: 610px\" class=\"wp-caption aligncenter\"><a href=\"https:\/\/www.preservons-la-nature.fr\/blog\/?attachment_id=2630\" rel=\"attachment wp-att-2630\"><img loading=\"lazy\" decoding=\"async\" aria-describedby=\"caption-attachment-2630\" src=\"https:\/\/www.preservons-la-nature.fr\/blog\/wp-content\/uploads\/2014\/02\/carte1.jpg\" alt=\"Asarum europaeum L. ( Asaret d&#039;Europe )\" width=\"600\" height=\"600\" class=\"size-full wp-image-2630\" srcset=\"https:\/\/preservons-la-nature.fr\/blog\/wp-content\/uploads\/2014\/02\/carte1.jpg 600w, https:\/\/preservons-la-nature.fr\/blog\/wp-content\/uploads\/2014\/02\/carte1-150x150.jpg 150w, https:\/\/preservons-la-nature.fr\/blog\/wp-content\/uploads\/2014\/02\/carte1-300x300.jpg 300w\" sizes=\"auto, (max-width: 600px) 100vw, 600px\" \/><\/a><p id=\"caption-attachment-2630\" class=\"wp-caption-text\">Asarum europaeum L. ( Asaret d&rsquo;Europe )<\/p><\/div><br \/>\n<span style=\"text-decoration: underline;\">Ecologie :<\/span><br \/>\nL&rsquo;esp\u00e8ce appr\u00e9cie les terrains neutres \u00e0 calcaires. Elle est tr\u00e8s souvent en situation ombrag\u00e9e et froide. On la retrouve donc dans les sous-bois et les lisi\u00e8res des boisements frais tels que les fr\u00eanaies, h\u00eatraies, sapini\u00e8res.<\/p>\n<p><span style=\"text-decoration: underline;\">Phytosociologie :<\/span><i><\/i><\/p>\n<table>\n<tbody>\n<tr>\n<td>Alliance<\/td>\n<td>Sous-ordre<\/td>\n<td>Ordre<\/td>\n<td>Classe<\/td>\n<\/tr>\n<tr>\n<td><strong>Alnion incanae<\/strong><\/td>\n<td><strong>Alno glutinosae-Ulmenalia minoris<\/strong><\/td>\n<td><strong>Populetalia albae<\/strong><\/td>\n<td><strong>Querco roboris-Fagetea sylvaticae<\/strong><\/td>\n<\/tr>\n<tr>\n<td><\/td>\n<td>Communaut\u00e9s de l&rsquo;Europe temp\u00e9r\u00e9e.<\/td>\n<td>Communaut\u00e9s riveraines non mar\u00e9cageuses.<\/td>\n<td>For\u00eats temp\u00e9r\u00e9es caducifoli\u00e9es ou mixtes, collin\u00e9ennes et montagnardes (plus rarement subalpines), ainsi que supram\u00e9diterran\u00e9ennes.<\/td>\n<\/tr>\n<\/tbody>\n<\/table>\n<table>\n<tbody>\n<tr>\n<td>Alliance<\/td>\n<td>Sous-ordre<\/td>\n<td>Ordre<\/td>\n<td>Classe<\/td>\n<\/tr>\n<tr>\n<td><strong>Carpinion betuli<\/strong><\/td>\n<td><strong>Carpino betuli-Fagenalia sylvaticae<\/strong><\/td>\n<td><strong>Fagetalia sylvaticae<\/strong><\/td>\n<td><strong>Querco roboris-Fagetea sylvaticae<\/strong><\/td>\n<\/tr>\n<tr>\n<td>Communaut\u00e9s sur sols plus ressuy\u00e9s mais sans d\u00e9ficit hydrique marqu\u00e9.<\/td>\n<td>Communaut\u00e9s planitiaires \u00e0 collin\u00e9ennes m\u00e9sohygroclines \u00e0 x\u00e9roclines, acidiclines \u00e0 calcicoles.<\/td>\n<td>Communaut\u00e9s collin\u00e9ennes et montagnardes, acidiclines \u00e0 calcicoles, non thermophiles.<\/td>\n<td>For\u00eats temp\u00e9r\u00e9es caducifoli\u00e9es ou mixtes, collin\u00e9ennes et montagnardes (plus rarement subalpines), ainsi que supram\u00e9diterran\u00e9ennes.<\/td>\n<\/tr>\n<\/tbody>\n<\/table>\n<table>\n<tbody>\n<tr>\n<td>Alliance<\/td>\n<td>Sous-ordre<\/td>\n<td>Ordre<\/td>\n<td>Classe<\/td>\n<\/tr>\n<tr>\n<td><strong>Cephalanthero rubrae-Fagion sylvaticae<\/strong><\/td>\n<td><strong>Cephalanthero rubrae-Fagenalia sylvaticae<\/strong><\/td>\n<td><strong>Fagetalia sylvaticae<\/strong><\/td>\n<td><strong>Querco roboris-Fagetea sylvaticae<\/strong><\/td>\n<\/tr>\n<tr>\n<td>Communaut\u00e9s m\u00e9sox\u00e9rophiles \u00e0 x\u00e9roclines.<\/td>\n<td>Communaut\u00e9s collin\u00e9ennes et montagnardes, (thermo) x\u00e9ro-, m\u00e9sox\u00e9rophiles, calcaricoles \u00e0 calcicoles.<\/td>\n<td>Communaut\u00e9s collin\u00e9ennes et montagnardes, acidiclines \u00e0 calcicoles, non thermophiles.<\/td>\n<td>For\u00eats temp\u00e9r\u00e9es caducifoli\u00e9es ou mixtes, collin\u00e9ennes et montagnardes (plus rarement subalpines), ainsi que supram\u00e9diterran\u00e9ennes.<\/td>\n<\/tr>\n<\/tbody>\n<\/table>\n<table>\n<tbody>\n<tr>\n<td>Alliance<\/td>\n<td>Sous-ordre<\/td>\n<td>Ordre<\/td>\n<td>Classe<\/td>\n<\/tr>\n<tr>\n<td><strong>Fagion sylvaticae<\/strong><\/td>\n<td><strong>Fagenalia sylvaticae<\/strong><\/td>\n<td><strong>Fagetalia sylvaticae<\/strong><\/td>\n<td><strong>Querco roboris-Fagetea sylvaticae<\/strong><\/td>\n<\/tr>\n<tr>\n<td>Communaut\u00e9s surtout montagnardes, acidiclines \u00e0 calcicoles.<\/td>\n<td>Communaut\u00e9s le plus souvent mixtes, montagnardes, plus rarement collin\u00e9ennes ou subalpines.<\/td>\n<td>Communaut\u00e9s collin\u00e9ennes et montagnardes, acidiclines \u00e0 calcicoles, non thermophiles.<\/td>\n<td>For\u00eats temp\u00e9r\u00e9es caducifoli\u00e9es ou mixtes, collin\u00e9ennes et montagnardes (plus rarement subalpines), ainsi que supram\u00e9diterran\u00e9ennes.<\/td>\n<\/tr>\n<\/tbody>\n<\/table>\n<table>\n<tbody>\n<tr>\n<td>Alliance<\/td>\n<td>Sous-ordre<\/td>\n<td>Ordre<\/td>\n<td>Classe<\/td>\n<\/tr>\n<tr>\n<td><strong>Fraxino excelsioris-Quercion roboris<\/strong><\/td>\n<td><strong>Carpino betuli-Fagenalia sylvaticae<\/strong><\/td>\n<td><strong>Fagetalia sylvaticae<\/strong><\/td>\n<td><strong>Querco roboris-Fagetea sylvaticae<\/strong><\/td>\n<\/tr>\n<tr>\n<td>Communaut\u00e9s des sols \u00e0 bonne r\u00e9serve hydrique.<\/td>\n<td>Communaut\u00e9s planitiaires \u00e0 collin\u00e9ennes m\u00e9sohygroclines \u00e0 x\u00e9roclines, acidiclines \u00e0 calcicoles.<\/td>\n<td>Communaut\u00e9s collin\u00e9ennes et montagnardes, acidiclines \u00e0 calcicoles, non thermophiles.<\/td>\n<td>For\u00eats temp\u00e9r\u00e9es caducifoli\u00e9es ou mixtes, collin\u00e9ennes et montagnardes (plus rarement subalpines), ainsi que supram\u00e9diterran\u00e9ennes.<\/td>\n<\/tr>\n<\/tbody>\n<\/table>\n<div id=\"attachment_2628\" style=\"width: 650px\" class=\"wp-caption aligncenter\"><a href=\"https:\/\/www.preservons-la-nature.fr\/blog\/wp-content\/uploads\/2014\/02\/DSC09259.jpg\"><img loading=\"lazy\" decoding=\"async\" aria-describedby=\"caption-attachment-2628\" class=\"size-full wp-image-2628\" title=\"Asarum europaeum L. ( Asaret d'Europe )\" alt=\"Asarum europaeum L. ( Asaret d'Europe )\" src=\"https:\/\/www.preservons-la-nature.fr\/blog\/wp-content\/uploads\/2014\/02\/DSC09259.jpg\" width=\"640\" height=\"426\" srcset=\"https:\/\/preservons-la-nature.fr\/blog\/wp-content\/uploads\/2014\/02\/DSC09259.jpg 800w, https:\/\/preservons-la-nature.fr\/blog\/wp-content\/uploads\/2014\/02\/DSC09259-300x199.jpg 300w\" sizes=\"auto, (max-width: 640px) 100vw, 640px\" \/><\/a><p id=\"caption-attachment-2628\" class=\"wp-caption-text\">Asarum europaeum L. ( Asaret d&rsquo;Europe )<\/p><\/div>\n<p><span style=\"text-decoration: underline;\">Taxonomie :<\/span><br \/>\n<i>Asarum europaeum L.<\/i> a pour synonymes (Informations issues de la BDTFX Version 2.0, <a href=\"http:\/\/www.tela-botanica.org\" target=\"_blank\">Tela Botanica<\/a>) :<i><br \/>\n&#8211; Asarum lucidum Salisb.<br \/>\n&#8211; Asarum officinale Moench<br \/>\n&#8211; Asarum renifolium Stokes<br \/>\n&#8211; Asarum rotundifolium St.-Lag.<br \/>\n<\/i><br \/>\n<span style=\"text-decoration: underline;\">Sous-esp\u00e8ces ou vari\u00e9t\u00e9s :<\/span><br \/>\n<i>&#8211; Asarum europaeum L. subsp. europaeum<br \/>\n&#8211; Asarum europaeum subsp. caucasicum (Duch.) So\u00f3<br \/>\n<\/i><\/p>\n","protected":false},"excerpt":{"rendered":"<p>Une fiche plus r&eacute;cente existe, vous pouvez la consulter ICI Nom : Asarum europaeum L. ( Asaret d&rsquo;Europe ) Autre(s) nom(s) : Asaret, Asarum d&rsquo;Europe, Cabaret. Famille : ARISTOLOCHIACEAE Floraison : Mars &#8211; Mai Forme biologique : H\u00e9micryptophyte. Protection : &hellip; <a href=\"https:\/\/preservons-la-nature.fr\/blog\/?p=2626\">Continuer la lecture <span class=\"meta-nav\">&rarr;<\/span><\/a><\/p>\n","protected":false},"author":1,"featured_media":0,"comment_status":"open","ping_status":"open","sticky":false,"template":"","format":"standard","meta":{"footnotes":""},"categories":[102],"tags":[104],"class_list":["post-2626","post","type-post","status-publish","format-standard","hentry","category-fiche-partielle-de-plantes","tag-aristolochiacees"],"_links":{"self":[{"href":"https:\/\/preservons-la-nature.fr\/blog\/index.php?rest_route=\/wp\/v2\/posts\/2626","targetHints":{"allow":["GET"]}}],"collection":[{"href":"https:\/\/preservons-la-nature.fr\/blog\/index.php?rest_route=\/wp\/v2\/posts"}],"about":[{"href":"https:\/\/preservons-la-nature.fr\/blog\/index.php?rest_route=\/wp\/v2\/types\/post"}],"author":[{"embeddable":true,"href":"https:\/\/preservons-la-nature.fr\/blog\/index.php?rest_route=\/wp\/v2\/users\/1"}],"replies":[{"embeddable":true,"href":"https:\/\/preservons-la-nature.fr\/blog\/index.php?rest_route=%2Fwp%2Fv2%2Fcomments&post=2626"}],"version-history":[{"count":2,"href":"https:\/\/preservons-la-nature.fr\/blog\/index.php?rest_route=\/wp\/v2\/posts\/2626\/revisions"}],"predecessor-version":[{"id":2632,"href":"https:\/\/preservons-la-nature.fr\/blog\/index.php?rest_route=\/wp\/v2\/posts\/2626\/revisions\/2632"}],"wp:attachment":[{"href":"https:\/\/preservons-la-nature.fr\/blog\/index.php?rest_route=%2Fwp%2Fv2%2Fmedia&parent=2626"}],"wp:term":[{"taxonomy":"category","embeddable":true,"href":"https:\/\/preservons-la-nature.fr\/blog\/index.php?rest_route=%2Fwp%2Fv2%2Fcategories&post=2626"},{"taxonomy":"post_tag","embeddable":true,"href":"https:\/\/preservons-la-nature.fr\/blog\/index.php?rest_route=%2Fwp%2Fv2%2Ftags&post=2626"}],"curies":[{"name":"wp","href":"https:\/\/api.w.org\/{rel}","templated":true}]}}