{"id":2616,"date":"2014-02-23T00:29:35","date_gmt":"2014-02-22T23:29:35","guid":{"rendered":"https:\/\/www.preservons-la-nature.fr\/blog\/?p=2616"},"modified":"2014-02-11T13:32:20","modified_gmt":"2014-02-11T12:32:20","slug":"trinia-glauca-l-dumort-trinie-glauque","status":"publish","type":"post","link":"https:\/\/preservons-la-nature.fr\/blog\/?p=2616","title":{"rendered":"Trinia glauca (L.) Dumort. ( Trinie glauque )"},"content":{"rendered":"<p><STRONG>Une fiche plus r&eacute;cente existe, vous pouvez la consulter <a href=\"https:\/\/www.preservons-la-nature.fr\/flore\/taxon\/1388.html\">ICI<\/a><\/STRONG><div id=\"attachment_2618\" style=\"width: 650px\" class=\"wp-caption aligncenter\"><a href=\"https:\/\/www.preservons-la-nature.fr\/blog\/wp-content\/uploads\/2014\/02\/DSC6888.jpg\"><img loading=\"lazy\" decoding=\"async\" aria-describedby=\"caption-attachment-2618\" class=\"size-full wp-image-2618\" title=\"Trinia glauca (L.) Dumort. ( Trinie glauque )\" alt=\"Trinia glauca (L.) Dumort. ( Trinie glauque )\" src=\"https:\/\/www.preservons-la-nature.fr\/blog\/wp-content\/uploads\/2014\/02\/DSC6888.jpg\" width=\"640\" height=\"426\" srcset=\"https:\/\/preservons-la-nature.fr\/blog\/wp-content\/uploads\/2014\/02\/DSC6888.jpg 800w, https:\/\/preservons-la-nature.fr\/blog\/wp-content\/uploads\/2014\/02\/DSC6888-300x199.jpg 300w\" sizes=\"auto, (max-width: 640px) 100vw, 640px\" \/><\/a><p id=\"caption-attachment-2618\" class=\"wp-caption-text\">Trinia glauca (L.) Dumort. ( Trinie glauque )<\/p><\/div><br \/>\n<span style=\"text-decoration: underline;\">Nom :<\/span> <i>Trinia glauca (L.) Dumort.<\/i> ( Trinie glauque )<\/p>\n<p><span style=\"text-decoration: underline;\">Autre(s) nom(s) :<\/span><br \/>\nTrinia vulgaire, Trinie commune.<\/p>\n<p><span style=\"text-decoration: underline;\">Famille :<\/span> APIACEAE<\/p>\n<p><span style=\"text-decoration: underline;\">Floraison :<\/span> Mai &#8211; Juillet<\/p>\n<p><span style=\"text-decoration: underline;\">Forme biologique :<\/span><br \/>\nH\u00e9micryptophyte.<\/p>\n<p><span style=\"text-decoration: underline;\">Protection :<\/span><br \/>\n&#8211; Liste des esp\u00e8ces v\u00e9g\u00e9tales prot\u00e9g\u00e9es en r\u00e9gion Franche-Comt\u00e9 Article 1 (1992)<br \/>\n&#8211; Liste des esp\u00e8ces v\u00e9g\u00e9tales prot\u00e9g\u00e9es en r\u00e9gion \u00cele-de-France Article 1 (1991)<\/p>\n<p><span style=\"text-decoration: underline;\">Description dans la flore de Coste :<\/span><br \/>\nPlante vivace, haute de 10 \u00e0 30 cm. Tige anguleuse et sinueuse, tr\u00e8s ramifi\u00e9e d\u00e8s la base ; port pyramidal. Feuilles finement d\u00e9coup\u00e9es, en lobes tr\u00e8s \u00e9troits lin\u00e9aires, d&rsquo;un vert bleut\u00e9 caract\u00e9ristique. Fleurs blanches, petites, \u00e0 p\u00e9tales entiers, r\u00e9unies en de nombreuses petites ombelles pr\u00e9sentant chacune quatre \u00e0 huit rayons in\u00e9gaux et peu fournis.<\/p>\n<p><span style=\"text-decoration: underline;\">Usages \/ particularit\u00e9s :<\/span><br \/>\nElle peut \u00eatre confondu \u00e0 l&rsquo;\u00e9tat v\u00e9g\u00e9tatif avec Seseli montanum.<br \/>\n<div id=\"attachment_2617\" style=\"width: 650px\" class=\"wp-caption aligncenter\"><a href=\"https:\/\/www.preservons-la-nature.fr\/blog\/wp-content\/uploads\/2014\/02\/DSC6886.jpg\"><img loading=\"lazy\" decoding=\"async\" aria-describedby=\"caption-attachment-2617\" class=\" wp-image-2617 \" title=\"Trinia glauca (L.) Dumort. ( Trinie glauque )\" alt=\"Trinia glauca (L.) Dumort. ( Trinie glauque )\" src=\"https:\/\/www.preservons-la-nature.fr\/blog\/wp-content\/uploads\/2014\/02\/DSC6886.jpg\" width=\"640\" height=\"426\" srcset=\"https:\/\/preservons-la-nature.fr\/blog\/wp-content\/uploads\/2014\/02\/DSC6886.jpg 800w, https:\/\/preservons-la-nature.fr\/blog\/wp-content\/uploads\/2014\/02\/DSC6886-300x199.jpg 300w\" sizes=\"auto, (max-width: 640px) 100vw, 640px\" \/><\/a><p id=\"caption-attachment-2617\" class=\"wp-caption-text\">Trinia glauca (L.) Dumort. ( Trinie glauque )<\/p><\/div><br \/>\n<span style=\"text-decoration: underline;\">R\u00e9partition fran\u00e7aise :<\/span><br \/>\nL&rsquo;esp\u00e8ce se retrouve dans les Alpes, la r\u00e9gion m\u00e9diterran\u00e9enne (sauf la Corse) et les Pyr\u00e9n\u00e9es. Ailleurs, elle est plus localis\u00e9 en particulier en Alsace, dans le Centre, l&rsquo;Ile de France, le Poitou-Charentes.<\/p>\n<p><span style=\"text-decoration: underline;\">Pr\u00e9sent dans le(s) d\u00e9partement(s) suivant(s) :<\/span><br \/>\nAin, Alpes-de-Haute-Provence, Alpes-Maritimes, Ard\u00e8che, Aube, Aveyron, Bouches-du-Rh\u00f4ne, Cantal, Charente, Charente-Maritime, Cher, Corr\u00e8ze, C\u00f4te-d&rsquo;Or, Deux-S\u00e8vres, Doubs, Dr\u00f4me, Essonne, Eure, Gard, Haute-Loire, Haute-Marne, Hautes-Alpes, Haute-Savoie, Haut-Rhin, H\u00e9rault, Indre, Indre-et-Loire, Is\u00e8re, Jura, Loiret, Lot, Puy-de-D\u00f4me, Pyr\u00e9n\u00e9es-Atlantiques, Rh\u00f4ne, Sa\u00f4ne-et-Loire, Savoie, Seine-et-Marne, Tarn-et-Garonne, Var, Vaucluse, Vienne, Yonne.<\/p>\n<p><span style=\"text-decoration: underline;\">Ecologie :<\/span><br \/>\nL&rsquo;esp\u00e8ce affectionne les terrains secs et chauds sur des sols pauvres, en situation de pleine lumi\u00e8re. On la retrouve sur les pelouses s\u00e8ches ou des pentes bien expos\u00e9es.<\/p>\n<p><span style=\"text-decoration: underline;\">Phytosociologie :<\/span><i><\/i><\/p>\n<table>\n<tbody>\n<tr>\n<td>Alliance<\/td>\n<td>Ordre<\/td>\n<td>Classe<\/td>\n<\/tr>\n<tr>\n<td><strong>Lavandulo angustifoliae-Genistion cinereae<\/strong><\/td>\n<td><strong>Ononidetalia striatae<\/strong><\/td>\n<td><strong>Festuco valesiacae-Brometea erecti<\/strong><\/td>\n<\/tr>\n<tr>\n<td>Communaut\u00e9s de garrigues et de landes supra- \u00e0 orom\u00e9diterran\u00e9ennes des Alpes m\u00e9ridionales et de Provence.<\/td>\n<td>Communaut\u00e9s x\u00e9rophiles \u00e0 m\u00e9sox\u00e9rophiles, subm\u00e9diterran\u00e9ennes, et supra- \u00e0 orom\u00e9diterran\u00e9ennes.<\/td>\n<td>Pelouses \u00e0 dominance d\u2019h\u00e9micryptophytes, parfois landines et garrigues sous climat subm\u00e9diterran\u00e9en, x\u00e9rophiles \u00e0 m\u00e9sox\u00e9rophiles, collin\u00e9ennes \u00e0 montagnardes, europ\u00e9ennes et ouest-sib\u00e9riennes, surtout sur substrats carbonat\u00e9s ou basiques.<\/td>\n<\/tr>\n<\/tbody>\n<\/table>\n<table>\n<tbody>\n<tr>\n<td>Alliance<\/td>\n<td>Ordre<\/td>\n<td>Classe<\/td>\n<\/tr>\n<tr>\n<td><strong>Seslerion caeruleae<\/strong><\/td>\n<td><strong>Seslerietalia caeruleae<\/strong><\/td>\n<td><strong>Festuco-Seslerietea caeruleae<\/strong><\/td>\n<\/tr>\n<tr>\n<td>Communaut\u00e9s m\u00e9so-x\u00e9rophiles du Jura et des Alpes.<\/td>\n<td>Communaut\u00e9s montagnardes, subalpines et alpines des massifs europ\u00e9ens.<\/td>\n<td>Pelouses calcicoles nordiques et orophiles.<\/td>\n<\/tr>\n<\/tbody>\n<\/table>\n<table>\n<tbody>\n<tr>\n<td>Alliance<\/td>\n<td>Ordre<\/td>\n<td>Classe<\/td>\n<\/tr>\n<tr>\n<td><strong>Stipo capillatae-Poion carniolicae<\/strong><\/td>\n<td><strong>Festucetalia valesiacae<\/strong><\/td>\n<td><strong>Festuco valesiacae-Brometea erecti<\/strong><\/td>\n<\/tr>\n<tr>\n<td>Communaut\u00e9s ouest-alpines, des vall\u00e9es internes \u00e0 climat continental (Maurienne, Tarentaise, Durance).<\/td>\n<td>Communaut\u00e9s m\u00e9dioeurop\u00e9ennes \u00e0 est-europ\u00e9ennes.<\/td>\n<td>Pelouses \u00e0 dominance d\u2019h\u00e9micryptophytes, parfois landines et garrigues sous climat subm\u00e9diterran\u00e9en, x\u00e9rophiles \u00e0 m\u00e9sox\u00e9rophiles, collin\u00e9ennes \u00e0 montagnardes, europ\u00e9ennes et ouest-sib\u00e9riennes, surtout sur substrats carbonat\u00e9s ou basiques.<\/td>\n<\/tr>\n<\/tbody>\n<\/table>\n<table>\n<tbody>\n<tr>\n<td>Sous-alliance<\/td>\n<td>Alliance<\/td>\n<td>Ordre<\/td>\n<td>Classe<\/td>\n<\/tr>\n<tr>\n<td><strong>Teucrio montani-Mesobromenion erecti<\/strong><\/td>\n<td><strong>Mesobromion erecti<\/strong><\/td>\n<td><strong>Brometalia erecti<\/strong><\/td>\n<td><strong>Festuco valesiacae-Brometea erecti<\/strong><\/td>\n<\/tr>\n<tr>\n<td>Communaut\u00e9s x\u00e9roclines.<\/td>\n<td>Communaut\u00e9s subatlantiques \u00e0 atlantiques, m\u00e9sox\u00e9rophiles \u00e0 x\u00e9rophiles.<\/td>\n<td>Communaut\u00e9s atlantiques \u00e0 subatlantiques.<\/td>\n<td>Pelouses \u00e0 dominance d\u2019h\u00e9micryptophytes, parfois landines et garrigues sous climat subm\u00e9diterran\u00e9en, x\u00e9rophiles \u00e0 m\u00e9sox\u00e9rophiles, collin\u00e9ennes \u00e0 montagnardes, europ\u00e9ennes et ouest-sib\u00e9riennes, surtout sur substrats carbonat\u00e9s ou basiques.<\/td>\n<\/tr>\n<\/tbody>\n<\/table>\n<table>\n<tbody>\n<tr>\n<td>Alliance<\/td>\n<td>Ordre<\/td>\n<td>Classe<\/td>\n<\/tr>\n<tr>\n<td><strong>Xerobromion erecti<\/strong><\/td>\n<td><strong>Brometalia erecti<\/strong><\/td>\n<td><strong>Festuco valesiacae-Brometea erecti<\/strong><\/td>\n<\/tr>\n<tr>\n<td>Communaut\u00e9s x\u00e9rophiles plus ou moins ouvertes, de caract\u00e8re subm\u00e9diterran\u00e9en.<\/td>\n<td>Communaut\u00e9s atlantiques \u00e0 subatlantiques.<\/td>\n<td>Pelouses \u00e0 dominance d\u2019h\u00e9micryptophytes, parfois landines et garrigues sous climat subm\u00e9diterran\u00e9en, x\u00e9rophiles \u00e0 m\u00e9sox\u00e9rophiles, collin\u00e9ennes \u00e0 montagnardes, europ\u00e9ennes et ouest-sib\u00e9riennes, surtout sur substrats carbonat\u00e9s ou basiques.<\/td>\n<\/tr>\n<\/tbody>\n<\/table>\n<p><span style=\"text-decoration: underline;\">Taxonomie :<\/span><br \/>\n<i>Trinia glauca (L.) Dumort.<\/i> a pour synonymes (Informations issues de la BDTFX Version 2.0, <a href=\"http:\/\/www.tela-botanica.org\" target=\"_blank\">Tela Botanica<\/a>) :<i><br \/>\n&#8211; Apinella glauca (L.) Caruel<br \/>\n&#8211; Apinella pumila (L.) Raf.<br \/>\n&#8211; Apium glaucum Crantz<br \/>\n&#8211; Apium pumilum Crantz<br \/>\n&#8211; Cicutaria dioica (L.) Moench<br \/>\n&#8211; Cnidium tenuifolium Moench<br \/>\n&#8211; Lacis vulgaris (DC.) Dulac<br \/>\n&#8211; Pastinaca glauca (L.) Scop.<br \/>\n&#8211; Peucedanum minus Huds.<br \/>\n&#8211; Pimpinella dioica L.<br \/>\n&#8211; Pimpinella glauca L.<br \/>\n&#8211; Pimpinella pumila Jacq.<br \/>\n&#8211; Pteroselinum glaucum (L.) Rchb.<br \/>\n&#8211; Selinum trinia E.H.L.Krause<br \/>\n&#8211; Seseli dioicum (L.) Vill.<br \/>\n&#8211; Seseli glaucum Lam.<br \/>\n&#8211; Seseli proliferum Brocchi<br \/>\n&#8211; Seseli pumilum L.<br \/>\n&#8211; Tragoselinum pumilum (L.) Lam.<br \/>\n&#8211; Trinia carniolica A.Kern. ex Janch.<br \/>\n&#8211; Trinia dioica (L.) Fourr.<br \/>\n&#8211; Trinia dufourii DC.<br \/>\n&#8211; Trinia glaberrima Hoffm.<br \/>\n&#8211; Trinia glaberrima var. platycarpa Rouy &amp; E.G.Camus<br \/>\n&#8211; Trinia glaberrima var. stenocarpa Rouy &amp; E.G.Camus<br \/>\n&#8211; Trinia jacquini Endl.<br \/>\n&#8211; Trinia pumila (L.) Rchb.<br \/>\n&#8211; Trinia vulgaris DC.<br \/>\n&#8211; Trinia vulgaris subsp. pumila (L.) Nyman<br \/>\n<\/i><br \/>\n<span style=\"text-decoration: underline;\">Sous-esp\u00e8ces ou vari\u00e9t\u00e9s :<\/span><br \/>\n<i>&#8211; Trinia glauca (L.) Dumort. subsp. glauca<br \/>\n&#8211; Trinia glauca subsp. carniolica (Janch.) H.Wolff<br \/>\n&#8211; Trinia glauca subsp. pindica Hartvig<br \/>\n<\/i><\/p>\n","protected":false},"excerpt":{"rendered":"<p>Une fiche plus r&eacute;cente existe, vous pouvez la consulter ICI Nom : Trinia glauca (L.) Dumort. ( Trinie glauque ) Autre(s) nom(s) : Trinia vulgaire, Trinie commune. Famille : APIACEAE Floraison : Mai &#8211; Juillet Forme biologique : H\u00e9micryptophyte. Protection &hellip; <a href=\"https:\/\/preservons-la-nature.fr\/blog\/?p=2616\">Continuer la lecture <span class=\"meta-nav\">&rarr;<\/span><\/a><\/p>\n","protected":false},"author":1,"featured_media":0,"comment_status":"open","ping_status":"open","sticky":false,"template":"","format":"standard","meta":{"footnotes":""},"categories":[102],"tags":[58],"class_list":["post-2616","post","type-post","status-publish","format-standard","hentry","category-fiche-partielle-de-plantes","tag-apiacees"],"_links":{"self":[{"href":"https:\/\/preservons-la-nature.fr\/blog\/index.php?rest_route=\/wp\/v2\/posts\/2616","targetHints":{"allow":["GET"]}}],"collection":[{"href":"https:\/\/preservons-la-nature.fr\/blog\/index.php?rest_route=\/wp\/v2\/posts"}],"about":[{"href":"https:\/\/preservons-la-nature.fr\/blog\/index.php?rest_route=\/wp\/v2\/types\/post"}],"author":[{"embeddable":true,"href":"https:\/\/preservons-la-nature.fr\/blog\/index.php?rest_route=\/wp\/v2\/users\/1"}],"replies":[{"embeddable":true,"href":"https:\/\/preservons-la-nature.fr\/blog\/index.php?rest_route=%2Fwp%2Fv2%2Fcomments&post=2616"}],"version-history":[{"count":2,"href":"https:\/\/preservons-la-nature.fr\/blog\/index.php?rest_route=\/wp\/v2\/posts\/2616\/revisions"}],"predecessor-version":[{"id":2620,"href":"https:\/\/preservons-la-nature.fr\/blog\/index.php?rest_route=\/wp\/v2\/posts\/2616\/revisions\/2620"}],"wp:attachment":[{"href":"https:\/\/preservons-la-nature.fr\/blog\/index.php?rest_route=%2Fwp%2Fv2%2Fmedia&parent=2616"}],"wp:term":[{"taxonomy":"category","embeddable":true,"href":"https:\/\/preservons-la-nature.fr\/blog\/index.php?rest_route=%2Fwp%2Fv2%2Fcategories&post=2616"},{"taxonomy":"post_tag","embeddable":true,"href":"https:\/\/preservons-la-nature.fr\/blog\/index.php?rest_route=%2Fwp%2Fv2%2Ftags&post=2616"}],"curies":[{"name":"wp","href":"https:\/\/api.w.org\/{rel}","templated":true}]}}